

{"id":592,"date":"2024-12-08T20:27:36","date_gmt":"2024-12-08T19:27:36","guid":{"rendered":"https:\/\/pracownieorange.pl\/zulawkasztumska\/?post_type=news&#038;p=592"},"modified":"2024-12-09T04:51:15","modified_gmt":"2024-12-09T03:51:15","slug":"gesina-na-sw-marcina-w-patriotycznej-atmosferze-dnia-niepodleglosci","status":"publish","type":"news","link":"https:\/\/pracownieorange.pl\/zulawkasztumska\/news\/gesina-na-sw-marcina-w-patriotycznej-atmosferze-dnia-niepodleglosci\/","title":{"rendered":"G\u0119sina na \u015bw. Marcina w patriotycznej atmosferze Dnia Niepodleg\u0142o\u015bci"},"content":{"rendered":"<p>9 listopada Pracownia Orange przygotowa\u0142a wspania\u0142e obchody Dnia Niepodleg\u0142o\u015bci pt. &#8222;G\u0119sina na \u015bw. Marcina w patriotycznej atmosferze Dnia Niepodleg\u0142o\u015bci&#8221;.<\/p>\n<p>Nasza nieformalna grupa dzia\u0142ania postanowi\u0142a przerodzi\u0107 si\u0119 w Fundacje Kwiat Powi\u015bla by m\u00f3c w spos\u00f3b jeszcze bardziej skuteczny dzia\u0142a\u0107 na rzecz lokalnej spo\u0142eczno\u015bci. Dzi\u0119ki tej inicjatywie mogli\u015bmy przyst\u0105pi\u0107 do projektu &#8222;Dzia\u0142aj lokalnie&#8221; i przygotowa\u0107 wspania\u0142e wy\u017cej wspomniane wydarzenie. Ca\u0142e przygotowania trwa\u0142y w Pracowni Orange.<\/p>\n<p>Przeprowadzono warsztaty muzyczno-artystyczne, gdzie przygotowywali\u015bmy dzieci do wyst\u0119pu patriotycznego oraz inscenizacji legendy o \u015bw. Marcinie. Odby\u0142y si\u0119 tak\u017ce warsztaty plastyczne dla dzieci, kt\u00f3re przygotowywa\u0142y lampiony, kotyliony oraz flagi. Pozosta\u0142e prace r\u00f3wnie\u017c przygotowywane by\u0142y w Pracowni razem z nasz\u0105 nowo wybran\u0105 Pani\u0105 So\u0142tys i dzi\u0119ki temu powsta\u0142y niezwyk\u0142e patriotyczne i &#8222;g\u0119sie&#8221; dekoracje.<\/p>\n<p>W ramach tego projektu odby\u0142y si\u0119 r\u00f3wnie\u017c warsztaty kulinarne dla kobiet, kt\u00f3re mog\u0142y przyjrze\u0107 si\u0119 sposobie przyrz\u0105dzania g\u0119siny. Ca\u0142a biesiada odby\u0142a si\u0119 na naszej du\u017cej \u015bwietlicy wiejskich poniewa\u017c w Pracowni nie zmie\u015bciliby si\u0119 wszyscy ch\u0119tni do udzia\u0142u w wydarzeniu mieszka\u0144cy. Sala przygotowana by\u0142a na 130 os\u00f3b i jak wida\u0107 na fotografiach by\u0142a wype\u0142niona po brzegi! Z czego bardzo si\u0119 cieszymy i jeste\u015bmy mega dumni.<\/p>\n<p>Dzieciaczki\u00a0 w wiek od 5 do 13 lat przygotowa\u0142y pi\u0119kny muzyczno -taneczny wyst\u0119p. Wy\u015bwietlony zosta\u0142 film wojenny inscenizuj\u0105cy odzyskanie przez Polsk\u0119 niepodleg\u0142o\u015bci. By\u0142 wyst\u0119p artystyczny Pani Joanny Sadowskiej, kt\u00f3ra swoim teatralnym wokalem zaprezentowa\u0142a patriotyczne pie\u015bni. Ko\u0142o Gospody\u0144 Wiejskich przygotowa\u0142o przepyszne dania z g\u0119siny min. pasztet, nadziewane g\u0119si, smalec, sa\u0142atki, bulion, a do bulionu panie z Ukrainy przygotowa\u0142y piero\u017cki pielmieni. Podczas Biesiady odby\u0142 si\u0119 tak\u017ce konkurs dla dzieci i doros\u0142ych zwi\u0105zane z dniem \u015bw. Marcina. W ramach projektu og\u0142oszony by\u0142 konkurs niepodleg\u0142o\u015bciowy, kt\u00f3ry podczas wydarzenia zosta\u0142 rozstrzygni\u0119ty i dzieci otrzyma\u0142y wspania\u0142e nagrody. Mieszka\u0144cy bawili si\u0119 wspaniale gratulowali nam pomys\u0142u. Razem \u015bpiewali\u015bmy niepodleg\u0142o\u015bciowe pie\u015bni przy akompaniamencie akordeonu Pana Wies\u0142awa.<\/p>\n<p>Powr\u00f3t do dawnych zwyczaj\u00f3w, historii i naszej wspania\u0142ej kultury zainspirowa\u0142 i oczarowa\u0142 wszystkich mieszka\u0144c\u00f3w. Wsp\u00f3lna integracja i edukacja w jednym wydarzeniu uda\u0142a si\u0119 na 100%. Zach\u0119camy wszystkie pracownie do organizowania tego typu imprez, s\u0105 \u015bwietn\u0105 okazja do spotka\u0144, rozm\u00f3w, \u015bpiewu i wspomnie\u0144 oraz budowaniu tradycji dla przysz\u0142ych pokole\u0144.<\/p>\n<p>Je\u015bli chcecie zobaczy\u0107 wi\u0119cej zapraszam na nasze media spo\u0142eczno\u015bciowe &#8211; \u015awietlica \u017bu\u0142awka Sztumska oraz Kwiat Powi\u015bla.<\/p>\n","protected":false},"excerpt":{"rendered":"<p>9 listopada Pracownia Orange przygotowa\u0142a wspania\u0142e obchody Dnia Niepodleg\u0142o\u015bci pt. [&hellip;]<\/p>\n","protected":false},"author":214,"featured_media":649,"comment_status":"open","ping_status":"closed","template":"","class_list":["post-592","news","type-news","status-publish","has-post-thumbnail","hentry"],"acf":[],"yoast_head":"<!-- This site is optimized with the Yoast SEO plugin v24.5 - https:\/\/yoast.com\/wordpress\/plugins\/seo\/ -->\n<title>G\u0119sina na \u015bw. Marcina w patriotycznej atmosferze Dnia Niepodleg\u0142o\u015bci - Pracownia Orange \u017bu\u0142awka Sztumska<\/title>\n<meta name=\"robots\" content=\"index, follow, max-snippet:-1, max-image-preview:large, max-video-preview:-1\" \/>\n<link rel=\"canonical\" href=\"https:\/\/pracownieorange.pl\/zulawkasztumska\/news\/gesina-na-sw-marcina-w-patriotycznej-atmosferze-dnia-niepodleglosci\/\" \/>\n<meta property=\"og:locale\" content=\"pl_PL\" \/>\n<meta property=\"og:type\" content=\"article\" \/>\n<meta property=\"og:title\" content=\"G\u0119sina na \u015bw. Marcina w patriotycznej atmosferze Dnia Niepodleg\u0142o\u015bci - Pracownia Orange \u017bu\u0142awka Sztumska\" \/>\n<meta property=\"og:description\" content=\"9 listopada Pracownia Orange przygotowa\u0142a wspania\u0142e obchody Dnia Niepodleg\u0142o\u015bci pt. [&hellip;]\" \/>\n<meta property=\"og:url\" content=\"https:\/\/pracownieorange.pl\/zulawkasztumska\/news\/gesina-na-sw-marcina-w-patriotycznej-atmosferze-dnia-niepodleglosci\/\" \/>\n<meta property=\"og:site_name\" content=\"Pracownia Orange \u017bu\u0142awka Sztumska\" \/>\n<meta property=\"article:modified_time\" content=\"2024-12-09T03:51:15+00:00\" \/>\n<meta property=\"og:image\" content=\"https:\/\/pracownieorange.pl\/app\/uploads\/sites\/111\/2024\/12\/Messenger_creation_F66C6AC5-46D3-484A-99E6-0639E84C2BAD.jpeg\" \/>\n\t<meta property=\"og:image:width\" content=\"2048\" \/>\n\t<meta property=\"og:image:height\" content=\"1360\" \/>\n\t<meta property=\"og:image:type\" content=\"image\/jpeg\" \/>\n<meta name=\"twitter:card\" content=\"summary_large_image\" \/>\n<meta name=\"twitter:label1\" content=\"Est. reading time\" \/>\n\t<meta name=\"twitter:data1\" content=\"3 minuty\" \/>\n<script type=\"application\/ld+json\" class=\"yoast-schema-graph\">{\"@context\":\"https:\/\/schema.org\",\"@graph\":[{\"@type\":\"WebPage\",\"@id\":\"https:\/\/pracownieorange.pl\/zulawkasztumska\/news\/gesina-na-sw-marcina-w-patriotycznej-atmosferze-dnia-niepodleglosci\/\",\"url\":\"https:\/\/pracownieorange.pl\/zulawkasztumska\/news\/gesina-na-sw-marcina-w-patriotycznej-atmosferze-dnia-niepodleglosci\/\",\"name\":\"G\u0119sina na \u015bw. Marcina w patriotycznej atmosferze Dnia Niepodleg\u0142o\u015bci - Pracownia Orange \u017bu\u0142awka Sztumska\",\"isPartOf\":{\"@id\":\"https:\/\/pracownieorange.pl\/zulawkasztumska\/#website\"},\"primaryImageOfPage\":{\"@id\":\"https:\/\/pracownieorange.pl\/zulawkasztumska\/news\/gesina-na-sw-marcina-w-patriotycznej-atmosferze-dnia-niepodleglosci\/#primaryimage\"},\"image\":{\"@id\":\"https:\/\/pracownieorange.pl\/zulawkasztumska\/news\/gesina-na-sw-marcina-w-patriotycznej-atmosferze-dnia-niepodleglosci\/#primaryimage\"},\"thumbnailUrl\":\"https:\/\/pracownieorange.pl\/app\/uploads\/sites\/111\/2024\/12\/Messenger_creation_F66C6AC5-46D3-484A-99E6-0639E84C2BAD.jpeg\",\"datePublished\":\"2024-12-08T19:27:36+00:00\",\"dateModified\":\"2024-12-09T03:51:15+00:00\",\"breadcrumb\":{\"@id\":\"https:\/\/pracownieorange.pl\/zulawkasztumska\/news\/gesina-na-sw-marcina-w-patriotycznej-atmosferze-dnia-niepodleglosci\/#breadcrumb\"},\"inLanguage\":\"pl-PL\",\"potentialAction\":[{\"@type\":\"ReadAction\",\"target\":[\"https:\/\/pracownieorange.pl\/zulawkasztumska\/news\/gesina-na-sw-marcina-w-patriotycznej-atmosferze-dnia-niepodleglosci\/\"]}]},{\"@type\":\"ImageObject\",\"inLanguage\":\"pl-PL\",\"@id\":\"https:\/\/pracownieorange.pl\/zulawkasztumska\/news\/gesina-na-sw-marcina-w-patriotycznej-atmosferze-dnia-niepodleglosci\/#primaryimage\",\"url\":\"https:\/\/pracownieorange.pl\/app\/uploads\/sites\/111\/2024\/12\/Messenger_creation_F66C6AC5-46D3-484A-99E6-0639E84C2BAD.jpeg\",\"contentUrl\":\"https:\/\/pracownieorange.pl\/app\/uploads\/sites\/111\/2024\/12\/Messenger_creation_F66C6AC5-46D3-484A-99E6-0639E84C2BAD.jpeg\",\"width\":2048,\"height\":1360,\"caption\":\"g\u0119\u015b\"},{\"@type\":\"BreadcrumbList\",\"@id\":\"https:\/\/pracownieorange.pl\/zulawkasztumska\/news\/gesina-na-sw-marcina-w-patriotycznej-atmosferze-dnia-niepodleglosci\/#breadcrumb\",\"itemListElement\":[{\"@type\":\"ListItem\",\"position\":1,\"name\":\"Home\",\"item\":\"https:\/\/pracownieorange.pl\/zulawkasztumska\/\"},{\"@type\":\"ListItem\",\"position\":2,\"name\":\"Aktualno\u015bci\",\"item\":\"https:\/\/pracownieorange.pl\/zulawkasztumska\/news\/\"},{\"@type\":\"ListItem\",\"position\":3,\"name\":\"G\u0119sina na \u015bw. Marcina w patriotycznej atmosferze Dnia Niepodleg\u0142o\u015bci\"}]},{\"@type\":\"WebSite\",\"@id\":\"https:\/\/pracownieorange.pl\/zulawkasztumska\/#website\",\"url\":\"https:\/\/pracownieorange.pl\/zulawkasztumska\/\",\"name\":\"Pracownia Orange \u017bu\u0142awka Sztumska\",\"description\":\"\",\"potentialAction\":[{\"@type\":\"SearchAction\",\"target\":{\"@type\":\"EntryPoint\",\"urlTemplate\":\"https:\/\/pracownieorange.pl\/zulawkasztumska\/?s={search_term_string}\"},\"query-input\":{\"@type\":\"PropertyValueSpecification\",\"valueRequired\":true,\"valueName\":\"search_term_string\"}}],\"inLanguage\":\"pl-PL\"}]}<\/script>\n<!-- \/ Yoast SEO plugin. -->","yoast_head_json":{"title":"G\u0119sina na \u015bw. Marcina w patriotycznej atmosferze Dnia Niepodleg\u0142o\u015bci - Pracownia Orange \u017bu\u0142awka Sztumska","robots":{"index":"index","follow":"follow","max-snippet":"max-snippet:-1","max-image-preview":"max-image-preview:large","max-video-preview":"max-video-preview:-1"},"canonical":"https:\/\/pracownieorange.pl\/zulawkasztumska\/news\/gesina-na-sw-marcina-w-patriotycznej-atmosferze-dnia-niepodleglosci\/","og_locale":"pl_PL","og_type":"article","og_title":"G\u0119sina na \u015bw. Marcina w patriotycznej atmosferze Dnia Niepodleg\u0142o\u015bci - Pracownia Orange \u017bu\u0142awka Sztumska","og_description":"9 listopada Pracownia Orange przygotowa\u0142a wspania\u0142e obchody Dnia Niepodleg\u0142o\u015bci pt. [&hellip;]","og_url":"https:\/\/pracownieorange.pl\/zulawkasztumska\/news\/gesina-na-sw-marcina-w-patriotycznej-atmosferze-dnia-niepodleglosci\/","og_site_name":"Pracownia Orange \u017bu\u0142awka Sztumska","article_modified_time":"2024-12-09T03:51:15+00:00","og_image":[{"width":2048,"height":1360,"url":"https:\/\/pracownieorange.pl\/app\/uploads\/sites\/111\/2024\/12\/Messenger_creation_F66C6AC5-46D3-484A-99E6-0639E84C2BAD.jpeg","type":"image\/jpeg"}],"twitter_card":"summary_large_image","twitter_misc":{"Est. reading time":"3 minuty"},"schema":{"@context":"https:\/\/schema.org","@graph":[{"@type":"WebPage","@id":"https:\/\/pracownieorange.pl\/zulawkasztumska\/news\/gesina-na-sw-marcina-w-patriotycznej-atmosferze-dnia-niepodleglosci\/","url":"https:\/\/pracownieorange.pl\/zulawkasztumska\/news\/gesina-na-sw-marcina-w-patriotycznej-atmosferze-dnia-niepodleglosci\/","name":"G\u0119sina na \u015bw. Marcina w patriotycznej atmosferze Dnia Niepodleg\u0142o\u015bci - Pracownia Orange \u017bu\u0142awka Sztumska","isPartOf":{"@id":"https:\/\/pracownieorange.pl\/zulawkasztumska\/#website"},"primaryImageOfPage":{"@id":"https:\/\/pracownieorange.pl\/zulawkasztumska\/news\/gesina-na-sw-marcina-w-patriotycznej-atmosferze-dnia-niepodleglosci\/#primaryimage"},"image":{"@id":"https:\/\/pracownieorange.pl\/zulawkasztumska\/news\/gesina-na-sw-marcina-w-patriotycznej-atmosferze-dnia-niepodleglosci\/#primaryimage"},"thumbnailUrl":"https:\/\/pracownieorange.pl\/app\/uploads\/sites\/111\/2024\/12\/Messenger_creation_F66C6AC5-46D3-484A-99E6-0639E84C2BAD.jpeg","datePublished":"2024-12-08T19:27:36+00:00","dateModified":"2024-12-09T03:51:15+00:00","breadcrumb":{"@id":"https:\/\/pracownieorange.pl\/zulawkasztumska\/news\/gesina-na-sw-marcina-w-patriotycznej-atmosferze-dnia-niepodleglosci\/#breadcrumb"},"inLanguage":"pl-PL","potentialAction":[{"@type":"ReadAction","target":["https:\/\/pracownieorange.pl\/zulawkasztumska\/news\/gesina-na-sw-marcina-w-patriotycznej-atmosferze-dnia-niepodleglosci\/"]}]},{"@type":"ImageObject","inLanguage":"pl-PL","@id":"https:\/\/pracownieorange.pl\/zulawkasztumska\/news\/gesina-na-sw-marcina-w-patriotycznej-atmosferze-dnia-niepodleglosci\/#primaryimage","url":"https:\/\/pracownieorange.pl\/app\/uploads\/sites\/111\/2024\/12\/Messenger_creation_F66C6AC5-46D3-484A-99E6-0639E84C2BAD.jpeg","contentUrl":"https:\/\/pracownieorange.pl\/app\/uploads\/sites\/111\/2024\/12\/Messenger_creation_F66C6AC5-46D3-484A-99E6-0639E84C2BAD.jpeg","width":2048,"height":1360,"caption":"g\u0119\u015b"},{"@type":"BreadcrumbList","@id":"https:\/\/pracownieorange.pl\/zulawkasztumska\/news\/gesina-na-sw-marcina-w-patriotycznej-atmosferze-dnia-niepodleglosci\/#breadcrumb","itemListElement":[{"@type":"ListItem","position":1,"name":"Home","item":"https:\/\/pracownieorange.pl\/zulawkasztumska\/"},{"@type":"ListItem","position":2,"name":"Aktualno\u015bci","item":"https:\/\/pracownieorange.pl\/zulawkasztumska\/news\/"},{"@type":"ListItem","position":3,"name":"G\u0119sina na \u015bw. Marcina w patriotycznej atmosferze Dnia Niepodleg\u0142o\u015bci"}]},{"@type":"WebSite","@id":"https:\/\/pracownieorange.pl\/zulawkasztumska\/#website","url":"https:\/\/pracownieorange.pl\/zulawkasztumska\/","name":"Pracownia Orange \u017bu\u0142awka Sztumska","description":"","potentialAction":[{"@type":"SearchAction","target":{"@type":"EntryPoint","urlTemplate":"https:\/\/pracownieorange.pl\/zulawkasztumska\/?s={search_term_string}"},"query-input":{"@type":"PropertyValueSpecification","valueRequired":true,"valueName":"search_term_string"}}],"inLanguage":"pl-PL"}]}},"_links":{"self":[{"href":"https:\/\/pracownieorange.pl\/zulawkasztumska\/wp-json\/wp\/v2\/news\/592","targetHints":{"allow":["GET"]}}],"collection":[{"href":"https:\/\/pracownieorange.pl\/zulawkasztumska\/wp-json\/wp\/v2\/news"}],"about":[{"href":"https:\/\/pracownieorange.pl\/zulawkasztumska\/wp-json\/wp\/v2\/types\/news"}],"author":[{"embeddable":true,"href":"https:\/\/pracownieorange.pl\/zulawkasztumska\/wp-json\/wp\/v2\/users\/214"}],"replies":[{"embeddable":true,"href":"https:\/\/pracownieorange.pl\/zulawkasztumska\/wp-json\/wp\/v2\/comments?post=592"}],"wp:featuredmedia":[{"embeddable":true,"href":"https:\/\/pracownieorange.pl\/zulawkasztumska\/wp-json\/wp\/v2\/media\/649"}],"wp:attachment":[{"href":"https:\/\/pracownieorange.pl\/zulawkasztumska\/wp-json\/wp\/v2\/media?parent=592"}],"curies":[{"name":"wp","href":"https:\/\/api.w.org\/{rel}","templated":true}]}}