

{"id":493,"date":"2024-10-22T19:53:59","date_gmt":"2024-10-22T17:53:59","guid":{"rendered":"https:\/\/pracownieorange.pl\/zulawkasztumska\/?post_type=news&#038;p=493"},"modified":"2024-10-28T12:37:03","modified_gmt":"2024-10-28T11:37:03","slug":"wakacje-z-pracownia-orange-w-zulawce-sztumskiej","status":"publish","type":"news","link":"https:\/\/pracownieorange.pl\/zulawkasztumska\/news\/wakacje-z-pracownia-orange-w-zulawce-sztumskiej\/","title":{"rendered":"Wakacje z Pracowni\u0105 Orange w \u017bu\u0142awce Sztumskiej"},"content":{"rendered":"<p>Witajcie po d\u0142u\u017cszej przerwie!!<\/p>\n<p>Niewiele by\u0142o aktualno\u015bci z Pracowni Orange, co nie znaczy ze tej aktywno\u015bci nie by\u0142o. Wi\u0119c chcia\u0142abym uzupe\u0142ni\u0107 braki i przedstawi\u0107 wam co dzia\u0142o si\u0119 w naszej spo\u0142eczno\u015bci lokalnej.<\/p>\n<p>Wakacje rozpocz\u0119li\u015bmy z przytupem organizuj\u0105c Festyn Rodzinny. By\u0142y maskotki z psiego patrolu, dmucha\u0144ce, konkurs kulinarny na najlepsze ciasto z truskawkami, malowanie twarzy, popcorn i wata cukrowa. Zar\u00f3wno dzieci jak i doro\u015bli bawili si\u0119 \u015bwietnie.<\/p>\n<p>\u015awietlica przygotowa\u0142a i przeprowadzi\u0142a wiele r\u00f3\u017cnych zaj\u0119\u0107 i zabaw na kt\u00f3re dzieci ch\u0119tnie ucz\u0119szcza\u0142y.<\/p>\n<p>Odby\u0142y si\u0119 warsztaty kulinarne na s\u0142odko w naszej &#8222;Orange Kuchni&#8221;, sporo warsztat\u00f3w artystycznych i bardzo kreatywnych min. &#8222;Kinderkowe pszcz\u00f3\u0142ki&#8221;, &#8222;Skacz\u0105ce zwierzaczki&#8221;, &#8222;torebki papierowe na prezenty&#8221;, &#8221; Owocowe drzewka w 3D&#8221;, &#8222;Kolorowe motyle z pianki&#8221;, &#8222;Zwierzaczki z rolki&#8221;, &#8222;Sowy wyklejane plastelina&#8221;, Chwosty z muliny i brokatowe tatua\u017ce&#8221;, &#8221; Zaj\u0119cia z obs\u0142ugi komputera&#8221; &#8221; Gry i zabawy z VR&#8221; oraz konkursy z &#8222;Fif\u0105&#8221; i wiele wiele innych. (zobaczcie sami &#8211; patrz zdj\u0119cia:))<\/p>\n<p>Ponadto przy udziale Sp\u00f3\u0142dzielni Animacji oraz Fundacji Kwiat Powi\u015bla mogli\u015bmy przeprowadzi\u0107 w naszej Pracowni dwa projekty przy dofinansowaniu z Fundacji &#8222;Dzia\u0142aj Lokalnie&#8221;. Pierwszy projekt rozpocz\u0105\u0142 i zako\u0144czy\u0142 si\u0119 w sierpniu, gdzie dzieci bra\u0142y udzia\u0142 w warsztatach ekologicznych pt. &#8222;Z ekologi\u0105 za pan brat&#8221; podczas kt\u00f3rych robi\u0142y budki l\u0119gowe dla owad\u00f3w, eko &#8211; worki oraz du\u017ce ba\u0144ki mydlane i brokatowe tatua\u017ce.<\/p>\n<p>Kolejny projekt rozpocz\u0105\u0142 si\u0119 w sierpniu warsztatami kulinarnymi dla kobiet pt. &#8222;G\u0119sina na \u015bw. Marcina&#8221; podczas kt\u00f3rych nasze kobietki uczy\u0142y si\u0119 jak przyrz\u0105dza\u0107 g\u0119sin\u0119 po staropolsku. Dalsza cze\u015b\u0107 projektu ju\u017c wkr\u00f3tce.<\/p>\n<p>&nbsp;<\/p>\n<p>&nbsp;<\/p>\n","protected":false},"excerpt":{"rendered":"<p>Witajcie po d\u0142u\u017cszej przerwie!! Niewiele by\u0142o aktualno\u015bci z Pracowni Orange, [&hellip;]<\/p>\n","protected":false},"author":214,"featured_media":494,"comment_status":"open","ping_status":"closed","template":"","class_list":["post-493","news","type-news","status-publish","has-post-thumbnail","hentry"],"acf":[],"yoast_head":"<!-- This site is optimized with the Yoast SEO plugin v24.5 - https:\/\/yoast.com\/wordpress\/plugins\/seo\/ -->\n<title>Wakacje z Pracowni\u0105 Orange w \u017bu\u0142awce Sztumskiej - Pracownia Orange \u017bu\u0142awka Sztumska<\/title>\n<meta name=\"robots\" content=\"index, follow, max-snippet:-1, max-image-preview:large, max-video-preview:-1\" \/>\n<link rel=\"canonical\" href=\"https:\/\/pracownieorange.pl\/zulawkasztumska\/news\/wakacje-z-pracownia-orange-w-zulawce-sztumskiej\/\" \/>\n<meta property=\"og:locale\" content=\"pl_PL\" \/>\n<meta property=\"og:type\" content=\"article\" \/>\n<meta property=\"og:title\" content=\"Wakacje z Pracowni\u0105 Orange w \u017bu\u0142awce Sztumskiej - Pracownia Orange \u017bu\u0142awka Sztumska\" \/>\n<meta property=\"og:description\" content=\"Witajcie po d\u0142u\u017cszej przerwie!! Niewiele by\u0142o aktualno\u015bci z Pracowni Orange, [&hellip;]\" \/>\n<meta property=\"og:url\" content=\"https:\/\/pracownieorange.pl\/zulawkasztumska\/news\/wakacje-z-pracownia-orange-w-zulawce-sztumskiej\/\" \/>\n<meta property=\"og:site_name\" content=\"Pracownia Orange \u017bu\u0142awka Sztumska\" \/>\n<meta property=\"article:modified_time\" content=\"2024-10-28T11:37:03+00:00\" \/>\n<meta property=\"og:image\" content=\"https:\/\/pracownieorange.pl\/app\/uploads\/sites\/111\/2024\/10\/FB_IMG_1727541010265.jpg\" \/>\n\t<meta property=\"og:image:width\" content=\"1080\" \/>\n\t<meta property=\"og:image:height\" content=\"717\" \/>\n\t<meta property=\"og:image:type\" content=\"image\/jpeg\" \/>\n<meta name=\"twitter:card\" content=\"summary_large_image\" \/>\n<meta name=\"twitter:label1\" content=\"Est. reading time\" \/>\n\t<meta name=\"twitter:data1\" content=\"2 minuty\" \/>\n<script type=\"application\/ld+json\" class=\"yoast-schema-graph\">{\"@context\":\"https:\/\/schema.org\",\"@graph\":[{\"@type\":\"WebPage\",\"@id\":\"https:\/\/pracownieorange.pl\/zulawkasztumska\/news\/wakacje-z-pracownia-orange-w-zulawce-sztumskiej\/\",\"url\":\"https:\/\/pracownieorange.pl\/zulawkasztumska\/news\/wakacje-z-pracownia-orange-w-zulawce-sztumskiej\/\",\"name\":\"Wakacje z Pracowni\u0105 Orange w \u017bu\u0142awce Sztumskiej - Pracownia Orange \u017bu\u0142awka Sztumska\",\"isPartOf\":{\"@id\":\"https:\/\/pracownieorange.pl\/zulawkasztumska\/#website\"},\"primaryImageOfPage\":{\"@id\":\"https:\/\/pracownieorange.pl\/zulawkasztumska\/news\/wakacje-z-pracownia-orange-w-zulawce-sztumskiej\/#primaryimage\"},\"image\":{\"@id\":\"https:\/\/pracownieorange.pl\/zulawkasztumska\/news\/wakacje-z-pracownia-orange-w-zulawce-sztumskiej\/#primaryimage\"},\"thumbnailUrl\":\"https:\/\/pracownieorange.pl\/app\/uploads\/sites\/111\/2024\/10\/FB_IMG_1727541010265.jpg\",\"datePublished\":\"2024-10-22T17:53:59+00:00\",\"dateModified\":\"2024-10-28T11:37:03+00:00\",\"breadcrumb\":{\"@id\":\"https:\/\/pracownieorange.pl\/zulawkasztumska\/news\/wakacje-z-pracownia-orange-w-zulawce-sztumskiej\/#breadcrumb\"},\"inLanguage\":\"pl-PL\",\"potentialAction\":[{\"@type\":\"ReadAction\",\"target\":[\"https:\/\/pracownieorange.pl\/zulawkasztumska\/news\/wakacje-z-pracownia-orange-w-zulawce-sztumskiej\/\"]}]},{\"@type\":\"ImageObject\",\"inLanguage\":\"pl-PL\",\"@id\":\"https:\/\/pracownieorange.pl\/zulawkasztumska\/news\/wakacje-z-pracownia-orange-w-zulawce-sztumskiej\/#primaryimage\",\"url\":\"https:\/\/pracownieorange.pl\/app\/uploads\/sites\/111\/2024\/10\/FB_IMG_1727541010265.jpg\",\"contentUrl\":\"https:\/\/pracownieorange.pl\/app\/uploads\/sites\/111\/2024\/10\/FB_IMG_1727541010265.jpg\",\"width\":1080,\"height\":717,\"caption\":\"Dwie kobiety oraz du\u017ca maskotka, jedna z kobiet m\u00f3wi do mikrofonu.\"},{\"@type\":\"BreadcrumbList\",\"@id\":\"https:\/\/pracownieorange.pl\/zulawkasztumska\/news\/wakacje-z-pracownia-orange-w-zulawce-sztumskiej\/#breadcrumb\",\"itemListElement\":[{\"@type\":\"ListItem\",\"position\":1,\"name\":\"Home\",\"item\":\"https:\/\/pracownieorange.pl\/zulawkasztumska\/\"},{\"@type\":\"ListItem\",\"position\":2,\"name\":\"Aktualno\u015bci\",\"item\":\"https:\/\/pracownieorange.pl\/zulawkasztumska\/news\/\"},{\"@type\":\"ListItem\",\"position\":3,\"name\":\"Wakacje z Pracowni\u0105 Orange w \u017bu\u0142awce Sztumskiej\"}]},{\"@type\":\"WebSite\",\"@id\":\"https:\/\/pracownieorange.pl\/zulawkasztumska\/#website\",\"url\":\"https:\/\/pracownieorange.pl\/zulawkasztumska\/\",\"name\":\"Pracownia Orange \u017bu\u0142awka Sztumska\",\"description\":\"\",\"potentialAction\":[{\"@type\":\"SearchAction\",\"target\":{\"@type\":\"EntryPoint\",\"urlTemplate\":\"https:\/\/pracownieorange.pl\/zulawkasztumska\/?s={search_term_string}\"},\"query-input\":{\"@type\":\"PropertyValueSpecification\",\"valueRequired\":true,\"valueName\":\"search_term_string\"}}],\"inLanguage\":\"pl-PL\"}]}<\/script>\n<!-- \/ Yoast SEO plugin. -->","yoast_head_json":{"title":"Wakacje z Pracowni\u0105 Orange w \u017bu\u0142awce Sztumskiej - Pracownia Orange \u017bu\u0142awka Sztumska","robots":{"index":"index","follow":"follow","max-snippet":"max-snippet:-1","max-image-preview":"max-image-preview:large","max-video-preview":"max-video-preview:-1"},"canonical":"https:\/\/pracownieorange.pl\/zulawkasztumska\/news\/wakacje-z-pracownia-orange-w-zulawce-sztumskiej\/","og_locale":"pl_PL","og_type":"article","og_title":"Wakacje z Pracowni\u0105 Orange w \u017bu\u0142awce Sztumskiej - Pracownia Orange \u017bu\u0142awka Sztumska","og_description":"Witajcie po d\u0142u\u017cszej przerwie!! Niewiele by\u0142o aktualno\u015bci z Pracowni Orange, [&hellip;]","og_url":"https:\/\/pracownieorange.pl\/zulawkasztumska\/news\/wakacje-z-pracownia-orange-w-zulawce-sztumskiej\/","og_site_name":"Pracownia Orange \u017bu\u0142awka Sztumska","article_modified_time":"2024-10-28T11:37:03+00:00","og_image":[{"width":1080,"height":717,"url":"https:\/\/pracownieorange.pl\/app\/uploads\/sites\/111\/2024\/10\/FB_IMG_1727541010265.jpg","type":"image\/jpeg"}],"twitter_card":"summary_large_image","twitter_misc":{"Est. reading time":"2 minuty"},"schema":{"@context":"https:\/\/schema.org","@graph":[{"@type":"WebPage","@id":"https:\/\/pracownieorange.pl\/zulawkasztumska\/news\/wakacje-z-pracownia-orange-w-zulawce-sztumskiej\/","url":"https:\/\/pracownieorange.pl\/zulawkasztumska\/news\/wakacje-z-pracownia-orange-w-zulawce-sztumskiej\/","name":"Wakacje z Pracowni\u0105 Orange w \u017bu\u0142awce Sztumskiej - Pracownia Orange \u017bu\u0142awka Sztumska","isPartOf":{"@id":"https:\/\/pracownieorange.pl\/zulawkasztumska\/#website"},"primaryImageOfPage":{"@id":"https:\/\/pracownieorange.pl\/zulawkasztumska\/news\/wakacje-z-pracownia-orange-w-zulawce-sztumskiej\/#primaryimage"},"image":{"@id":"https:\/\/pracownieorange.pl\/zulawkasztumska\/news\/wakacje-z-pracownia-orange-w-zulawce-sztumskiej\/#primaryimage"},"thumbnailUrl":"https:\/\/pracownieorange.pl\/app\/uploads\/sites\/111\/2024\/10\/FB_IMG_1727541010265.jpg","datePublished":"2024-10-22T17:53:59+00:00","dateModified":"2024-10-28T11:37:03+00:00","breadcrumb":{"@id":"https:\/\/pracownieorange.pl\/zulawkasztumska\/news\/wakacje-z-pracownia-orange-w-zulawce-sztumskiej\/#breadcrumb"},"inLanguage":"pl-PL","potentialAction":[{"@type":"ReadAction","target":["https:\/\/pracownieorange.pl\/zulawkasztumska\/news\/wakacje-z-pracownia-orange-w-zulawce-sztumskiej\/"]}]},{"@type":"ImageObject","inLanguage":"pl-PL","@id":"https:\/\/pracownieorange.pl\/zulawkasztumska\/news\/wakacje-z-pracownia-orange-w-zulawce-sztumskiej\/#primaryimage","url":"https:\/\/pracownieorange.pl\/app\/uploads\/sites\/111\/2024\/10\/FB_IMG_1727541010265.jpg","contentUrl":"https:\/\/pracownieorange.pl\/app\/uploads\/sites\/111\/2024\/10\/FB_IMG_1727541010265.jpg","width":1080,"height":717,"caption":"Dwie kobiety oraz du\u017ca maskotka, jedna z kobiet m\u00f3wi do mikrofonu."},{"@type":"BreadcrumbList","@id":"https:\/\/pracownieorange.pl\/zulawkasztumska\/news\/wakacje-z-pracownia-orange-w-zulawce-sztumskiej\/#breadcrumb","itemListElement":[{"@type":"ListItem","position":1,"name":"Home","item":"https:\/\/pracownieorange.pl\/zulawkasztumska\/"},{"@type":"ListItem","position":2,"name":"Aktualno\u015bci","item":"https:\/\/pracownieorange.pl\/zulawkasztumska\/news\/"},{"@type":"ListItem","position":3,"name":"Wakacje z Pracowni\u0105 Orange w \u017bu\u0142awce Sztumskiej"}]},{"@type":"WebSite","@id":"https:\/\/pracownieorange.pl\/zulawkasztumska\/#website","url":"https:\/\/pracownieorange.pl\/zulawkasztumska\/","name":"Pracownia Orange \u017bu\u0142awka Sztumska","description":"","potentialAction":[{"@type":"SearchAction","target":{"@type":"EntryPoint","urlTemplate":"https:\/\/pracownieorange.pl\/zulawkasztumska\/?s={search_term_string}"},"query-input":{"@type":"PropertyValueSpecification","valueRequired":true,"valueName":"search_term_string"}}],"inLanguage":"pl-PL"}]}},"_links":{"self":[{"href":"https:\/\/pracownieorange.pl\/zulawkasztumska\/wp-json\/wp\/v2\/news\/493","targetHints":{"allow":["GET"]}}],"collection":[{"href":"https:\/\/pracownieorange.pl\/zulawkasztumska\/wp-json\/wp\/v2\/news"}],"about":[{"href":"https:\/\/pracownieorange.pl\/zulawkasztumska\/wp-json\/wp\/v2\/types\/news"}],"author":[{"embeddable":true,"href":"https:\/\/pracownieorange.pl\/zulawkasztumska\/wp-json\/wp\/v2\/users\/214"}],"replies":[{"embeddable":true,"href":"https:\/\/pracownieorange.pl\/zulawkasztumska\/wp-json\/wp\/v2\/comments?post=493"}],"wp:featuredmedia":[{"embeddable":true,"href":"https:\/\/pracownieorange.pl\/zulawkasztumska\/wp-json\/wp\/v2\/media\/494"}],"wp:attachment":[{"href":"https:\/\/pracownieorange.pl\/zulawkasztumska\/wp-json\/wp\/v2\/media?parent=493"}],"curies":[{"name":"wp","href":"https:\/\/api.w.org\/{rel}","templated":true}]}}