

{"id":607,"date":"2025-10-20T20:17:23","date_gmt":"2025-10-20T18:17:23","guid":{"rendered":"https:\/\/pracownieorange.pl\/zakopane\/?post_type=news&#038;p=607"},"modified":"2025-10-20T22:30:38","modified_gmt":"2025-10-20T20:30:38","slug":"pracownia-artystyczna","status":"publish","type":"news","link":"https:\/\/pracownieorange.pl\/zakopane\/news\/pracownia-artystyczna\/","title":{"rendered":"Pracownia artystyczna"},"content":{"rendered":"<p>Od pewnego w s\u0105siedztwie naszej pracowni \/ w otch\u0142ani zimnego korytarza prowadz\u0105cego do skateparku \/ powsta\u0142a pracownia artystyczna z inicjatywy Juli Frys przy wsp\u00f3\u0142pracy z druhem Maciem &#8211; i nazywa si\u0119 &#8222;Miejska Pracownia Artystyczna&#8221;. Chocia\u017c nie wykluczone, \u017ce nazwa si\u0119 mo\u017ce jeszcze zmieni\u0107. Mimo to, s\u0105siedztwo jest tak bliskie i pokrewne, \u017ce mo\u017cna uzna\u0107 pracownie artystyczn\u0105 jako nasz\u0105 siostr\u0119 pracowni Orange.<\/p>\n<p>Przez ca\u0142e wakacje odbywa\u0142y si\u0119 tam czwartkowe spotkania artystyczne &#8222;Y.O.U.&#8221;, gdzie lokalni i te\u017c przyjezdni mi\u0142o\u015bnicy, fanatycy sztuki spotykali si\u0119 na wsp\u00f3ln\u0105 prace i dzia\u0142ania, czy te\u017c porostu dywagacje i pogaw\u0119dki.<\/p>\n<p>Poza czwartkowymi spotkaniami pracownia jest og\u00f3lnodost\u0119pna i otwarta, oczywi\u015bcie po wcze\u015bniejszym um\u00f3wieniu i zapoznaniu u\u017cytkownika.<\/p>\n<p>Przestrze\u0144 pracowni ca\u0142y czas ewoluuje, a jej g\u0142\u00f3wnym za\u0142o\u017ceniem jest organizacji wystawy przestawiaj\u0105ca prace powsta\u0142ej grupy wok\u00f3\u0142 pracowni i towarzystwa deskorolkowego. R\u00f3wnie\u017c g\u0142\u00f3wnym celem warsztatowym pracowni jest uruchomienie sprawnie funkcjonuj\u0105cego sitodruku.<\/p>\n<p>R\u00f3wnie\u017c pracownia odwiedzana jest przez m\u0142odsze dzieci gdzie w spokoju mog\u0105 si\u0119 artystycznie wyszale\u0107 w przerwie od pozosta\u0142ych zorganizowanych zaj\u0119\u0107.<\/p>\n","protected":false},"excerpt":{"rendered":"<p>Od pewnego w s\u0105siedztwie naszej pracowni \/ w otch\u0142ani zimnego [&hellip;]<\/p>\n","protected":false},"author":248,"featured_media":608,"comment_status":"open","ping_status":"closed","template":"","class_list":["post-607","news","type-news","status-publish","has-post-thumbnail","hentry"],"acf":[],"yoast_head":"<!-- This site is optimized with the Yoast SEO plugin v24.5 - https:\/\/yoast.com\/wordpress\/plugins\/seo\/ -->\n<title>Pracownia artystyczna - Pracownia Orange Zakopane<\/title>\n<meta name=\"robots\" content=\"index, follow, max-snippet:-1, max-image-preview:large, max-video-preview:-1\" \/>\n<link rel=\"canonical\" href=\"https:\/\/pracownieorange.pl\/zakopane\/news\/pracownia-artystyczna\/\" \/>\n<meta property=\"og:locale\" content=\"pl_PL\" \/>\n<meta property=\"og:type\" content=\"article\" \/>\n<meta property=\"og:title\" content=\"Pracownia artystyczna - Pracownia Orange Zakopane\" \/>\n<meta property=\"og:description\" content=\"Od pewnego w s\u0105siedztwie naszej pracowni \/ w otch\u0142ani zimnego [&hellip;]\" \/>\n<meta property=\"og:url\" content=\"https:\/\/pracownieorange.pl\/zakopane\/news\/pracownia-artystyczna\/\" \/>\n<meta property=\"og:site_name\" content=\"Pracownia Orange Zakopane\" \/>\n<meta property=\"article:modified_time\" content=\"2025-10-20T20:30:38+00:00\" \/>\n<meta property=\"og:image\" content=\"https:\/\/pracownieorange.pl\/app\/uploads\/sites\/110\/2025\/10\/pracownia-art_0.jpg\" \/>\n\t<meta property=\"og:image:width\" content=\"1284\" \/>\n\t<meta property=\"og:image:height\" content=\"1712\" \/>\n\t<meta property=\"og:image:type\" content=\"image\/jpeg\" \/>\n<meta name=\"twitter:card\" content=\"summary_large_image\" \/>\n<meta name=\"twitter:label1\" content=\"Est. reading time\" \/>\n\t<meta name=\"twitter:data1\" content=\"2 minuty\" \/>\n<script type=\"application\/ld+json\" class=\"yoast-schema-graph\">{\"@context\":\"https:\/\/schema.org\",\"@graph\":[{\"@type\":\"WebPage\",\"@id\":\"https:\/\/pracownieorange.pl\/zakopane\/news\/pracownia-artystyczna\/\",\"url\":\"https:\/\/pracownieorange.pl\/zakopane\/news\/pracownia-artystyczna\/\",\"name\":\"Pracownia artystyczna - Pracownia Orange Zakopane\",\"isPartOf\":{\"@id\":\"https:\/\/pracownieorange.pl\/zakopane\/#website\"},\"primaryImageOfPage\":{\"@id\":\"https:\/\/pracownieorange.pl\/zakopane\/news\/pracownia-artystyczna\/#primaryimage\"},\"image\":{\"@id\":\"https:\/\/pracownieorange.pl\/zakopane\/news\/pracownia-artystyczna\/#primaryimage\"},\"thumbnailUrl\":\"https:\/\/pracownieorange.pl\/app\/uploads\/sites\/110\/2025\/10\/pracownia-art_0.jpg\",\"datePublished\":\"2025-10-20T18:17:23+00:00\",\"dateModified\":\"2025-10-20T20:30:38+00:00\",\"breadcrumb\":{\"@id\":\"https:\/\/pracownieorange.pl\/zakopane\/news\/pracownia-artystyczna\/#breadcrumb\"},\"inLanguage\":\"pl-PL\",\"potentialAction\":[{\"@type\":\"ReadAction\",\"target\":[\"https:\/\/pracownieorange.pl\/zakopane\/news\/pracownia-artystyczna\/\"]}]},{\"@type\":\"ImageObject\",\"inLanguage\":\"pl-PL\",\"@id\":\"https:\/\/pracownieorange.pl\/zakopane\/news\/pracownia-artystyczna\/#primaryimage\",\"url\":\"https:\/\/pracownieorange.pl\/app\/uploads\/sites\/110\/2025\/10\/pracownia-art_0.jpg\",\"contentUrl\":\"https:\/\/pracownieorange.pl\/app\/uploads\/sites\/110\/2025\/10\/pracownia-art_0.jpg\",\"width\":1284,\"height\":1712,\"caption\":\"Drzwi pokryte srebrn\u0105 foli\u0105 i czarnym napisem Pracownia ART.\"},{\"@type\":\"BreadcrumbList\",\"@id\":\"https:\/\/pracownieorange.pl\/zakopane\/news\/pracownia-artystyczna\/#breadcrumb\",\"itemListElement\":[{\"@type\":\"ListItem\",\"position\":1,\"name\":\"Home\",\"item\":\"https:\/\/pracownieorange.pl\/zakopane\/\"},{\"@type\":\"ListItem\",\"position\":2,\"name\":\"Aktualno\u015bci\",\"item\":\"https:\/\/pracownieorange.pl\/zakopane\/news\/\"},{\"@type\":\"ListItem\",\"position\":3,\"name\":\"Pracownia artystyczna\"}]},{\"@type\":\"WebSite\",\"@id\":\"https:\/\/pracownieorange.pl\/zakopane\/#website\",\"url\":\"https:\/\/pracownieorange.pl\/zakopane\/\",\"name\":\"Pracownia Orange Zakopane\",\"description\":\"\",\"potentialAction\":[{\"@type\":\"SearchAction\",\"target\":{\"@type\":\"EntryPoint\",\"urlTemplate\":\"https:\/\/pracownieorange.pl\/zakopane\/?s={search_term_string}\"},\"query-input\":{\"@type\":\"PropertyValueSpecification\",\"valueRequired\":true,\"valueName\":\"search_term_string\"}}],\"inLanguage\":\"pl-PL\"}]}<\/script>\n<!-- \/ Yoast SEO plugin. -->","yoast_head_json":{"title":"Pracownia artystyczna - Pracownia Orange Zakopane","robots":{"index":"index","follow":"follow","max-snippet":"max-snippet:-1","max-image-preview":"max-image-preview:large","max-video-preview":"max-video-preview:-1"},"canonical":"https:\/\/pracownieorange.pl\/zakopane\/news\/pracownia-artystyczna\/","og_locale":"pl_PL","og_type":"article","og_title":"Pracownia artystyczna - Pracownia Orange Zakopane","og_description":"Od pewnego w s\u0105siedztwie naszej pracowni \/ w otch\u0142ani zimnego [&hellip;]","og_url":"https:\/\/pracownieorange.pl\/zakopane\/news\/pracownia-artystyczna\/","og_site_name":"Pracownia Orange Zakopane","article_modified_time":"2025-10-20T20:30:38+00:00","og_image":[{"width":1284,"height":1712,"url":"https:\/\/pracownieorange.pl\/app\/uploads\/sites\/110\/2025\/10\/pracownia-art_0.jpg","type":"image\/jpeg"}],"twitter_card":"summary_large_image","twitter_misc":{"Est. reading time":"2 minuty"},"schema":{"@context":"https:\/\/schema.org","@graph":[{"@type":"WebPage","@id":"https:\/\/pracownieorange.pl\/zakopane\/news\/pracownia-artystyczna\/","url":"https:\/\/pracownieorange.pl\/zakopane\/news\/pracownia-artystyczna\/","name":"Pracownia artystyczna - Pracownia Orange Zakopane","isPartOf":{"@id":"https:\/\/pracownieorange.pl\/zakopane\/#website"},"primaryImageOfPage":{"@id":"https:\/\/pracownieorange.pl\/zakopane\/news\/pracownia-artystyczna\/#primaryimage"},"image":{"@id":"https:\/\/pracownieorange.pl\/zakopane\/news\/pracownia-artystyczna\/#primaryimage"},"thumbnailUrl":"https:\/\/pracownieorange.pl\/app\/uploads\/sites\/110\/2025\/10\/pracownia-art_0.jpg","datePublished":"2025-10-20T18:17:23+00:00","dateModified":"2025-10-20T20:30:38+00:00","breadcrumb":{"@id":"https:\/\/pracownieorange.pl\/zakopane\/news\/pracownia-artystyczna\/#breadcrumb"},"inLanguage":"pl-PL","potentialAction":[{"@type":"ReadAction","target":["https:\/\/pracownieorange.pl\/zakopane\/news\/pracownia-artystyczna\/"]}]},{"@type":"ImageObject","inLanguage":"pl-PL","@id":"https:\/\/pracownieorange.pl\/zakopane\/news\/pracownia-artystyczna\/#primaryimage","url":"https:\/\/pracownieorange.pl\/app\/uploads\/sites\/110\/2025\/10\/pracownia-art_0.jpg","contentUrl":"https:\/\/pracownieorange.pl\/app\/uploads\/sites\/110\/2025\/10\/pracownia-art_0.jpg","width":1284,"height":1712,"caption":"Drzwi pokryte srebrn\u0105 foli\u0105 i czarnym napisem Pracownia ART."},{"@type":"BreadcrumbList","@id":"https:\/\/pracownieorange.pl\/zakopane\/news\/pracownia-artystyczna\/#breadcrumb","itemListElement":[{"@type":"ListItem","position":1,"name":"Home","item":"https:\/\/pracownieorange.pl\/zakopane\/"},{"@type":"ListItem","position":2,"name":"Aktualno\u015bci","item":"https:\/\/pracownieorange.pl\/zakopane\/news\/"},{"@type":"ListItem","position":3,"name":"Pracownia artystyczna"}]},{"@type":"WebSite","@id":"https:\/\/pracownieorange.pl\/zakopane\/#website","url":"https:\/\/pracownieorange.pl\/zakopane\/","name":"Pracownia Orange Zakopane","description":"","potentialAction":[{"@type":"SearchAction","target":{"@type":"EntryPoint","urlTemplate":"https:\/\/pracownieorange.pl\/zakopane\/?s={search_term_string}"},"query-input":{"@type":"PropertyValueSpecification","valueRequired":true,"valueName":"search_term_string"}}],"inLanguage":"pl-PL"}]}},"_links":{"self":[{"href":"https:\/\/pracownieorange.pl\/zakopane\/wp-json\/wp\/v2\/news\/607","targetHints":{"allow":["GET"]}}],"collection":[{"href":"https:\/\/pracownieorange.pl\/zakopane\/wp-json\/wp\/v2\/news"}],"about":[{"href":"https:\/\/pracownieorange.pl\/zakopane\/wp-json\/wp\/v2\/types\/news"}],"author":[{"embeddable":true,"href":"https:\/\/pracownieorange.pl\/zakopane\/wp-json\/wp\/v2\/users\/248"}],"replies":[{"embeddable":true,"href":"https:\/\/pracownieorange.pl\/zakopane\/wp-json\/wp\/v2\/comments?post=607"}],"wp:featuredmedia":[{"embeddable":true,"href":"https:\/\/pracownieorange.pl\/zakopane\/wp-json\/wp\/v2\/media\/608"}],"wp:attachment":[{"href":"https:\/\/pracownieorange.pl\/zakopane\/wp-json\/wp\/v2\/media?parent=607"}],"curies":[{"name":"wp","href":"https:\/\/api.w.org\/{rel}","templated":true}]}}