

{"id":965,"date":"2026-04-01T11:41:59","date_gmt":"2026-04-01T09:41:59","guid":{"rendered":"https:\/\/pracownieorange.pl\/wysokie-mazowieckie\/?post_type=news&#038;p=965"},"modified":"2026-04-01T15:31:02","modified_gmt":"2026-04-01T13:31:02","slug":"wielkanocne-zajace","status":"publish","type":"news","link":"https:\/\/pracownieorange.pl\/wysokie-mazowieckie\/news\/wielkanocne-zajace\/","title":{"rendered":"Wielkanocne zaj\u0105ce"},"content":{"rendered":"<p>Wczoraj, 31 marca, w naszej Pracowni Orange zrobi\u0142o si\u0119 naprawd\u0119 wiosennie! Podczas warsztat\u00f3w wielkanocnych uczestnicy zamienili si\u0119 w prawdziwych artyst\u00f3w, tworz\u0105c niebanalne, geometryczne zaj\u0105ce. \u200bDo ich wykonania u\u017cyli\u015bmy patyczk\u00f3w kreatywnych, kt\u00f3re nada\u0142y im nowoczesn\u0105 form\u0119, a ca\u0142o\u015b\u0107 dope\u0142nili\u015bmy jajkami i \u015bwie\u017cym bukszpanem. Po\u0142\u0105czenie prostych materia\u0142\u00f3w z Wasz\u0105 wyobra\u017ani\u0105 zaowocowa\u0142o fantastycznymi dekoracjami! \u200bDzi\u0119kujemy wszystkim za zaanga\u017cowanie i przemi\u0142\u0105 atmosfer\u0119. To by\u0142a czysta przyjemno\u015b\u0107 tworzy\u0107 z Wami w tak tw\u00f3rczym gronie! \u200bKto nie by\u0142, niech \u017ca\u0142uje &#8211; ale spokojnie, to nie ostatnie nasze spotkanie!<\/p>\n","protected":false},"excerpt":{"rendered":"<p>Wczoraj, 31 marca, w naszej Pracowni Orange zrobi\u0142o si\u0119 naprawd\u0119 [&hellip;]<\/p>\n","protected":false},"author":135,"featured_media":975,"comment_status":"open","ping_status":"closed","template":"","class_list":["post-965","news","type-news","status-publish","has-post-thumbnail","hentry"],"acf":[],"yoast_head":"<!-- This site is optimized with the Yoast SEO plugin v24.5 - https:\/\/yoast.com\/wordpress\/plugins\/seo\/ -->\n<title>Wielkanocne zaj\u0105ce - Pracownia Orange Wysokie Mazowieckie<\/title>\n<meta name=\"robots\" content=\"index, follow, max-snippet:-1, max-image-preview:large, max-video-preview:-1\" \/>\n<link rel=\"canonical\" href=\"https:\/\/pracownieorange.pl\/wysokie-mazowieckie\/news\/wielkanocne-zajace\/\" \/>\n<meta property=\"og:locale\" content=\"pl_PL\" \/>\n<meta property=\"og:type\" content=\"article\" \/>\n<meta property=\"og:title\" content=\"Wielkanocne zaj\u0105ce - Pracownia Orange Wysokie Mazowieckie\" \/>\n<meta property=\"og:description\" content=\"Wczoraj, 31 marca, w naszej Pracowni Orange zrobi\u0142o si\u0119 naprawd\u0119 [&hellip;]\" \/>\n<meta property=\"og:url\" content=\"https:\/\/pracownieorange.pl\/wysokie-mazowieckie\/news\/wielkanocne-zajace\/\" \/>\n<meta property=\"og:site_name\" content=\"Pracownia Orange Wysokie Mazowieckie\" \/>\n<meta property=\"article:modified_time\" content=\"2026-04-01T13:31:02+00:00\" \/>\n<meta property=\"og:image\" content=\"https:\/\/pracownieorange.pl\/app\/uploads\/sites\/35\/2026\/04\/DSC_0107-scaled.jpg\" \/>\n\t<meta property=\"og:image:width\" content=\"2560\" \/>\n\t<meta property=\"og:image:height\" content=\"1707\" \/>\n\t<meta property=\"og:image:type\" content=\"image\/jpeg\" \/>\n<meta name=\"twitter:card\" content=\"summary_large_image\" \/>\n<meta name=\"twitter:label1\" content=\"Est. reading time\" \/>\n\t<meta name=\"twitter:data1\" content=\"1 minuta\" \/>\n<script type=\"application\/ld+json\" class=\"yoast-schema-graph\">{\"@context\":\"https:\/\/schema.org\",\"@graph\":[{\"@type\":\"WebPage\",\"@id\":\"https:\/\/pracownieorange.pl\/wysokie-mazowieckie\/news\/wielkanocne-zajace\/\",\"url\":\"https:\/\/pracownieorange.pl\/wysokie-mazowieckie\/news\/wielkanocne-zajace\/\",\"name\":\"Wielkanocne zaj\u0105ce - Pracownia Orange Wysokie Mazowieckie\",\"isPartOf\":{\"@id\":\"https:\/\/pracownieorange.pl\/wysokie-mazowieckie\/#website\"},\"primaryImageOfPage\":{\"@id\":\"https:\/\/pracownieorange.pl\/wysokie-mazowieckie\/news\/wielkanocne-zajace\/#primaryimage\"},\"image\":{\"@id\":\"https:\/\/pracownieorange.pl\/wysokie-mazowieckie\/news\/wielkanocne-zajace\/#primaryimage\"},\"thumbnailUrl\":\"https:\/\/pracownieorange.pl\/app\/uploads\/sites\/35\/2026\/04\/DSC_0107-scaled.jpg\",\"datePublished\":\"2026-04-01T09:41:59+00:00\",\"dateModified\":\"2026-04-01T13:31:02+00:00\",\"breadcrumb\":{\"@id\":\"https:\/\/pracownieorange.pl\/wysokie-mazowieckie\/news\/wielkanocne-zajace\/#breadcrumb\"},\"inLanguage\":\"pl-PL\",\"potentialAction\":[{\"@type\":\"ReadAction\",\"target\":[\"https:\/\/pracownieorange.pl\/wysokie-mazowieckie\/news\/wielkanocne-zajace\/\"]}]},{\"@type\":\"ImageObject\",\"inLanguage\":\"pl-PL\",\"@id\":\"https:\/\/pracownieorange.pl\/wysokie-mazowieckie\/news\/wielkanocne-zajace\/#primaryimage\",\"url\":\"https:\/\/pracownieorange.pl\/app\/uploads\/sites\/35\/2026\/04\/DSC_0107-scaled.jpg\",\"contentUrl\":\"https:\/\/pracownieorange.pl\/app\/uploads\/sites\/35\/2026\/04\/DSC_0107-scaled.jpg\",\"width\":2560,\"height\":1707,\"caption\":\"gotowe zaj\u0105ce wielkanocne z patyczk\u00f3w\"},{\"@type\":\"BreadcrumbList\",\"@id\":\"https:\/\/pracownieorange.pl\/wysokie-mazowieckie\/news\/wielkanocne-zajace\/#breadcrumb\",\"itemListElement\":[{\"@type\":\"ListItem\",\"position\":1,\"name\":\"Home\",\"item\":\"https:\/\/pracownieorange.pl\/wysokie-mazowieckie\/\"},{\"@type\":\"ListItem\",\"position\":2,\"name\":\"Aktualno\u015bci\",\"item\":\"https:\/\/pracownieorange.pl\/wysokie-mazowieckie\/news\/\"},{\"@type\":\"ListItem\",\"position\":3,\"name\":\"Wielkanocne zaj\u0105ce\"}]},{\"@type\":\"WebSite\",\"@id\":\"https:\/\/pracownieorange.pl\/wysokie-mazowieckie\/#website\",\"url\":\"https:\/\/pracownieorange.pl\/wysokie-mazowieckie\/\",\"name\":\"Pracownia Orange Wysokie Mazowieckie\",\"description\":\"Kolejna witryna sieci &#8222;Pracownie Orange&#8221;\",\"potentialAction\":[{\"@type\":\"SearchAction\",\"target\":{\"@type\":\"EntryPoint\",\"urlTemplate\":\"https:\/\/pracownieorange.pl\/wysokie-mazowieckie\/?s={search_term_string}\"},\"query-input\":{\"@type\":\"PropertyValueSpecification\",\"valueRequired\":true,\"valueName\":\"search_term_string\"}}],\"inLanguage\":\"pl-PL\"}]}<\/script>\n<!-- \/ Yoast SEO plugin. -->","yoast_head_json":{"title":"Wielkanocne zaj\u0105ce - Pracownia Orange Wysokie Mazowieckie","robots":{"index":"index","follow":"follow","max-snippet":"max-snippet:-1","max-image-preview":"max-image-preview:large","max-video-preview":"max-video-preview:-1"},"canonical":"https:\/\/pracownieorange.pl\/wysokie-mazowieckie\/news\/wielkanocne-zajace\/","og_locale":"pl_PL","og_type":"article","og_title":"Wielkanocne zaj\u0105ce - Pracownia Orange Wysokie Mazowieckie","og_description":"Wczoraj, 31 marca, w naszej Pracowni Orange zrobi\u0142o si\u0119 naprawd\u0119 [&hellip;]","og_url":"https:\/\/pracownieorange.pl\/wysokie-mazowieckie\/news\/wielkanocne-zajace\/","og_site_name":"Pracownia Orange Wysokie Mazowieckie","article_modified_time":"2026-04-01T13:31:02+00:00","og_image":[{"width":2560,"height":1707,"url":"https:\/\/pracownieorange.pl\/app\/uploads\/sites\/35\/2026\/04\/DSC_0107-scaled.jpg","type":"image\/jpeg"}],"twitter_card":"summary_large_image","twitter_misc":{"Est. reading time":"1 minuta"},"schema":{"@context":"https:\/\/schema.org","@graph":[{"@type":"WebPage","@id":"https:\/\/pracownieorange.pl\/wysokie-mazowieckie\/news\/wielkanocne-zajace\/","url":"https:\/\/pracownieorange.pl\/wysokie-mazowieckie\/news\/wielkanocne-zajace\/","name":"Wielkanocne zaj\u0105ce - Pracownia Orange Wysokie Mazowieckie","isPartOf":{"@id":"https:\/\/pracownieorange.pl\/wysokie-mazowieckie\/#website"},"primaryImageOfPage":{"@id":"https:\/\/pracownieorange.pl\/wysokie-mazowieckie\/news\/wielkanocne-zajace\/#primaryimage"},"image":{"@id":"https:\/\/pracownieorange.pl\/wysokie-mazowieckie\/news\/wielkanocne-zajace\/#primaryimage"},"thumbnailUrl":"https:\/\/pracownieorange.pl\/app\/uploads\/sites\/35\/2026\/04\/DSC_0107-scaled.jpg","datePublished":"2026-04-01T09:41:59+00:00","dateModified":"2026-04-01T13:31:02+00:00","breadcrumb":{"@id":"https:\/\/pracownieorange.pl\/wysokie-mazowieckie\/news\/wielkanocne-zajace\/#breadcrumb"},"inLanguage":"pl-PL","potentialAction":[{"@type":"ReadAction","target":["https:\/\/pracownieorange.pl\/wysokie-mazowieckie\/news\/wielkanocne-zajace\/"]}]},{"@type":"ImageObject","inLanguage":"pl-PL","@id":"https:\/\/pracownieorange.pl\/wysokie-mazowieckie\/news\/wielkanocne-zajace\/#primaryimage","url":"https:\/\/pracownieorange.pl\/app\/uploads\/sites\/35\/2026\/04\/DSC_0107-scaled.jpg","contentUrl":"https:\/\/pracownieorange.pl\/app\/uploads\/sites\/35\/2026\/04\/DSC_0107-scaled.jpg","width":2560,"height":1707,"caption":"gotowe zaj\u0105ce wielkanocne z patyczk\u00f3w"},{"@type":"BreadcrumbList","@id":"https:\/\/pracownieorange.pl\/wysokie-mazowieckie\/news\/wielkanocne-zajace\/#breadcrumb","itemListElement":[{"@type":"ListItem","position":1,"name":"Home","item":"https:\/\/pracownieorange.pl\/wysokie-mazowieckie\/"},{"@type":"ListItem","position":2,"name":"Aktualno\u015bci","item":"https:\/\/pracownieorange.pl\/wysokie-mazowieckie\/news\/"},{"@type":"ListItem","position":3,"name":"Wielkanocne zaj\u0105ce"}]},{"@type":"WebSite","@id":"https:\/\/pracownieorange.pl\/wysokie-mazowieckie\/#website","url":"https:\/\/pracownieorange.pl\/wysokie-mazowieckie\/","name":"Pracownia Orange Wysokie Mazowieckie","description":"Kolejna witryna sieci &#8222;Pracownie Orange&#8221;","potentialAction":[{"@type":"SearchAction","target":{"@type":"EntryPoint","urlTemplate":"https:\/\/pracownieorange.pl\/wysokie-mazowieckie\/?s={search_term_string}"},"query-input":{"@type":"PropertyValueSpecification","valueRequired":true,"valueName":"search_term_string"}}],"inLanguage":"pl-PL"}]}},"_links":{"self":[{"href":"https:\/\/pracownieorange.pl\/wysokie-mazowieckie\/wp-json\/wp\/v2\/news\/965","targetHints":{"allow":["GET"]}}],"collection":[{"href":"https:\/\/pracownieorange.pl\/wysokie-mazowieckie\/wp-json\/wp\/v2\/news"}],"about":[{"href":"https:\/\/pracownieorange.pl\/wysokie-mazowieckie\/wp-json\/wp\/v2\/types\/news"}],"author":[{"embeddable":true,"href":"https:\/\/pracownieorange.pl\/wysokie-mazowieckie\/wp-json\/wp\/v2\/users\/135"}],"replies":[{"embeddable":true,"href":"https:\/\/pracownieorange.pl\/wysokie-mazowieckie\/wp-json\/wp\/v2\/comments?post=965"}],"wp:featuredmedia":[{"embeddable":true,"href":"https:\/\/pracownieorange.pl\/wysokie-mazowieckie\/wp-json\/wp\/v2\/media\/975"}],"wp:attachment":[{"href":"https:\/\/pracownieorange.pl\/wysokie-mazowieckie\/wp-json\/wp\/v2\/media?parent=965"}],"curies":[{"name":"wp","href":"https:\/\/api.w.org\/{rel}","templated":true}]}}