

{"id":934,"date":"2026-03-11T15:17:58","date_gmt":"2026-03-11T14:17:58","guid":{"rendered":"https:\/\/pracownieorange.pl\/wysokie-mazowieckie\/?post_type=news&#038;p=934"},"modified":"2026-03-12T10:50:13","modified_gmt":"2026-03-12T09:50:13","slug":"rozswietlamy-pracownie","status":"publish","type":"news","link":"https:\/\/pracownieorange.pl\/wysokie-mazowieckie\/news\/rozswietlamy-pracownie\/","title":{"rendered":"Roz\u015bwietlamy pracowni\u0119!"},"content":{"rendered":"<p>Z okazji Dnia Kobiet, 6 marca 2026 r., postawili\u015bmy na kreatywno\u015b\u0107 i wsp\u00f3ln\u0105 zabaw\u0119! Tego dnia w naszej Pracowni odby\u0142y si\u0119 warsztaty z tworzenia lampek. Uczestnicy udowodnili, \u017ce z odrobin\u0105 wyobra\u017ani mo\u017cna wyczarowa\u0107 prawdziwe cuda! Atmosfera spotkania by\u0142a niesamowita, a 2,5 godziny min\u0119\u0142y jak jedna chwila \ud83d\ude42<\/p>\n<p>Efekt? Przepi\u0119kne, w\u0142asnor\u0119cznie wykonane lampki, kt\u00f3re od teraz b\u0119d\u0105 zdobi\u0107 domy naszych uczestniczek. Ka\u017cda inna, ka\u017cda z dusz\u0105 &#8211; dok\u0142adnie tak jak ich autorki.<\/p>\n<p>Brawo dla uczestniczek! Dzi\u0119kujemy za sp\u0119dzony czas, zaanga\u017cowanie i mn\u00f3stwo inspiruj\u0105cych rozm\u00f3w. To by\u0142 naprawd\u0119 super wiecz\u00f3r w kobiecym gronie.<\/p>\n","protected":false},"excerpt":{"rendered":"<p>Z okazji Dnia Kobiet, 6 marca 2026 r., postawili\u015bmy na [&hellip;]<\/p>\n","protected":false},"author":135,"featured_media":941,"comment_status":"open","ping_status":"closed","template":"","class_list":["post-934","news","type-news","status-publish","has-post-thumbnail","hentry"],"acf":[],"yoast_head":"<!-- This site is optimized with the Yoast SEO plugin v24.5 - https:\/\/yoast.com\/wordpress\/plugins\/seo\/ -->\n<title>Roz\u015bwietlamy pracowni\u0119! - Pracownia Orange Wysokie Mazowieckie<\/title>\n<meta name=\"robots\" content=\"index, follow, max-snippet:-1, max-image-preview:large, max-video-preview:-1\" \/>\n<link rel=\"canonical\" href=\"https:\/\/pracownieorange.pl\/wysokie-mazowieckie\/news\/rozswietlamy-pracownie\/\" \/>\n<meta property=\"og:locale\" content=\"pl_PL\" \/>\n<meta property=\"og:type\" content=\"article\" \/>\n<meta property=\"og:title\" content=\"Roz\u015bwietlamy pracowni\u0119! - Pracownia Orange Wysokie Mazowieckie\" \/>\n<meta property=\"og:description\" content=\"Z okazji Dnia Kobiet, 6 marca 2026 r., postawili\u015bmy na [&hellip;]\" \/>\n<meta property=\"og:url\" content=\"https:\/\/pracownieorange.pl\/wysokie-mazowieckie\/news\/rozswietlamy-pracownie\/\" \/>\n<meta property=\"og:site_name\" content=\"Pracownia Orange Wysokie Mazowieckie\" \/>\n<meta property=\"article:modified_time\" content=\"2026-03-12T09:50:13+00:00\" \/>\n<meta property=\"og:image\" content=\"https:\/\/pracownieorange.pl\/app\/uploads\/sites\/35\/2026\/03\/DSC_0315-scaled.jpg\" \/>\n\t<meta property=\"og:image:width\" content=\"2560\" \/>\n\t<meta property=\"og:image:height\" content=\"1707\" \/>\n\t<meta property=\"og:image:type\" content=\"image\/jpeg\" \/>\n<meta name=\"twitter:card\" content=\"summary_large_image\" \/>\n<meta name=\"twitter:label1\" content=\"Est. reading time\" \/>\n\t<meta name=\"twitter:data1\" content=\"1 minuta\" \/>\n<script type=\"application\/ld+json\" class=\"yoast-schema-graph\">{\"@context\":\"https:\/\/schema.org\",\"@graph\":[{\"@type\":\"WebPage\",\"@id\":\"https:\/\/pracownieorange.pl\/wysokie-mazowieckie\/news\/rozswietlamy-pracownie\/\",\"url\":\"https:\/\/pracownieorange.pl\/wysokie-mazowieckie\/news\/rozswietlamy-pracownie\/\",\"name\":\"Roz\u015bwietlamy pracowni\u0119! - Pracownia Orange Wysokie Mazowieckie\",\"isPartOf\":{\"@id\":\"https:\/\/pracownieorange.pl\/wysokie-mazowieckie\/#website\"},\"primaryImageOfPage\":{\"@id\":\"https:\/\/pracownieorange.pl\/wysokie-mazowieckie\/news\/rozswietlamy-pracownie\/#primaryimage\"},\"image\":{\"@id\":\"https:\/\/pracownieorange.pl\/wysokie-mazowieckie\/news\/rozswietlamy-pracownie\/#primaryimage\"},\"thumbnailUrl\":\"https:\/\/pracownieorange.pl\/app\/uploads\/sites\/35\/2026\/03\/DSC_0315-scaled.jpg\",\"datePublished\":\"2026-03-11T14:17:58+00:00\",\"dateModified\":\"2026-03-12T09:50:13+00:00\",\"breadcrumb\":{\"@id\":\"https:\/\/pracownieorange.pl\/wysokie-mazowieckie\/news\/rozswietlamy-pracownie\/#breadcrumb\"},\"inLanguage\":\"pl-PL\",\"potentialAction\":[{\"@type\":\"ReadAction\",\"target\":[\"https:\/\/pracownieorange.pl\/wysokie-mazowieckie\/news\/rozswietlamy-pracownie\/\"]}]},{\"@type\":\"ImageObject\",\"inLanguage\":\"pl-PL\",\"@id\":\"https:\/\/pracownieorange.pl\/wysokie-mazowieckie\/news\/rozswietlamy-pracownie\/#primaryimage\",\"url\":\"https:\/\/pracownieorange.pl\/app\/uploads\/sites\/35\/2026\/03\/DSC_0315-scaled.jpg\",\"contentUrl\":\"https:\/\/pracownieorange.pl\/app\/uploads\/sites\/35\/2026\/03\/DSC_0315-scaled.jpg\",\"width\":2560,\"height\":1707,\"caption\":\"Trzy gotowe lampki\"},{\"@type\":\"BreadcrumbList\",\"@id\":\"https:\/\/pracownieorange.pl\/wysokie-mazowieckie\/news\/rozswietlamy-pracownie\/#breadcrumb\",\"itemListElement\":[{\"@type\":\"ListItem\",\"position\":1,\"name\":\"Home\",\"item\":\"https:\/\/pracownieorange.pl\/wysokie-mazowieckie\/\"},{\"@type\":\"ListItem\",\"position\":2,\"name\":\"Aktualno\u015bci\",\"item\":\"https:\/\/pracownieorange.pl\/wysokie-mazowieckie\/news\/\"},{\"@type\":\"ListItem\",\"position\":3,\"name\":\"Roz\u015bwietlamy pracowni\u0119!\"}]},{\"@type\":\"WebSite\",\"@id\":\"https:\/\/pracownieorange.pl\/wysokie-mazowieckie\/#website\",\"url\":\"https:\/\/pracownieorange.pl\/wysokie-mazowieckie\/\",\"name\":\"Pracownia Orange Wysokie Mazowieckie\",\"description\":\"Kolejna witryna sieci &#8222;Pracownie Orange&#8221;\",\"potentialAction\":[{\"@type\":\"SearchAction\",\"target\":{\"@type\":\"EntryPoint\",\"urlTemplate\":\"https:\/\/pracownieorange.pl\/wysokie-mazowieckie\/?s={search_term_string}\"},\"query-input\":{\"@type\":\"PropertyValueSpecification\",\"valueRequired\":true,\"valueName\":\"search_term_string\"}}],\"inLanguage\":\"pl-PL\"}]}<\/script>\n<!-- \/ Yoast SEO plugin. -->","yoast_head_json":{"title":"Roz\u015bwietlamy pracowni\u0119! - Pracownia Orange Wysokie Mazowieckie","robots":{"index":"index","follow":"follow","max-snippet":"max-snippet:-1","max-image-preview":"max-image-preview:large","max-video-preview":"max-video-preview:-1"},"canonical":"https:\/\/pracownieorange.pl\/wysokie-mazowieckie\/news\/rozswietlamy-pracownie\/","og_locale":"pl_PL","og_type":"article","og_title":"Roz\u015bwietlamy pracowni\u0119! - Pracownia Orange Wysokie Mazowieckie","og_description":"Z okazji Dnia Kobiet, 6 marca 2026 r., postawili\u015bmy na [&hellip;]","og_url":"https:\/\/pracownieorange.pl\/wysokie-mazowieckie\/news\/rozswietlamy-pracownie\/","og_site_name":"Pracownia Orange Wysokie Mazowieckie","article_modified_time":"2026-03-12T09:50:13+00:00","og_image":[{"width":2560,"height":1707,"url":"https:\/\/pracownieorange.pl\/app\/uploads\/sites\/35\/2026\/03\/DSC_0315-scaled.jpg","type":"image\/jpeg"}],"twitter_card":"summary_large_image","twitter_misc":{"Est. reading time":"1 minuta"},"schema":{"@context":"https:\/\/schema.org","@graph":[{"@type":"WebPage","@id":"https:\/\/pracownieorange.pl\/wysokie-mazowieckie\/news\/rozswietlamy-pracownie\/","url":"https:\/\/pracownieorange.pl\/wysokie-mazowieckie\/news\/rozswietlamy-pracownie\/","name":"Roz\u015bwietlamy pracowni\u0119! - Pracownia Orange Wysokie Mazowieckie","isPartOf":{"@id":"https:\/\/pracownieorange.pl\/wysokie-mazowieckie\/#website"},"primaryImageOfPage":{"@id":"https:\/\/pracownieorange.pl\/wysokie-mazowieckie\/news\/rozswietlamy-pracownie\/#primaryimage"},"image":{"@id":"https:\/\/pracownieorange.pl\/wysokie-mazowieckie\/news\/rozswietlamy-pracownie\/#primaryimage"},"thumbnailUrl":"https:\/\/pracownieorange.pl\/app\/uploads\/sites\/35\/2026\/03\/DSC_0315-scaled.jpg","datePublished":"2026-03-11T14:17:58+00:00","dateModified":"2026-03-12T09:50:13+00:00","breadcrumb":{"@id":"https:\/\/pracownieorange.pl\/wysokie-mazowieckie\/news\/rozswietlamy-pracownie\/#breadcrumb"},"inLanguage":"pl-PL","potentialAction":[{"@type":"ReadAction","target":["https:\/\/pracownieorange.pl\/wysokie-mazowieckie\/news\/rozswietlamy-pracownie\/"]}]},{"@type":"ImageObject","inLanguage":"pl-PL","@id":"https:\/\/pracownieorange.pl\/wysokie-mazowieckie\/news\/rozswietlamy-pracownie\/#primaryimage","url":"https:\/\/pracownieorange.pl\/app\/uploads\/sites\/35\/2026\/03\/DSC_0315-scaled.jpg","contentUrl":"https:\/\/pracownieorange.pl\/app\/uploads\/sites\/35\/2026\/03\/DSC_0315-scaled.jpg","width":2560,"height":1707,"caption":"Trzy gotowe lampki"},{"@type":"BreadcrumbList","@id":"https:\/\/pracownieorange.pl\/wysokie-mazowieckie\/news\/rozswietlamy-pracownie\/#breadcrumb","itemListElement":[{"@type":"ListItem","position":1,"name":"Home","item":"https:\/\/pracownieorange.pl\/wysokie-mazowieckie\/"},{"@type":"ListItem","position":2,"name":"Aktualno\u015bci","item":"https:\/\/pracownieorange.pl\/wysokie-mazowieckie\/news\/"},{"@type":"ListItem","position":3,"name":"Roz\u015bwietlamy pracowni\u0119!"}]},{"@type":"WebSite","@id":"https:\/\/pracownieorange.pl\/wysokie-mazowieckie\/#website","url":"https:\/\/pracownieorange.pl\/wysokie-mazowieckie\/","name":"Pracownia Orange Wysokie Mazowieckie","description":"Kolejna witryna sieci &#8222;Pracownie Orange&#8221;","potentialAction":[{"@type":"SearchAction","target":{"@type":"EntryPoint","urlTemplate":"https:\/\/pracownieorange.pl\/wysokie-mazowieckie\/?s={search_term_string}"},"query-input":{"@type":"PropertyValueSpecification","valueRequired":true,"valueName":"search_term_string"}}],"inLanguage":"pl-PL"}]}},"_links":{"self":[{"href":"https:\/\/pracownieorange.pl\/wysokie-mazowieckie\/wp-json\/wp\/v2\/news\/934","targetHints":{"allow":["GET"]}}],"collection":[{"href":"https:\/\/pracownieorange.pl\/wysokie-mazowieckie\/wp-json\/wp\/v2\/news"}],"about":[{"href":"https:\/\/pracownieorange.pl\/wysokie-mazowieckie\/wp-json\/wp\/v2\/types\/news"}],"author":[{"embeddable":true,"href":"https:\/\/pracownieorange.pl\/wysokie-mazowieckie\/wp-json\/wp\/v2\/users\/135"}],"replies":[{"embeddable":true,"href":"https:\/\/pracownieorange.pl\/wysokie-mazowieckie\/wp-json\/wp\/v2\/comments?post=934"}],"wp:featuredmedia":[{"embeddable":true,"href":"https:\/\/pracownieorange.pl\/wysokie-mazowieckie\/wp-json\/wp\/v2\/media\/941"}],"wp:attachment":[{"href":"https:\/\/pracownieorange.pl\/wysokie-mazowieckie\/wp-json\/wp\/v2\/media?parent=934"}],"curies":[{"name":"wp","href":"https:\/\/api.w.org\/{rel}","templated":true}]}}