

{"id":833,"date":"2025-04-17T15:31:01","date_gmt":"2025-04-17T13:31:01","guid":{"rendered":"https:\/\/pracownieorange.pl\/wysokie-mazowieckie\/?post_type=news&#038;p=833"},"modified":"2025-04-19T20:08:47","modified_gmt":"2025-04-19T18:08:47","slug":"wesolych-swiat-wielkanocnych","status":"publish","type":"news","link":"https:\/\/pracownieorange.pl\/wysokie-mazowieckie\/news\/wesolych-swiat-wielkanocnych\/","title":{"rendered":"Weso\u0142ych \u015awi\u0105t Wielkanocnych!"},"content":{"rendered":"<div class=\"xdj266r x11i5rnm xat24cr x1mh8g0r x1vvkbs x126k92a\">\n<div dir=\"auto\">Drodzy liderzy i liderki Pracowni Orange! Niech ten wyj\u0105tkowy czas przyniesie Wam du\u017co rado\u015bci oraz spokoju. \u017byczymy kolorowych chwil, inspiruj\u0105cych spotka\u0144 i troch\u0119 oddechu od codzienno\u015bci <span class=\"html-span xexx8yu x4uap5 x18d9i69 xkhd6sd x1hl2dhg x16tdsg8 x1vvkbs x3nfvp2 x1j61x8r x1fcty0u xdj266r xat24cr xgzva0m xhhsvwb xxymvpz xlup9mm x1kky2od\"><img loading=\"lazy\" decoding=\"async\" class=\"xz74otr x168nmei x13lgxp2 x5pf9jr xo71vjh\" src=\"https:\/\/static.xx.fbcdn.net\/images\/emoji.php\/v9\/t8e\/1\/16\/1f424.png\" alt=\"\ud83d\udc24\" width=\"16\" height=\"16\" \/><\/span><span class=\"html-span xexx8yu x4uap5 x18d9i69 xkhd6sd x1hl2dhg x16tdsg8 x1vvkbs x3nfvp2 x1j61x8r x1fcty0u xdj266r xat24cr xgzva0m xhhsvwb xxymvpz xlup9mm x1kky2od\"><img loading=\"lazy\" decoding=\"async\" class=\"xz74otr x168nmei x13lgxp2 x5pf9jr xo71vjh\" src=\"https:\/\/static.xx.fbcdn.net\/images\/emoji.php\/v9\/td\/1\/16\/1f423.png\" alt=\"\ud83d\udc23\" width=\"16\" height=\"16\" \/><\/span><span class=\"html-span xexx8yu x4uap5 x18d9i69 xkhd6sd x1hl2dhg x16tdsg8 x1vvkbs x3nfvp2 x1j61x8r x1fcty0u xdj266r xat24cr xgzva0m xhhsvwb xxymvpz xlup9mm x1kky2od\"><img loading=\"lazy\" decoding=\"async\" class=\"xz74otr x168nmei x13lgxp2 x5pf9jr xo71vjh\" src=\"https:\/\/static.xx.fbcdn.net\/images\/emoji.php\/v9\/tf\/1\/16\/1f425.png\" alt=\"\ud83d\udc25\" width=\"16\" height=\"16\" \/> <\/span><\/div>\n<div dir=\"auto\"><span class=\"html-span xexx8yu x4uap5 x18d9i69 xkhd6sd x1hl2dhg x16tdsg8 x1vvkbs x3nfvp2 x1j61x8r x1fcty0u xdj266r xat24cr xgzva0m xhhsvwb xxymvpz xlup9mm x1kky2od\">\u017byczymy te\u017c du\u017co inspiracji, energii do dzia\u0142ania i u\u015bmiechu, kt\u00f3ry zara\u017ca pozytywn\u0105 atmosfer\u0105. Niech zaj\u0105czek przyniesienie nie tylko koszyk s\u0142odko\u015bci, ale i mn\u00f3stwo nowych pomys\u0142\u00f3w! Weso\u0142ych, ciep\u0142ych i pogodnych \u015awi\u0105t!<\/span><\/div>\n<div dir=\"auto\"><\/div>\n<\/div>\n<div class=\"x11i5rnm xat24cr x1mh8g0r x1vvkbs xtlvy1s x126k92a\">\n<div dir=\"auto\">P.S. Zaj\u0105czek Wielkanocny wykonany na warsztatach online zorganizowanych przez Fundacj\u0119 Orange <span class=\"html-span xexx8yu x4uap5 x18d9i69 xkhd6sd x1hl2dhg x16tdsg8 x1vvkbs x3nfvp2 x1j61x8r x1fcty0u xdj266r xat24cr xgzva0m xhhsvwb xxymvpz xlup9mm x1kky2od\"><img loading=\"lazy\" decoding=\"async\" class=\"xz74otr x168nmei x13lgxp2 x5pf9jr xo71vjh\" src=\"https:\/\/static.xx.fbcdn.net\/images\/emoji.php\/v9\/td3\/1\/16\/1f407.png\" alt=\"\ud83d\udc07\" width=\"16\" height=\"16\" \/>\u00a0<\/span><\/div>\n<div dir=\"auto\"><span class=\"html-span xexx8yu x4uap5 x18d9i69 xkhd6sd x1hl2dhg x16tdsg8 x1vvkbs x3nfvp2 x1j61x8r x1fcty0u xdj266r xat24cr xgzva0m xhhsvwb xxymvpz xlup9mm x1kky2od\">Spotkanie poprowadzi\u0142a pani Weronika Podstawka-Bosek. Dzi\u0119kujemy za te inspiruj\u0105ce zaj\u0119cia \ud83d\ude42<\/span><\/div>\n<\/div>\n","protected":false},"excerpt":{"rendered":"<p>Drodzy liderzy i liderki Pracowni Orange! Niech ten wyj\u0105tkowy czas [&hellip;]<\/p>\n","protected":false},"author":135,"featured_media":834,"comment_status":"open","ping_status":"closed","template":"","class_list":["post-833","news","type-news","status-publish","has-post-thumbnail","hentry"],"acf":[],"yoast_head":"<!-- This site is optimized with the Yoast SEO plugin v24.5 - https:\/\/yoast.com\/wordpress\/plugins\/seo\/ -->\n<title>Weso\u0142ych \u015awi\u0105t Wielkanocnych! - Pracownia Orange Wysokie Mazowieckie<\/title>\n<meta name=\"robots\" content=\"index, follow, max-snippet:-1, max-image-preview:large, max-video-preview:-1\" \/>\n<link rel=\"canonical\" href=\"https:\/\/pracownieorange.pl\/wysokie-mazowieckie\/news\/wesolych-swiat-wielkanocnych\/\" \/>\n<meta property=\"og:locale\" content=\"pl_PL\" \/>\n<meta property=\"og:type\" content=\"article\" \/>\n<meta property=\"og:title\" content=\"Weso\u0142ych \u015awi\u0105t Wielkanocnych! - Pracownia Orange Wysokie Mazowieckie\" \/>\n<meta property=\"og:description\" content=\"Drodzy liderzy i liderki Pracowni Orange! Niech ten wyj\u0105tkowy czas [&hellip;]\" \/>\n<meta property=\"og:url\" content=\"https:\/\/pracownieorange.pl\/wysokie-mazowieckie\/news\/wesolych-swiat-wielkanocnych\/\" \/>\n<meta property=\"og:site_name\" content=\"Pracownia Orange Wysokie Mazowieckie\" \/>\n<meta property=\"article:modified_time\" content=\"2025-04-19T18:08:47+00:00\" \/>\n<meta property=\"og:image\" content=\"https:\/\/pracownieorange.pl\/app\/uploads\/sites\/35\/2025\/04\/79667b25-f551-4965-aee6-3daab2b6ca62.jpg\" \/>\n\t<meta property=\"og:image:width\" content=\"1536\" \/>\n\t<meta property=\"og:image:height\" content=\"2048\" \/>\n\t<meta property=\"og:image:type\" content=\"image\/jpeg\" \/>\n<meta name=\"twitter:card\" content=\"summary_large_image\" \/>\n<meta name=\"twitter:label1\" content=\"Est. reading time\" \/>\n\t<meta name=\"twitter:data1\" content=\"2 minuty\" \/>\n<script type=\"application\/ld+json\" class=\"yoast-schema-graph\">{\"@context\":\"https:\/\/schema.org\",\"@graph\":[{\"@type\":\"WebPage\",\"@id\":\"https:\/\/pracownieorange.pl\/wysokie-mazowieckie\/news\/wesolych-swiat-wielkanocnych\/\",\"url\":\"https:\/\/pracownieorange.pl\/wysokie-mazowieckie\/news\/wesolych-swiat-wielkanocnych\/\",\"name\":\"Weso\u0142ych \u015awi\u0105t Wielkanocnych! - Pracownia Orange Wysokie Mazowieckie\",\"isPartOf\":{\"@id\":\"https:\/\/pracownieorange.pl\/wysokie-mazowieckie\/#website\"},\"primaryImageOfPage\":{\"@id\":\"https:\/\/pracownieorange.pl\/wysokie-mazowieckie\/news\/wesolych-swiat-wielkanocnych\/#primaryimage\"},\"image\":{\"@id\":\"https:\/\/pracownieorange.pl\/wysokie-mazowieckie\/news\/wesolych-swiat-wielkanocnych\/#primaryimage\"},\"thumbnailUrl\":\"https:\/\/pracownieorange.pl\/app\/uploads\/sites\/35\/2025\/04\/79667b25-f551-4965-aee6-3daab2b6ca62.jpg\",\"datePublished\":\"2025-04-17T13:31:01+00:00\",\"dateModified\":\"2025-04-19T18:08:47+00:00\",\"breadcrumb\":{\"@id\":\"https:\/\/pracownieorange.pl\/wysokie-mazowieckie\/news\/wesolych-swiat-wielkanocnych\/#breadcrumb\"},\"inLanguage\":\"pl-PL\",\"potentialAction\":[{\"@type\":\"ReadAction\",\"target\":[\"https:\/\/pracownieorange.pl\/wysokie-mazowieckie\/news\/wesolych-swiat-wielkanocnych\/\"]}]},{\"@type\":\"ImageObject\",\"inLanguage\":\"pl-PL\",\"@id\":\"https:\/\/pracownieorange.pl\/wysokie-mazowieckie\/news\/wesolych-swiat-wielkanocnych\/#primaryimage\",\"url\":\"https:\/\/pracownieorange.pl\/app\/uploads\/sites\/35\/2025\/04\/79667b25-f551-4965-aee6-3daab2b6ca62.jpg\",\"contentUrl\":\"https:\/\/pracownieorange.pl\/app\/uploads\/sites\/35\/2025\/04\/79667b25-f551-4965-aee6-3daab2b6ca62.jpg\",\"width\":1536,\"height\":2048,\"caption\":\"zaj\u0105czek wielkanocny\"},{\"@type\":\"BreadcrumbList\",\"@id\":\"https:\/\/pracownieorange.pl\/wysokie-mazowieckie\/news\/wesolych-swiat-wielkanocnych\/#breadcrumb\",\"itemListElement\":[{\"@type\":\"ListItem\",\"position\":1,\"name\":\"Home\",\"item\":\"https:\/\/pracownieorange.pl\/wysokie-mazowieckie\/\"},{\"@type\":\"ListItem\",\"position\":2,\"name\":\"Aktualno\u015bci\",\"item\":\"https:\/\/pracownieorange.pl\/wysokie-mazowieckie\/news\/\"},{\"@type\":\"ListItem\",\"position\":3,\"name\":\"Weso\u0142ych \u015awi\u0105t Wielkanocnych!\"}]},{\"@type\":\"WebSite\",\"@id\":\"https:\/\/pracownieorange.pl\/wysokie-mazowieckie\/#website\",\"url\":\"https:\/\/pracownieorange.pl\/wysokie-mazowieckie\/\",\"name\":\"Pracownia Orange Wysokie Mazowieckie\",\"description\":\"Kolejna witryna sieci &#8222;Pracownie Orange&#8221;\",\"potentialAction\":[{\"@type\":\"SearchAction\",\"target\":{\"@type\":\"EntryPoint\",\"urlTemplate\":\"https:\/\/pracownieorange.pl\/wysokie-mazowieckie\/?s={search_term_string}\"},\"query-input\":{\"@type\":\"PropertyValueSpecification\",\"valueRequired\":true,\"valueName\":\"search_term_string\"}}],\"inLanguage\":\"pl-PL\"}]}<\/script>\n<!-- \/ Yoast SEO plugin. -->","yoast_head_json":{"title":"Weso\u0142ych \u015awi\u0105t Wielkanocnych! - Pracownia Orange Wysokie Mazowieckie","robots":{"index":"index","follow":"follow","max-snippet":"max-snippet:-1","max-image-preview":"max-image-preview:large","max-video-preview":"max-video-preview:-1"},"canonical":"https:\/\/pracownieorange.pl\/wysokie-mazowieckie\/news\/wesolych-swiat-wielkanocnych\/","og_locale":"pl_PL","og_type":"article","og_title":"Weso\u0142ych \u015awi\u0105t Wielkanocnych! - Pracownia Orange Wysokie Mazowieckie","og_description":"Drodzy liderzy i liderki Pracowni Orange! Niech ten wyj\u0105tkowy czas [&hellip;]","og_url":"https:\/\/pracownieorange.pl\/wysokie-mazowieckie\/news\/wesolych-swiat-wielkanocnych\/","og_site_name":"Pracownia Orange Wysokie Mazowieckie","article_modified_time":"2025-04-19T18:08:47+00:00","og_image":[{"width":1536,"height":2048,"url":"https:\/\/pracownieorange.pl\/app\/uploads\/sites\/35\/2025\/04\/79667b25-f551-4965-aee6-3daab2b6ca62.jpg","type":"image\/jpeg"}],"twitter_card":"summary_large_image","twitter_misc":{"Est. reading time":"2 minuty"},"schema":{"@context":"https:\/\/schema.org","@graph":[{"@type":"WebPage","@id":"https:\/\/pracownieorange.pl\/wysokie-mazowieckie\/news\/wesolych-swiat-wielkanocnych\/","url":"https:\/\/pracownieorange.pl\/wysokie-mazowieckie\/news\/wesolych-swiat-wielkanocnych\/","name":"Weso\u0142ych \u015awi\u0105t Wielkanocnych! - Pracownia Orange Wysokie Mazowieckie","isPartOf":{"@id":"https:\/\/pracownieorange.pl\/wysokie-mazowieckie\/#website"},"primaryImageOfPage":{"@id":"https:\/\/pracownieorange.pl\/wysokie-mazowieckie\/news\/wesolych-swiat-wielkanocnych\/#primaryimage"},"image":{"@id":"https:\/\/pracownieorange.pl\/wysokie-mazowieckie\/news\/wesolych-swiat-wielkanocnych\/#primaryimage"},"thumbnailUrl":"https:\/\/pracownieorange.pl\/app\/uploads\/sites\/35\/2025\/04\/79667b25-f551-4965-aee6-3daab2b6ca62.jpg","datePublished":"2025-04-17T13:31:01+00:00","dateModified":"2025-04-19T18:08:47+00:00","breadcrumb":{"@id":"https:\/\/pracownieorange.pl\/wysokie-mazowieckie\/news\/wesolych-swiat-wielkanocnych\/#breadcrumb"},"inLanguage":"pl-PL","potentialAction":[{"@type":"ReadAction","target":["https:\/\/pracownieorange.pl\/wysokie-mazowieckie\/news\/wesolych-swiat-wielkanocnych\/"]}]},{"@type":"ImageObject","inLanguage":"pl-PL","@id":"https:\/\/pracownieorange.pl\/wysokie-mazowieckie\/news\/wesolych-swiat-wielkanocnych\/#primaryimage","url":"https:\/\/pracownieorange.pl\/app\/uploads\/sites\/35\/2025\/04\/79667b25-f551-4965-aee6-3daab2b6ca62.jpg","contentUrl":"https:\/\/pracownieorange.pl\/app\/uploads\/sites\/35\/2025\/04\/79667b25-f551-4965-aee6-3daab2b6ca62.jpg","width":1536,"height":2048,"caption":"zaj\u0105czek wielkanocny"},{"@type":"BreadcrumbList","@id":"https:\/\/pracownieorange.pl\/wysokie-mazowieckie\/news\/wesolych-swiat-wielkanocnych\/#breadcrumb","itemListElement":[{"@type":"ListItem","position":1,"name":"Home","item":"https:\/\/pracownieorange.pl\/wysokie-mazowieckie\/"},{"@type":"ListItem","position":2,"name":"Aktualno\u015bci","item":"https:\/\/pracownieorange.pl\/wysokie-mazowieckie\/news\/"},{"@type":"ListItem","position":3,"name":"Weso\u0142ych \u015awi\u0105t Wielkanocnych!"}]},{"@type":"WebSite","@id":"https:\/\/pracownieorange.pl\/wysokie-mazowieckie\/#website","url":"https:\/\/pracownieorange.pl\/wysokie-mazowieckie\/","name":"Pracownia Orange Wysokie Mazowieckie","description":"Kolejna witryna sieci &#8222;Pracownie Orange&#8221;","potentialAction":[{"@type":"SearchAction","target":{"@type":"EntryPoint","urlTemplate":"https:\/\/pracownieorange.pl\/wysokie-mazowieckie\/?s={search_term_string}"},"query-input":{"@type":"PropertyValueSpecification","valueRequired":true,"valueName":"search_term_string"}}],"inLanguage":"pl-PL"}]}},"_links":{"self":[{"href":"https:\/\/pracownieorange.pl\/wysokie-mazowieckie\/wp-json\/wp\/v2\/news\/833","targetHints":{"allow":["GET"]}}],"collection":[{"href":"https:\/\/pracownieorange.pl\/wysokie-mazowieckie\/wp-json\/wp\/v2\/news"}],"about":[{"href":"https:\/\/pracownieorange.pl\/wysokie-mazowieckie\/wp-json\/wp\/v2\/types\/news"}],"author":[{"embeddable":true,"href":"https:\/\/pracownieorange.pl\/wysokie-mazowieckie\/wp-json\/wp\/v2\/users\/135"}],"replies":[{"embeddable":true,"href":"https:\/\/pracownieorange.pl\/wysokie-mazowieckie\/wp-json\/wp\/v2\/comments?post=833"}],"wp:featuredmedia":[{"embeddable":true,"href":"https:\/\/pracownieorange.pl\/wysokie-mazowieckie\/wp-json\/wp\/v2\/media\/834"}],"wp:attachment":[{"href":"https:\/\/pracownieorange.pl\/wysokie-mazowieckie\/wp-json\/wp\/v2\/media?parent=833"}],"curies":[{"name":"wp","href":"https:\/\/api.w.org\/{rel}","templated":true}]}}