

{"id":173,"date":"2023-01-20T14:56:45","date_gmt":"2023-01-20T13:56:45","guid":{"rendered":"https:\/\/pracownieorange.pl\/wysokie-mazowieckie\/?post_type=news&#038;p=173"},"modified":"2023-01-21T13:18:42","modified_gmt":"2023-01-21T12:18:42","slug":"ferie-zimowe-z-mok","status":"publish","type":"news","link":"https:\/\/pracownieorange.pl\/wysokie-mazowieckie\/news\/ferie-zimowe-z-mok\/","title":{"rendered":"Ferie zimowe z MOK"},"content":{"rendered":"<p>Pracownia Orange w Wysokiem Mazowieckiem razem z Miejskim O\u015brodkiem Kultury i partnerami przygotowa\u0142a ofert\u0119 zaj\u0119\u0107 dla dzieci na ferie zimowe 2023.<\/p>\n<p>Rozpoczynamy ju\u017c 23 stycznia od zimowych eksperyment\u00f3w (zrobimy m.in. sztuczny \u015bnieg, ciecz nienewtonowsk\u0105 i przeprowadzimy inne ciekawe do\u015bwiadczenia). Zagramy te\u017c w gry planszowe \ud83d\ude42 Wsp\u00f3lnie z Miejsk\u0105 Bibliotek\u0105 Publiczn\u0105 przeprowadzimy potworne warsztaty z ksi\u0105\u017ck\u0105, na kt\u00f3rych wykonamy w\u0142asne potworki \ud83d\ude09 W drugim tygodniu ferii b\u0119dziemy bawi\u0107 si\u0119 na Balu Karnawa\u0142owym, na kt\u00f3rym obowi\u0105zuj\u0105 przebrania i dobry humor \ud83d\ude42<\/p>\n<p>ZAPRASZAMY!!! JAK ZWYKLE B\u0118DZIE SI\u0118 DZIA\u0141O \ud83d\ude42<\/p>\n","protected":false},"excerpt":{"rendered":"<p>Pracownia Orange w Wysokiem Mazowieckiem razem z Miejskim O\u015brodkiem Kultury [&hellip;]<\/p>\n","protected":false},"author":135,"featured_media":175,"comment_status":"open","ping_status":"closed","template":"","class_list":["post-173","news","type-news","status-publish","has-post-thumbnail","hentry"],"acf":[],"yoast_head":"<!-- This site is optimized with the Yoast SEO plugin v24.5 - https:\/\/yoast.com\/wordpress\/plugins\/seo\/ -->\n<title>Ferie zimowe z MOK - Pracownia Orange Wysokie Mazowieckie<\/title>\n<meta name=\"robots\" content=\"index, follow, max-snippet:-1, max-image-preview:large, max-video-preview:-1\" \/>\n<link rel=\"canonical\" href=\"https:\/\/pracownieorange.pl\/wysokie-mazowieckie\/news\/ferie-zimowe-z-mok\/\" \/>\n<meta property=\"og:locale\" content=\"pl_PL\" \/>\n<meta property=\"og:type\" content=\"article\" \/>\n<meta property=\"og:title\" content=\"Ferie zimowe z MOK - Pracownia Orange Wysokie Mazowieckie\" \/>\n<meta property=\"og:description\" content=\"Pracownia Orange w Wysokiem Mazowieckiem razem z Miejskim O\u015brodkiem Kultury [&hellip;]\" \/>\n<meta property=\"og:url\" content=\"https:\/\/pracownieorange.pl\/wysokie-mazowieckie\/news\/ferie-zimowe-z-mok\/\" \/>\n<meta property=\"og:site_name\" content=\"Pracownia Orange Wysokie Mazowieckie\" \/>\n<meta property=\"article:modified_time\" content=\"2023-01-21T12:18:42+00:00\" \/>\n<meta property=\"og:image\" content=\"https:\/\/pracownieorange.pl\/app\/uploads\/sites\/35\/2023\/01\/Ferie-z-pracownia-plakat.gif\" \/>\n\t<meta property=\"og:image:width\" content=\"793\" \/>\n\t<meta property=\"og:image:height\" content=\"1122\" \/>\n\t<meta property=\"og:image:type\" content=\"image\/gif\" \/>\n<meta name=\"twitter:card\" content=\"summary_large_image\" \/>\n<meta name=\"twitter:label1\" content=\"Est. reading time\" \/>\n\t<meta name=\"twitter:data1\" content=\"1 minuta\" \/>\n<script type=\"application\/ld+json\" class=\"yoast-schema-graph\">{\"@context\":\"https:\/\/schema.org\",\"@graph\":[{\"@type\":\"WebPage\",\"@id\":\"https:\/\/pracownieorange.pl\/wysokie-mazowieckie\/news\/ferie-zimowe-z-mok\/\",\"url\":\"https:\/\/pracownieorange.pl\/wysokie-mazowieckie\/news\/ferie-zimowe-z-mok\/\",\"name\":\"Ferie zimowe z MOK - Pracownia Orange Wysokie Mazowieckie\",\"isPartOf\":{\"@id\":\"https:\/\/pracownieorange.pl\/wysokie-mazowieckie\/#website\"},\"primaryImageOfPage\":{\"@id\":\"https:\/\/pracownieorange.pl\/wysokie-mazowieckie\/news\/ferie-zimowe-z-mok\/#primaryimage\"},\"image\":{\"@id\":\"https:\/\/pracownieorange.pl\/wysokie-mazowieckie\/news\/ferie-zimowe-z-mok\/#primaryimage\"},\"thumbnailUrl\":\"https:\/\/pracownieorange.pl\/app\/uploads\/sites\/35\/2023\/01\/Ferie-z-pracownia-plakat.gif\",\"datePublished\":\"2023-01-20T13:56:45+00:00\",\"dateModified\":\"2023-01-21T12:18:42+00:00\",\"breadcrumb\":{\"@id\":\"https:\/\/pracownieorange.pl\/wysokie-mazowieckie\/news\/ferie-zimowe-z-mok\/#breadcrumb\"},\"inLanguage\":\"pl-PL\",\"potentialAction\":[{\"@type\":\"ReadAction\",\"target\":[\"https:\/\/pracownieorange.pl\/wysokie-mazowieckie\/news\/ferie-zimowe-z-mok\/\"]}]},{\"@type\":\"ImageObject\",\"inLanguage\":\"pl-PL\",\"@id\":\"https:\/\/pracownieorange.pl\/wysokie-mazowieckie\/news\/ferie-zimowe-z-mok\/#primaryimage\",\"url\":\"https:\/\/pracownieorange.pl\/app\/uploads\/sites\/35\/2023\/01\/Ferie-z-pracownia-plakat.gif\",\"contentUrl\":\"https:\/\/pracownieorange.pl\/app\/uploads\/sites\/35\/2023\/01\/Ferie-z-pracownia-plakat.gif\",\"width\":793,\"height\":1122,\"caption\":\"plakat ferie z pracowni\u0105\"},{\"@type\":\"BreadcrumbList\",\"@id\":\"https:\/\/pracownieorange.pl\/wysokie-mazowieckie\/news\/ferie-zimowe-z-mok\/#breadcrumb\",\"itemListElement\":[{\"@type\":\"ListItem\",\"position\":1,\"name\":\"Home\",\"item\":\"https:\/\/pracownieorange.pl\/wysokie-mazowieckie\/\"},{\"@type\":\"ListItem\",\"position\":2,\"name\":\"Aktualno\u015bci\",\"item\":\"https:\/\/pracownieorange.pl\/wysokie-mazowieckie\/news\/\"},{\"@type\":\"ListItem\",\"position\":3,\"name\":\"Ferie zimowe z MOK\"}]},{\"@type\":\"WebSite\",\"@id\":\"https:\/\/pracownieorange.pl\/wysokie-mazowieckie\/#website\",\"url\":\"https:\/\/pracownieorange.pl\/wysokie-mazowieckie\/\",\"name\":\"Pracownia Orange Wysokie Mazowieckie\",\"description\":\"Kolejna witryna sieci &#8222;Pracownie Orange&#8221;\",\"potentialAction\":[{\"@type\":\"SearchAction\",\"target\":{\"@type\":\"EntryPoint\",\"urlTemplate\":\"https:\/\/pracownieorange.pl\/wysokie-mazowieckie\/?s={search_term_string}\"},\"query-input\":{\"@type\":\"PropertyValueSpecification\",\"valueRequired\":true,\"valueName\":\"search_term_string\"}}],\"inLanguage\":\"pl-PL\"}]}<\/script>\n<!-- \/ Yoast SEO plugin. -->","yoast_head_json":{"title":"Ferie zimowe z MOK - Pracownia Orange Wysokie Mazowieckie","robots":{"index":"index","follow":"follow","max-snippet":"max-snippet:-1","max-image-preview":"max-image-preview:large","max-video-preview":"max-video-preview:-1"},"canonical":"https:\/\/pracownieorange.pl\/wysokie-mazowieckie\/news\/ferie-zimowe-z-mok\/","og_locale":"pl_PL","og_type":"article","og_title":"Ferie zimowe z MOK - Pracownia Orange Wysokie Mazowieckie","og_description":"Pracownia Orange w Wysokiem Mazowieckiem razem z Miejskim O\u015brodkiem Kultury [&hellip;]","og_url":"https:\/\/pracownieorange.pl\/wysokie-mazowieckie\/news\/ferie-zimowe-z-mok\/","og_site_name":"Pracownia Orange Wysokie Mazowieckie","article_modified_time":"2023-01-21T12:18:42+00:00","og_image":[{"width":793,"height":1122,"url":"https:\/\/pracownieorange.pl\/app\/uploads\/sites\/35\/2023\/01\/Ferie-z-pracownia-plakat.gif","type":"image\/gif"}],"twitter_card":"summary_large_image","twitter_misc":{"Est. reading time":"1 minuta"},"schema":{"@context":"https:\/\/schema.org","@graph":[{"@type":"WebPage","@id":"https:\/\/pracownieorange.pl\/wysokie-mazowieckie\/news\/ferie-zimowe-z-mok\/","url":"https:\/\/pracownieorange.pl\/wysokie-mazowieckie\/news\/ferie-zimowe-z-mok\/","name":"Ferie zimowe z MOK - Pracownia Orange Wysokie Mazowieckie","isPartOf":{"@id":"https:\/\/pracownieorange.pl\/wysokie-mazowieckie\/#website"},"primaryImageOfPage":{"@id":"https:\/\/pracownieorange.pl\/wysokie-mazowieckie\/news\/ferie-zimowe-z-mok\/#primaryimage"},"image":{"@id":"https:\/\/pracownieorange.pl\/wysokie-mazowieckie\/news\/ferie-zimowe-z-mok\/#primaryimage"},"thumbnailUrl":"https:\/\/pracownieorange.pl\/app\/uploads\/sites\/35\/2023\/01\/Ferie-z-pracownia-plakat.gif","datePublished":"2023-01-20T13:56:45+00:00","dateModified":"2023-01-21T12:18:42+00:00","breadcrumb":{"@id":"https:\/\/pracownieorange.pl\/wysokie-mazowieckie\/news\/ferie-zimowe-z-mok\/#breadcrumb"},"inLanguage":"pl-PL","potentialAction":[{"@type":"ReadAction","target":["https:\/\/pracownieorange.pl\/wysokie-mazowieckie\/news\/ferie-zimowe-z-mok\/"]}]},{"@type":"ImageObject","inLanguage":"pl-PL","@id":"https:\/\/pracownieorange.pl\/wysokie-mazowieckie\/news\/ferie-zimowe-z-mok\/#primaryimage","url":"https:\/\/pracownieorange.pl\/app\/uploads\/sites\/35\/2023\/01\/Ferie-z-pracownia-plakat.gif","contentUrl":"https:\/\/pracownieorange.pl\/app\/uploads\/sites\/35\/2023\/01\/Ferie-z-pracownia-plakat.gif","width":793,"height":1122,"caption":"plakat ferie z pracowni\u0105"},{"@type":"BreadcrumbList","@id":"https:\/\/pracownieorange.pl\/wysokie-mazowieckie\/news\/ferie-zimowe-z-mok\/#breadcrumb","itemListElement":[{"@type":"ListItem","position":1,"name":"Home","item":"https:\/\/pracownieorange.pl\/wysokie-mazowieckie\/"},{"@type":"ListItem","position":2,"name":"Aktualno\u015bci","item":"https:\/\/pracownieorange.pl\/wysokie-mazowieckie\/news\/"},{"@type":"ListItem","position":3,"name":"Ferie zimowe z MOK"}]},{"@type":"WebSite","@id":"https:\/\/pracownieorange.pl\/wysokie-mazowieckie\/#website","url":"https:\/\/pracownieorange.pl\/wysokie-mazowieckie\/","name":"Pracownia Orange Wysokie Mazowieckie","description":"Kolejna witryna sieci &#8222;Pracownie Orange&#8221;","potentialAction":[{"@type":"SearchAction","target":{"@type":"EntryPoint","urlTemplate":"https:\/\/pracownieorange.pl\/wysokie-mazowieckie\/?s={search_term_string}"},"query-input":{"@type":"PropertyValueSpecification","valueRequired":true,"valueName":"search_term_string"}}],"inLanguage":"pl-PL"}]}},"_links":{"self":[{"href":"https:\/\/pracownieorange.pl\/wysokie-mazowieckie\/wp-json\/wp\/v2\/news\/173","targetHints":{"allow":["GET"]}}],"collection":[{"href":"https:\/\/pracownieorange.pl\/wysokie-mazowieckie\/wp-json\/wp\/v2\/news"}],"about":[{"href":"https:\/\/pracownieorange.pl\/wysokie-mazowieckie\/wp-json\/wp\/v2\/types\/news"}],"author":[{"embeddable":true,"href":"https:\/\/pracownieorange.pl\/wysokie-mazowieckie\/wp-json\/wp\/v2\/users\/135"}],"replies":[{"embeddable":true,"href":"https:\/\/pracownieorange.pl\/wysokie-mazowieckie\/wp-json\/wp\/v2\/comments?post=173"}],"wp:featuredmedia":[{"embeddable":true,"href":"https:\/\/pracownieorange.pl\/wysokie-mazowieckie\/wp-json\/wp\/v2\/media\/175"}],"wp:attachment":[{"href":"https:\/\/pracownieorange.pl\/wysokie-mazowieckie\/wp-json\/wp\/v2\/media?parent=173"}],"curies":[{"name":"wp","href":"https:\/\/api.w.org\/{rel}","templated":true}]}}