

{"id":124,"date":"2023-10-21T23:09:21","date_gmt":"2023-10-21T21:09:21","guid":{"rendered":"https:\/\/pracownieorange.pl\/wschowa\/?post_type=news&#038;p=124"},"modified":"2023-10-22T20:58:19","modified_gmt":"2023-10-22T18:58:19","slug":"seniorzy-w-pracowni-orange","status":"publish","type":"news","link":"https:\/\/pracownieorange.pl\/wschowa\/news\/seniorzy-w-pracowni-orange\/","title":{"rendered":"Seniorzy w Pracowni Orange"},"content":{"rendered":"<p>Wschowscy seniorzy spotykaj\u0105 si\u0119 w ka\u017cd\u0105 \u015brod\u0119 w Pracowni Orange. Podczas spotka\u0144 przy pysznej kawie z cudownych kubk\u00f3w rozmawiaj\u0105 o planach dzia\u0142ania, mo\u017cliwo\u015bciach rozwoju.<\/p>\n<p>Na ostatnim spotkaniu omawiali z pe\u0142nomocnikiem ds. senior\u00f3w scenariusz obchod\u00f3w Dni Seniora w Gminie Wschowa. Ka\u017cdy z uczestnik\u00f3w m\u00f3wi o sowich spostrze\u017ceniach, do\u015bwiadczeniach. Podsumowali r\u00f3wnie\u017c ostatnie wydarzenia. Teraz gdy za oknem ju\u017c coraz ch\u0142odniej wi\u0119cej czasu sp\u0119dza\u0107 b\u0119d\u0105 w pomieszczeniach wi\u0119c planowali zaj\u0119cia, wyk\u0142ady i warsztaty. Ch\u0119tnie i bez obaw korzystaj\u0105 w komputer\u00f3w. Przed nami spotkania z przedstawicielami banku &#8211; bankowo\u015b\u0107 elektroniczna nie jest mi obca. Ju\u017c doczeka\u0107 si\u0119 nie mo\u017cemy.<\/p>\n","protected":false},"excerpt":{"rendered":"<p>Wschowscy seniorzy spotykaj\u0105 si\u0119 w ka\u017cd\u0105 \u015brod\u0119 w Pracowni Orange. [&hellip;]<\/p>\n","protected":false},"author":212,"featured_media":83,"comment_status":"open","ping_status":"closed","template":"","class_list":["post-124","news","type-news","status-publish","has-post-thumbnail","hentry"],"acf":[],"yoast_head":"<!-- This site is optimized with the Yoast SEO plugin v24.5 - https:\/\/yoast.com\/wordpress\/plugins\/seo\/ -->\n<title>Seniorzy w Pracowni Orange - Pracownia Orange Wschowa<\/title>\n<meta name=\"robots\" content=\"index, follow, max-snippet:-1, max-image-preview:large, max-video-preview:-1\" \/>\n<link rel=\"canonical\" href=\"https:\/\/pracownieorange.pl\/wschowa\/news\/seniorzy-w-pracowni-orange\/\" \/>\n<meta property=\"og:locale\" content=\"pl_PL\" \/>\n<meta property=\"og:type\" content=\"article\" \/>\n<meta property=\"og:title\" content=\"Seniorzy w Pracowni Orange - Pracownia Orange Wschowa\" \/>\n<meta property=\"og:description\" content=\"Wschowscy seniorzy spotykaj\u0105 si\u0119 w ka\u017cd\u0105 \u015brod\u0119 w Pracowni Orange. [&hellip;]\" \/>\n<meta property=\"og:url\" content=\"https:\/\/pracownieorange.pl\/wschowa\/news\/seniorzy-w-pracowni-orange\/\" \/>\n<meta property=\"og:site_name\" content=\"Pracownia Orange Wschowa\" \/>\n<meta property=\"article:modified_time\" content=\"2023-10-22T18:58:19+00:00\" \/>\n<meta property=\"og:image\" content=\"https:\/\/pracownieorange.pl\/app\/uploads\/sites\/109\/2023\/10\/391666662_23945045225140148_3372690632502559716_n.jpg\" \/>\n\t<meta property=\"og:image:width\" content=\"2048\" \/>\n\t<meta property=\"og:image:height\" content=\"1153\" \/>\n\t<meta property=\"og:image:type\" content=\"image\/jpeg\" \/>\n<meta name=\"twitter:card\" content=\"summary_large_image\" \/>\n<meta name=\"twitter:label1\" content=\"Est. reading time\" \/>\n\t<meta name=\"twitter:data1\" content=\"1 minuta\" \/>\n<script type=\"application\/ld+json\" class=\"yoast-schema-graph\">{\"@context\":\"https:\/\/schema.org\",\"@graph\":[{\"@type\":\"WebPage\",\"@id\":\"https:\/\/pracownieorange.pl\/wschowa\/news\/seniorzy-w-pracowni-orange\/\",\"url\":\"https:\/\/pracownieorange.pl\/wschowa\/news\/seniorzy-w-pracowni-orange\/\",\"name\":\"Seniorzy w Pracowni Orange - Pracownia Orange Wschowa\",\"isPartOf\":{\"@id\":\"https:\/\/pracownieorange.pl\/wschowa\/#website\"},\"primaryImageOfPage\":{\"@id\":\"https:\/\/pracownieorange.pl\/wschowa\/news\/seniorzy-w-pracowni-orange\/#primaryimage\"},\"image\":{\"@id\":\"https:\/\/pracownieorange.pl\/wschowa\/news\/seniorzy-w-pracowni-orange\/#primaryimage\"},\"thumbnailUrl\":\"https:\/\/pracownieorange.pl\/app\/uploads\/sites\/109\/2023\/10\/391666662_23945045225140148_3372690632502559716_n.jpg\",\"datePublished\":\"2023-10-21T21:09:21+00:00\",\"dateModified\":\"2023-10-22T18:58:19+00:00\",\"breadcrumb\":{\"@id\":\"https:\/\/pracownieorange.pl\/wschowa\/news\/seniorzy-w-pracowni-orange\/#breadcrumb\"},\"inLanguage\":\"pl-PL\",\"potentialAction\":[{\"@type\":\"ReadAction\",\"target\":[\"https:\/\/pracownieorange.pl\/wschowa\/news\/seniorzy-w-pracowni-orange\/\"]}]},{\"@type\":\"ImageObject\",\"inLanguage\":\"pl-PL\",\"@id\":\"https:\/\/pracownieorange.pl\/wschowa\/news\/seniorzy-w-pracowni-orange\/#primaryimage\",\"url\":\"https:\/\/pracownieorange.pl\/app\/uploads\/sites\/109\/2023\/10\/391666662_23945045225140148_3372690632502559716_n.jpg\",\"contentUrl\":\"https:\/\/pracownieorange.pl\/app\/uploads\/sites\/109\/2023\/10\/391666662_23945045225140148_3372690632502559716_n.jpg\",\"width\":2048,\"height\":1153,\"caption\":\"Seniorzy w Pracowni Orange\"},{\"@type\":\"BreadcrumbList\",\"@id\":\"https:\/\/pracownieorange.pl\/wschowa\/news\/seniorzy-w-pracowni-orange\/#breadcrumb\",\"itemListElement\":[{\"@type\":\"ListItem\",\"position\":1,\"name\":\"Home\",\"item\":\"https:\/\/pracownieorange.pl\/wschowa\/\"},{\"@type\":\"ListItem\",\"position\":2,\"name\":\"Aktualno\u015bci\",\"item\":\"https:\/\/pracownieorange.pl\/wschowa\/news\/\"},{\"@type\":\"ListItem\",\"position\":3,\"name\":\"Seniorzy w Pracowni Orange\"}]},{\"@type\":\"WebSite\",\"@id\":\"https:\/\/pracownieorange.pl\/wschowa\/#website\",\"url\":\"https:\/\/pracownieorange.pl\/wschowa\/\",\"name\":\"Pracownia Orange Wschowa\",\"description\":\"\",\"potentialAction\":[{\"@type\":\"SearchAction\",\"target\":{\"@type\":\"EntryPoint\",\"urlTemplate\":\"https:\/\/pracownieorange.pl\/wschowa\/?s={search_term_string}\"},\"query-input\":{\"@type\":\"PropertyValueSpecification\",\"valueRequired\":true,\"valueName\":\"search_term_string\"}}],\"inLanguage\":\"pl-PL\"}]}<\/script>\n<!-- \/ Yoast SEO plugin. -->","yoast_head_json":{"title":"Seniorzy w Pracowni Orange - Pracownia Orange Wschowa","robots":{"index":"index","follow":"follow","max-snippet":"max-snippet:-1","max-image-preview":"max-image-preview:large","max-video-preview":"max-video-preview:-1"},"canonical":"https:\/\/pracownieorange.pl\/wschowa\/news\/seniorzy-w-pracowni-orange\/","og_locale":"pl_PL","og_type":"article","og_title":"Seniorzy w Pracowni Orange - Pracownia Orange Wschowa","og_description":"Wschowscy seniorzy spotykaj\u0105 si\u0119 w ka\u017cd\u0105 \u015brod\u0119 w Pracowni Orange. [&hellip;]","og_url":"https:\/\/pracownieorange.pl\/wschowa\/news\/seniorzy-w-pracowni-orange\/","og_site_name":"Pracownia Orange Wschowa","article_modified_time":"2023-10-22T18:58:19+00:00","og_image":[{"width":2048,"height":1153,"url":"https:\/\/pracownieorange.pl\/app\/uploads\/sites\/109\/2023\/10\/391666662_23945045225140148_3372690632502559716_n.jpg","type":"image\/jpeg"}],"twitter_card":"summary_large_image","twitter_misc":{"Est. reading time":"1 minuta"},"schema":{"@context":"https:\/\/schema.org","@graph":[{"@type":"WebPage","@id":"https:\/\/pracownieorange.pl\/wschowa\/news\/seniorzy-w-pracowni-orange\/","url":"https:\/\/pracownieorange.pl\/wschowa\/news\/seniorzy-w-pracowni-orange\/","name":"Seniorzy w Pracowni Orange - Pracownia Orange Wschowa","isPartOf":{"@id":"https:\/\/pracownieorange.pl\/wschowa\/#website"},"primaryImageOfPage":{"@id":"https:\/\/pracownieorange.pl\/wschowa\/news\/seniorzy-w-pracowni-orange\/#primaryimage"},"image":{"@id":"https:\/\/pracownieorange.pl\/wschowa\/news\/seniorzy-w-pracowni-orange\/#primaryimage"},"thumbnailUrl":"https:\/\/pracownieorange.pl\/app\/uploads\/sites\/109\/2023\/10\/391666662_23945045225140148_3372690632502559716_n.jpg","datePublished":"2023-10-21T21:09:21+00:00","dateModified":"2023-10-22T18:58:19+00:00","breadcrumb":{"@id":"https:\/\/pracownieorange.pl\/wschowa\/news\/seniorzy-w-pracowni-orange\/#breadcrumb"},"inLanguage":"pl-PL","potentialAction":[{"@type":"ReadAction","target":["https:\/\/pracownieorange.pl\/wschowa\/news\/seniorzy-w-pracowni-orange\/"]}]},{"@type":"ImageObject","inLanguage":"pl-PL","@id":"https:\/\/pracownieorange.pl\/wschowa\/news\/seniorzy-w-pracowni-orange\/#primaryimage","url":"https:\/\/pracownieorange.pl\/app\/uploads\/sites\/109\/2023\/10\/391666662_23945045225140148_3372690632502559716_n.jpg","contentUrl":"https:\/\/pracownieorange.pl\/app\/uploads\/sites\/109\/2023\/10\/391666662_23945045225140148_3372690632502559716_n.jpg","width":2048,"height":1153,"caption":"Seniorzy w Pracowni Orange"},{"@type":"BreadcrumbList","@id":"https:\/\/pracownieorange.pl\/wschowa\/news\/seniorzy-w-pracowni-orange\/#breadcrumb","itemListElement":[{"@type":"ListItem","position":1,"name":"Home","item":"https:\/\/pracownieorange.pl\/wschowa\/"},{"@type":"ListItem","position":2,"name":"Aktualno\u015bci","item":"https:\/\/pracownieorange.pl\/wschowa\/news\/"},{"@type":"ListItem","position":3,"name":"Seniorzy w Pracowni Orange"}]},{"@type":"WebSite","@id":"https:\/\/pracownieorange.pl\/wschowa\/#website","url":"https:\/\/pracownieorange.pl\/wschowa\/","name":"Pracownia Orange Wschowa","description":"","potentialAction":[{"@type":"SearchAction","target":{"@type":"EntryPoint","urlTemplate":"https:\/\/pracownieorange.pl\/wschowa\/?s={search_term_string}"},"query-input":{"@type":"PropertyValueSpecification","valueRequired":true,"valueName":"search_term_string"}}],"inLanguage":"pl-PL"}]}},"_links":{"self":[{"href":"https:\/\/pracownieorange.pl\/wschowa\/wp-json\/wp\/v2\/news\/124","targetHints":{"allow":["GET"]}}],"collection":[{"href":"https:\/\/pracownieorange.pl\/wschowa\/wp-json\/wp\/v2\/news"}],"about":[{"href":"https:\/\/pracownieorange.pl\/wschowa\/wp-json\/wp\/v2\/types\/news"}],"author":[{"embeddable":true,"href":"https:\/\/pracownieorange.pl\/wschowa\/wp-json\/wp\/v2\/users\/212"}],"replies":[{"embeddable":true,"href":"https:\/\/pracownieorange.pl\/wschowa\/wp-json\/wp\/v2\/comments?post=124"}],"wp:featuredmedia":[{"embeddable":true,"href":"https:\/\/pracownieorange.pl\/wschowa\/wp-json\/wp\/v2\/media\/83"}],"wp:attachment":[{"href":"https:\/\/pracownieorange.pl\/wschowa\/wp-json\/wp\/v2\/media?parent=124"}],"curies":[{"name":"wp","href":"https:\/\/api.w.org\/{rel}","templated":true}]}}