

{"id":8,"date":"2024-10-28T13:05:56","date_gmt":"2024-10-28T12:05:56","guid":{"rendered":"https:\/\/pracownieorange.pl\/wierzbica\/?post_type=news&#038;p=8"},"modified":"2024-10-29T11:12:19","modified_gmt":"2024-10-29T10:12:19","slug":"z-sercem-uszyte-warsztaty-krawieckie","status":"publish","type":"news","link":"https:\/\/pracownieorange.pl\/wierzbica\/news\/z-sercem-uszyte-warsztaty-krawieckie\/","title":{"rendered":"#z sercem uszyte &#8211; warsztaty krawieckie"},"content":{"rendered":"<p>W Pracowni Orange w Wierzbicy odby\u0142y si\u0119 warsztaty krawieckie #z sercem uszyte. Warsztaty poprowadzi\u0142y Panie: Danuta i Alicja &#8211; mieszkanki Wierzbicy z do\u015bwiadczeniem i wiedz\u0105 w zakresie obs\u0142ugi maszyn do szycia oraz Liderka Pracowni Orange &#8211; Marta.<\/p>\n<p>Warsztaty krawieckie by\u0142y doskona\u0142\u0105 okazj\u0105 do wymiany do\u015bwiadcze\u0144: podstawowej wiedzy na temat obs\u0142ugi maszyn do szycia oraz technik szycia, cennych wskaz\u00f3wek dotycz\u0105cych precyzji i\u00a0dba\u0142o\u015bci o szczeg\u00f3\u0142y, a tak\u017ce nabycia wiedzy technicznej, zw\u0142aszcza je\u015bli chodzi o obs\u0142ug\u0119 nowoczesnych urz\u0105dze\u0144 np. szukania inspiracji, wskaz\u00f3wek i instrukcji \u00a0w Internecie.<\/p>\n<p>Podczas akcji \u00a0powsta\u0142y torby z uszami, kt\u00f3re pos\u0142u\u017c\u0105 m\u0142odzie\u017cy jako element codziennych stylizacji.<\/p>\n<p>\u201eProjekt realizowany w ramach mi\u0119dzynarodowej inicjatywy Orange Digital Center. Zakup sfinansowano ze \u015brodk\u00f3w Fundacji Orange\u201d.<\/p>\n","protected":false},"excerpt":{"rendered":"<p>W Pracowni Orange w Wierzbicy odby\u0142y si\u0119 warsztaty krawieckie #z [&hellip;]<\/p>\n","protected":false},"author":57,"featured_media":15,"comment_status":"open","ping_status":"closed","template":"","class_list":["post-8","news","type-news","status-publish","has-post-thumbnail","hentry"],"acf":[],"yoast_head":"<!-- This site is optimized with the Yoast SEO plugin v24.5 - https:\/\/yoast.com\/wordpress\/plugins\/seo\/ -->\n<title>#z sercem uszyte - warsztaty krawieckie - Pracownia Orange Wierzbica<\/title>\n<meta name=\"robots\" content=\"index, follow, max-snippet:-1, max-image-preview:large, max-video-preview:-1\" \/>\n<link rel=\"canonical\" href=\"https:\/\/pracownieorange.pl\/wierzbica\/news\/z-sercem-uszyte-warsztaty-krawieckie\/\" \/>\n<meta property=\"og:locale\" content=\"pl_PL\" \/>\n<meta property=\"og:type\" content=\"article\" \/>\n<meta property=\"og:title\" content=\"#z sercem uszyte - warsztaty krawieckie - Pracownia Orange Wierzbica\" \/>\n<meta property=\"og:description\" content=\"W Pracowni Orange w Wierzbicy odby\u0142y si\u0119 warsztaty krawieckie #z [&hellip;]\" \/>\n<meta property=\"og:url\" content=\"https:\/\/pracownieorange.pl\/wierzbica\/news\/z-sercem-uszyte-warsztaty-krawieckie\/\" \/>\n<meta property=\"og:site_name\" content=\"Pracownia Orange Wierzbica\" \/>\n<meta property=\"article:modified_time\" content=\"2024-10-29T10:12:19+00:00\" \/>\n<meta property=\"og:image\" content=\"https:\/\/pracownieorange.pl\/app\/uploads\/sites\/51\/2024\/10\/IMG_0232-scaled.jpg\" \/>\n\t<meta property=\"og:image:width\" content=\"1920\" \/>\n\t<meta property=\"og:image:height\" content=\"2560\" \/>\n\t<meta property=\"og:image:type\" content=\"image\/jpeg\" \/>\n<meta name=\"twitter:card\" content=\"summary_large_image\" \/>\n<meta name=\"twitter:label1\" content=\"Est. reading time\" \/>\n\t<meta name=\"twitter:data1\" content=\"1 minuta\" \/>\n<script type=\"application\/ld+json\" class=\"yoast-schema-graph\">{\"@context\":\"https:\/\/schema.org\",\"@graph\":[{\"@type\":\"WebPage\",\"@id\":\"https:\/\/pracownieorange.pl\/wierzbica\/news\/z-sercem-uszyte-warsztaty-krawieckie\/\",\"url\":\"https:\/\/pracownieorange.pl\/wierzbica\/news\/z-sercem-uszyte-warsztaty-krawieckie\/\",\"name\":\"#z sercem uszyte - warsztaty krawieckie - Pracownia Orange Wierzbica\",\"isPartOf\":{\"@id\":\"https:\/\/pracownieorange.pl\/wierzbica\/#website\"},\"primaryImageOfPage\":{\"@id\":\"https:\/\/pracownieorange.pl\/wierzbica\/news\/z-sercem-uszyte-warsztaty-krawieckie\/#primaryimage\"},\"image\":{\"@id\":\"https:\/\/pracownieorange.pl\/wierzbica\/news\/z-sercem-uszyte-warsztaty-krawieckie\/#primaryimage\"},\"thumbnailUrl\":\"https:\/\/pracownieorange.pl\/app\/uploads\/sites\/51\/2024\/10\/IMG_0232-scaled.jpg\",\"datePublished\":\"2024-10-28T12:05:56+00:00\",\"dateModified\":\"2024-10-29T10:12:19+00:00\",\"breadcrumb\":{\"@id\":\"https:\/\/pracownieorange.pl\/wierzbica\/news\/z-sercem-uszyte-warsztaty-krawieckie\/#breadcrumb\"},\"inLanguage\":\"pl-PL\",\"potentialAction\":[{\"@type\":\"ReadAction\",\"target\":[\"https:\/\/pracownieorange.pl\/wierzbica\/news\/z-sercem-uszyte-warsztaty-krawieckie\/\"]}]},{\"@type\":\"ImageObject\",\"inLanguage\":\"pl-PL\",\"@id\":\"https:\/\/pracownieorange.pl\/wierzbica\/news\/z-sercem-uszyte-warsztaty-krawieckie\/#primaryimage\",\"url\":\"https:\/\/pracownieorange.pl\/app\/uploads\/sites\/51\/2024\/10\/IMG_0232-scaled.jpg\",\"contentUrl\":\"https:\/\/pracownieorange.pl\/app\/uploads\/sites\/51\/2024\/10\/IMG_0232-scaled.jpg\",\"width\":1920,\"height\":2560,\"caption\":\"Zdj\u0119cie osoby szyj\u0105cej na maszynie.\"},{\"@type\":\"BreadcrumbList\",\"@id\":\"https:\/\/pracownieorange.pl\/wierzbica\/news\/z-sercem-uszyte-warsztaty-krawieckie\/#breadcrumb\",\"itemListElement\":[{\"@type\":\"ListItem\",\"position\":1,\"name\":\"Home\",\"item\":\"https:\/\/pracownieorange.pl\/wierzbica\/\"},{\"@type\":\"ListItem\",\"position\":2,\"name\":\"Aktualno\u015bci\",\"item\":\"https:\/\/pracownieorange.pl\/wierzbica\/news\/\"},{\"@type\":\"ListItem\",\"position\":3,\"name\":\"#z sercem uszyte &#8211; warsztaty krawieckie\"}]},{\"@type\":\"WebSite\",\"@id\":\"https:\/\/pracownieorange.pl\/wierzbica\/#website\",\"url\":\"https:\/\/pracownieorange.pl\/wierzbica\/\",\"name\":\"Pracownia Orange Wierzbica\",\"description\":\"Kolejna witryna sieci &#8222;Pracownie Orange&#8221;\",\"potentialAction\":[{\"@type\":\"SearchAction\",\"target\":{\"@type\":\"EntryPoint\",\"urlTemplate\":\"https:\/\/pracownieorange.pl\/wierzbica\/?s={search_term_string}\"},\"query-input\":{\"@type\":\"PropertyValueSpecification\",\"valueRequired\":true,\"valueName\":\"search_term_string\"}}],\"inLanguage\":\"pl-PL\"}]}<\/script>\n<!-- \/ Yoast SEO plugin. -->","yoast_head_json":{"title":"#z sercem uszyte - warsztaty krawieckie - Pracownia Orange Wierzbica","robots":{"index":"index","follow":"follow","max-snippet":"max-snippet:-1","max-image-preview":"max-image-preview:large","max-video-preview":"max-video-preview:-1"},"canonical":"https:\/\/pracownieorange.pl\/wierzbica\/news\/z-sercem-uszyte-warsztaty-krawieckie\/","og_locale":"pl_PL","og_type":"article","og_title":"#z sercem uszyte - warsztaty krawieckie - Pracownia Orange Wierzbica","og_description":"W Pracowni Orange w Wierzbicy odby\u0142y si\u0119 warsztaty krawieckie #z [&hellip;]","og_url":"https:\/\/pracownieorange.pl\/wierzbica\/news\/z-sercem-uszyte-warsztaty-krawieckie\/","og_site_name":"Pracownia Orange Wierzbica","article_modified_time":"2024-10-29T10:12:19+00:00","og_image":[{"width":1920,"height":2560,"url":"https:\/\/pracownieorange.pl\/app\/uploads\/sites\/51\/2024\/10\/IMG_0232-scaled.jpg","type":"image\/jpeg"}],"twitter_card":"summary_large_image","twitter_misc":{"Est. reading time":"1 minuta"},"schema":{"@context":"https:\/\/schema.org","@graph":[{"@type":"WebPage","@id":"https:\/\/pracownieorange.pl\/wierzbica\/news\/z-sercem-uszyte-warsztaty-krawieckie\/","url":"https:\/\/pracownieorange.pl\/wierzbica\/news\/z-sercem-uszyte-warsztaty-krawieckie\/","name":"#z sercem uszyte - warsztaty krawieckie - Pracownia Orange Wierzbica","isPartOf":{"@id":"https:\/\/pracownieorange.pl\/wierzbica\/#website"},"primaryImageOfPage":{"@id":"https:\/\/pracownieorange.pl\/wierzbica\/news\/z-sercem-uszyte-warsztaty-krawieckie\/#primaryimage"},"image":{"@id":"https:\/\/pracownieorange.pl\/wierzbica\/news\/z-sercem-uszyte-warsztaty-krawieckie\/#primaryimage"},"thumbnailUrl":"https:\/\/pracownieorange.pl\/app\/uploads\/sites\/51\/2024\/10\/IMG_0232-scaled.jpg","datePublished":"2024-10-28T12:05:56+00:00","dateModified":"2024-10-29T10:12:19+00:00","breadcrumb":{"@id":"https:\/\/pracownieorange.pl\/wierzbica\/news\/z-sercem-uszyte-warsztaty-krawieckie\/#breadcrumb"},"inLanguage":"pl-PL","potentialAction":[{"@type":"ReadAction","target":["https:\/\/pracownieorange.pl\/wierzbica\/news\/z-sercem-uszyte-warsztaty-krawieckie\/"]}]},{"@type":"ImageObject","inLanguage":"pl-PL","@id":"https:\/\/pracownieorange.pl\/wierzbica\/news\/z-sercem-uszyte-warsztaty-krawieckie\/#primaryimage","url":"https:\/\/pracownieorange.pl\/app\/uploads\/sites\/51\/2024\/10\/IMG_0232-scaled.jpg","contentUrl":"https:\/\/pracownieorange.pl\/app\/uploads\/sites\/51\/2024\/10\/IMG_0232-scaled.jpg","width":1920,"height":2560,"caption":"Zdj\u0119cie osoby szyj\u0105cej na maszynie."},{"@type":"BreadcrumbList","@id":"https:\/\/pracownieorange.pl\/wierzbica\/news\/z-sercem-uszyte-warsztaty-krawieckie\/#breadcrumb","itemListElement":[{"@type":"ListItem","position":1,"name":"Home","item":"https:\/\/pracownieorange.pl\/wierzbica\/"},{"@type":"ListItem","position":2,"name":"Aktualno\u015bci","item":"https:\/\/pracownieorange.pl\/wierzbica\/news\/"},{"@type":"ListItem","position":3,"name":"#z sercem uszyte &#8211; warsztaty krawieckie"}]},{"@type":"WebSite","@id":"https:\/\/pracownieorange.pl\/wierzbica\/#website","url":"https:\/\/pracownieorange.pl\/wierzbica\/","name":"Pracownia Orange Wierzbica","description":"Kolejna witryna sieci &#8222;Pracownie Orange&#8221;","potentialAction":[{"@type":"SearchAction","target":{"@type":"EntryPoint","urlTemplate":"https:\/\/pracownieorange.pl\/wierzbica\/?s={search_term_string}"},"query-input":{"@type":"PropertyValueSpecification","valueRequired":true,"valueName":"search_term_string"}}],"inLanguage":"pl-PL"}]}},"_links":{"self":[{"href":"https:\/\/pracownieorange.pl\/wierzbica\/wp-json\/wp\/v2\/news\/8","targetHints":{"allow":["GET"]}}],"collection":[{"href":"https:\/\/pracownieorange.pl\/wierzbica\/wp-json\/wp\/v2\/news"}],"about":[{"href":"https:\/\/pracownieorange.pl\/wierzbica\/wp-json\/wp\/v2\/types\/news"}],"author":[{"embeddable":true,"href":"https:\/\/pracownieorange.pl\/wierzbica\/wp-json\/wp\/v2\/users\/57"}],"replies":[{"embeddable":true,"href":"https:\/\/pracownieorange.pl\/wierzbica\/wp-json\/wp\/v2\/comments?post=8"}],"wp:featuredmedia":[{"embeddable":true,"href":"https:\/\/pracownieorange.pl\/wierzbica\/wp-json\/wp\/v2\/media\/15"}],"wp:attachment":[{"href":"https:\/\/pracownieorange.pl\/wierzbica\/wp-json\/wp\/v2\/media?parent=8"}],"curies":[{"name":"wp","href":"https:\/\/api.w.org\/{rel}","templated":true}]}}