

{"id":82,"date":"2022-11-10T10:49:56","date_gmt":"2022-11-10T09:49:56","guid":{"rendered":"https:\/\/pracownieorange.pl\/trzydnik-duzy\/?post_type=news&#038;p=82"},"modified":"2022-11-11T00:11:08","modified_gmt":"2022-11-10T23:11:08","slug":"narodowe-swieto-z-nowym-masztem-i-sztandarem","status":"publish","type":"news","link":"https:\/\/pracownieorange.pl\/trzydnik-duzy\/news\/narodowe-swieto-z-nowym-masztem-i-sztandarem\/","title":{"rendered":"Narodowe \u015bwi\u0119to z nowym masztem i sztandarem"},"content":{"rendered":"<p>Druga cz\u0119\u015b\u0107 uroczysto\u015bci rozpocznie si\u0119 o 16.00 w Gminnym O\u015brodku Kultury oraz w Pracowni Orange w Trzydniku Du\u017cym . Po okoliczno\u015bciowym przem\u00f3wieniu w\u00f3jta Serafina go\u015bcie obejrz\u0105 spektakl &#8222;Wierz\u0119 w lepszy \u015bwiat&#8221; w wykonaniu uczni\u00f3w Szko\u0142y Podstawowej w Olbi\u0119cinie, a potem wys\u0142uchaj\u0105 koncertu &#8222;Jeszcze Polska nie zgin\u0119\u0142a&#8221; solist\u00f3w Teatru Muzycznego z Lublina. Dope\u0142nieniem koncertu w ramach obchod\u00f3w Roku J\u00f3zefa Wybickiego b\u0119dzie wr\u0119czenie nagr\u00f3d laureatom konkursu &#8222;Narysuj hymn&#8221;, organizowanego przez trzydnicki o\u015brodek kultury, po\u0142\u0105czone z otwarciem pokonkursowej wystawy.<\/p>\n<p>W mniej oficjalnej cz\u0119\u015bci pi\u0105tkowego \u015bwi\u0119ta go\u015bcie b\u0119d\u0105 mogli skosztowa\u0107 groch\u00f3wki, przygotowanej przez Ko\u0142o Gospody\u0144 Wiejskich &#8222;Cuda wianki&#8221; z D\u0105browy. Groch\u00f3wka zostanie podana w Pracowni Orange.<\/p>\n<p>G\u0142\u00f3wnym obchodom narodowego \u015bwi\u0119ta w gminie Trzydnik Du\u017cy towarzyszy wiele innych wydarze\u0144 organizowanych w r\u00f3\u017cnych miejscowo\u015bciach. W najbli\u017cszych dniach okoliczno\u015bciowe spotkania odb\u0119d\u0105 si\u0119 w Pracowni Orange w Trzydniku Du\u017cym.<\/p>\n<p>Podczas ca\u0142ej uroczysto\u015bci b\u0119d\u0105 nas wspierali nasi wolontariusze z pracowni.<\/p>\n","protected":false},"excerpt":{"rendered":"<p>Druga cz\u0119\u015b\u0107 uroczysto\u015bci rozpocznie si\u0119 o 16.00 w Gminnym O\u015brodku [&hellip;]<\/p>\n","protected":false},"author":132,"featured_media":83,"comment_status":"open","ping_status":"closed","template":"","class_list":["post-82","news","type-news","status-publish","has-post-thumbnail","hentry"],"acf":[],"yoast_head":"<!-- This site is optimized with the Yoast SEO plugin v24.5 - https:\/\/yoast.com\/wordpress\/plugins\/seo\/ -->\n<title>Narodowe \u015bwi\u0119to z nowym masztem i sztandarem - Pracownia Orange Trzydnik Du\u017cy<\/title>\n<meta name=\"robots\" content=\"index, follow, max-snippet:-1, max-image-preview:large, max-video-preview:-1\" \/>\n<link rel=\"canonical\" href=\"https:\/\/pracownieorange.pl\/trzydnik-duzy\/news\/narodowe-swieto-z-nowym-masztem-i-sztandarem\/\" \/>\n<meta property=\"og:locale\" content=\"pl_PL\" \/>\n<meta property=\"og:type\" content=\"article\" \/>\n<meta property=\"og:title\" content=\"Narodowe \u015bwi\u0119to z nowym masztem i sztandarem - Pracownia Orange Trzydnik Du\u017cy\" \/>\n<meta property=\"og:description\" content=\"Druga cz\u0119\u015b\u0107 uroczysto\u015bci rozpocznie si\u0119 o 16.00 w Gminnym O\u015brodku [&hellip;]\" \/>\n<meta property=\"og:url\" content=\"https:\/\/pracownieorange.pl\/trzydnik-duzy\/news\/narodowe-swieto-z-nowym-masztem-i-sztandarem\/\" \/>\n<meta property=\"og:site_name\" content=\"Pracownia Orange Trzydnik Du\u017cy\" \/>\n<meta property=\"article:modified_time\" content=\"2022-11-10T23:11:08+00:00\" \/>\n<meta property=\"og:image\" content=\"https:\/\/pracownieorange.pl\/app\/uploads\/sites\/46\/2022\/11\/PLAKAT11listopadapoprawionyyyyy-scaled.jpg\" \/>\n\t<meta property=\"og:image:width\" content=\"1816\" \/>\n\t<meta property=\"og:image:height\" content=\"2560\" \/>\n\t<meta property=\"og:image:type\" content=\"image\/jpeg\" \/>\n<meta name=\"twitter:card\" content=\"summary_large_image\" \/>\n<meta name=\"twitter:label1\" content=\"Est. reading time\" \/>\n\t<meta name=\"twitter:data1\" content=\"1 minuta\" \/>\n<script type=\"application\/ld+json\" class=\"yoast-schema-graph\">{\"@context\":\"https:\/\/schema.org\",\"@graph\":[{\"@type\":\"WebPage\",\"@id\":\"https:\/\/pracownieorange.pl\/trzydnik-duzy\/news\/narodowe-swieto-z-nowym-masztem-i-sztandarem\/\",\"url\":\"https:\/\/pracownieorange.pl\/trzydnik-duzy\/news\/narodowe-swieto-z-nowym-masztem-i-sztandarem\/\",\"name\":\"Narodowe \u015bwi\u0119to z nowym masztem i sztandarem - Pracownia Orange Trzydnik Du\u017cy\",\"isPartOf\":{\"@id\":\"https:\/\/pracownieorange.pl\/trzydnik-duzy\/#website\"},\"primaryImageOfPage\":{\"@id\":\"https:\/\/pracownieorange.pl\/trzydnik-duzy\/news\/narodowe-swieto-z-nowym-masztem-i-sztandarem\/#primaryimage\"},\"image\":{\"@id\":\"https:\/\/pracownieorange.pl\/trzydnik-duzy\/news\/narodowe-swieto-z-nowym-masztem-i-sztandarem\/#primaryimage\"},\"thumbnailUrl\":\"https:\/\/pracownieorange.pl\/app\/uploads\/sites\/46\/2022\/11\/PLAKAT11listopadapoprawionyyyyy-scaled.jpg\",\"datePublished\":\"2022-11-10T09:49:56+00:00\",\"dateModified\":\"2022-11-10T23:11:08+00:00\",\"breadcrumb\":{\"@id\":\"https:\/\/pracownieorange.pl\/trzydnik-duzy\/news\/narodowe-swieto-z-nowym-masztem-i-sztandarem\/#breadcrumb\"},\"inLanguage\":\"pl-PL\",\"potentialAction\":[{\"@type\":\"ReadAction\",\"target\":[\"https:\/\/pracownieorange.pl\/trzydnik-duzy\/news\/narodowe-swieto-z-nowym-masztem-i-sztandarem\/\"]}]},{\"@type\":\"ImageObject\",\"inLanguage\":\"pl-PL\",\"@id\":\"https:\/\/pracownieorange.pl\/trzydnik-duzy\/news\/narodowe-swieto-z-nowym-masztem-i-sztandarem\/#primaryimage\",\"url\":\"https:\/\/pracownieorange.pl\/app\/uploads\/sites\/46\/2022\/11\/PLAKAT11listopadapoprawionyyyyy-scaled.jpg\",\"contentUrl\":\"https:\/\/pracownieorange.pl\/app\/uploads\/sites\/46\/2022\/11\/PLAKAT11listopadapoprawionyyyyy-scaled.jpg\",\"width\":1816,\"height\":2560,\"caption\":\"organizator\"},{\"@type\":\"BreadcrumbList\",\"@id\":\"https:\/\/pracownieorange.pl\/trzydnik-duzy\/news\/narodowe-swieto-z-nowym-masztem-i-sztandarem\/#breadcrumb\",\"itemListElement\":[{\"@type\":\"ListItem\",\"position\":1,\"name\":\"Home\",\"item\":\"https:\/\/pracownieorange.pl\/trzydnik-duzy\/\"},{\"@type\":\"ListItem\",\"position\":2,\"name\":\"Aktualno\u015bci\",\"item\":\"https:\/\/pracownieorange.pl\/trzydnik-duzy\/news\/\"},{\"@type\":\"ListItem\",\"position\":3,\"name\":\"Narodowe \u015bwi\u0119to z nowym masztem i sztandarem\"}]},{\"@type\":\"WebSite\",\"@id\":\"https:\/\/pracownieorange.pl\/trzydnik-duzy\/#website\",\"url\":\"https:\/\/pracownieorange.pl\/trzydnik-duzy\/\",\"name\":\"Pracownia Orange Trzydnik Du\u017cy\",\"description\":\"Kolejna witryna sieci &#8222;Pracownie Orange&#8221;\",\"potentialAction\":[{\"@type\":\"SearchAction\",\"target\":{\"@type\":\"EntryPoint\",\"urlTemplate\":\"https:\/\/pracownieorange.pl\/trzydnik-duzy\/?s={search_term_string}\"},\"query-input\":{\"@type\":\"PropertyValueSpecification\",\"valueRequired\":true,\"valueName\":\"search_term_string\"}}],\"inLanguage\":\"pl-PL\"}]}<\/script>\n<!-- \/ Yoast SEO plugin. -->","yoast_head_json":{"title":"Narodowe \u015bwi\u0119to z nowym masztem i sztandarem - Pracownia Orange Trzydnik Du\u017cy","robots":{"index":"index","follow":"follow","max-snippet":"max-snippet:-1","max-image-preview":"max-image-preview:large","max-video-preview":"max-video-preview:-1"},"canonical":"https:\/\/pracownieorange.pl\/trzydnik-duzy\/news\/narodowe-swieto-z-nowym-masztem-i-sztandarem\/","og_locale":"pl_PL","og_type":"article","og_title":"Narodowe \u015bwi\u0119to z nowym masztem i sztandarem - Pracownia Orange Trzydnik Du\u017cy","og_description":"Druga cz\u0119\u015b\u0107 uroczysto\u015bci rozpocznie si\u0119 o 16.00 w Gminnym O\u015brodku [&hellip;]","og_url":"https:\/\/pracownieorange.pl\/trzydnik-duzy\/news\/narodowe-swieto-z-nowym-masztem-i-sztandarem\/","og_site_name":"Pracownia Orange Trzydnik Du\u017cy","article_modified_time":"2022-11-10T23:11:08+00:00","og_image":[{"width":1816,"height":2560,"url":"https:\/\/pracownieorange.pl\/app\/uploads\/sites\/46\/2022\/11\/PLAKAT11listopadapoprawionyyyyy-scaled.jpg","type":"image\/jpeg"}],"twitter_card":"summary_large_image","twitter_misc":{"Est. reading time":"1 minuta"},"schema":{"@context":"https:\/\/schema.org","@graph":[{"@type":"WebPage","@id":"https:\/\/pracownieorange.pl\/trzydnik-duzy\/news\/narodowe-swieto-z-nowym-masztem-i-sztandarem\/","url":"https:\/\/pracownieorange.pl\/trzydnik-duzy\/news\/narodowe-swieto-z-nowym-masztem-i-sztandarem\/","name":"Narodowe \u015bwi\u0119to z nowym masztem i sztandarem - Pracownia Orange Trzydnik Du\u017cy","isPartOf":{"@id":"https:\/\/pracownieorange.pl\/trzydnik-duzy\/#website"},"primaryImageOfPage":{"@id":"https:\/\/pracownieorange.pl\/trzydnik-duzy\/news\/narodowe-swieto-z-nowym-masztem-i-sztandarem\/#primaryimage"},"image":{"@id":"https:\/\/pracownieorange.pl\/trzydnik-duzy\/news\/narodowe-swieto-z-nowym-masztem-i-sztandarem\/#primaryimage"},"thumbnailUrl":"https:\/\/pracownieorange.pl\/app\/uploads\/sites\/46\/2022\/11\/PLAKAT11listopadapoprawionyyyyy-scaled.jpg","datePublished":"2022-11-10T09:49:56+00:00","dateModified":"2022-11-10T23:11:08+00:00","breadcrumb":{"@id":"https:\/\/pracownieorange.pl\/trzydnik-duzy\/news\/narodowe-swieto-z-nowym-masztem-i-sztandarem\/#breadcrumb"},"inLanguage":"pl-PL","potentialAction":[{"@type":"ReadAction","target":["https:\/\/pracownieorange.pl\/trzydnik-duzy\/news\/narodowe-swieto-z-nowym-masztem-i-sztandarem\/"]}]},{"@type":"ImageObject","inLanguage":"pl-PL","@id":"https:\/\/pracownieorange.pl\/trzydnik-duzy\/news\/narodowe-swieto-z-nowym-masztem-i-sztandarem\/#primaryimage","url":"https:\/\/pracownieorange.pl\/app\/uploads\/sites\/46\/2022\/11\/PLAKAT11listopadapoprawionyyyyy-scaled.jpg","contentUrl":"https:\/\/pracownieorange.pl\/app\/uploads\/sites\/46\/2022\/11\/PLAKAT11listopadapoprawionyyyyy-scaled.jpg","width":1816,"height":2560,"caption":"organizator"},{"@type":"BreadcrumbList","@id":"https:\/\/pracownieorange.pl\/trzydnik-duzy\/news\/narodowe-swieto-z-nowym-masztem-i-sztandarem\/#breadcrumb","itemListElement":[{"@type":"ListItem","position":1,"name":"Home","item":"https:\/\/pracownieorange.pl\/trzydnik-duzy\/"},{"@type":"ListItem","position":2,"name":"Aktualno\u015bci","item":"https:\/\/pracownieorange.pl\/trzydnik-duzy\/news\/"},{"@type":"ListItem","position":3,"name":"Narodowe \u015bwi\u0119to z nowym masztem i sztandarem"}]},{"@type":"WebSite","@id":"https:\/\/pracownieorange.pl\/trzydnik-duzy\/#website","url":"https:\/\/pracownieorange.pl\/trzydnik-duzy\/","name":"Pracownia Orange Trzydnik Du\u017cy","description":"Kolejna witryna sieci &#8222;Pracownie Orange&#8221;","potentialAction":[{"@type":"SearchAction","target":{"@type":"EntryPoint","urlTemplate":"https:\/\/pracownieorange.pl\/trzydnik-duzy\/?s={search_term_string}"},"query-input":{"@type":"PropertyValueSpecification","valueRequired":true,"valueName":"search_term_string"}}],"inLanguage":"pl-PL"}]}},"_links":{"self":[{"href":"https:\/\/pracownieorange.pl\/trzydnik-duzy\/wp-json\/wp\/v2\/news\/82","targetHints":{"allow":["GET"]}}],"collection":[{"href":"https:\/\/pracownieorange.pl\/trzydnik-duzy\/wp-json\/wp\/v2\/news"}],"about":[{"href":"https:\/\/pracownieorange.pl\/trzydnik-duzy\/wp-json\/wp\/v2\/types\/news"}],"author":[{"embeddable":true,"href":"https:\/\/pracownieorange.pl\/trzydnik-duzy\/wp-json\/wp\/v2\/users\/132"}],"replies":[{"embeddable":true,"href":"https:\/\/pracownieorange.pl\/trzydnik-duzy\/wp-json\/wp\/v2\/comments?post=82"}],"wp:featuredmedia":[{"embeddable":true,"href":"https:\/\/pracownieorange.pl\/trzydnik-duzy\/wp-json\/wp\/v2\/media\/83"}],"wp:attachment":[{"href":"https:\/\/pracownieorange.pl\/trzydnik-duzy\/wp-json\/wp\/v2\/media?parent=82"}],"curies":[{"name":"wp","href":"https:\/\/api.w.org\/{rel}","templated":true}]}}