

{"id":164,"date":"2025-09-22T12:28:47","date_gmt":"2025-09-22T10:28:47","guid":{"rendered":"https:\/\/pracownieorange.pl\/trzydnik-duzy\/?post_type=news&#038;p=164"},"modified":"2025-09-25T14:06:00","modified_gmt":"2025-09-25T12:06:00","slug":"liderzy-w-sieci-wspolpraca-wsparcie-wspolnota","status":"publish","type":"news","link":"https:\/\/pracownieorange.pl\/trzydnik-duzy\/news\/liderzy-w-sieci-wspolpraca-wsparcie-wspolnota\/","title":{"rendered":"\u201eLiderzy w Sieci \u2013 Wsp\u00f3\u0142praca \u2013 Wsparcie, Wsp\u00f3lnota\u201d"},"content":{"rendered":"<p data-start=\"0\" data-end=\"323\">Szkolenie \u201eLiderzy w Sieci \u2013 Wsp\u00f3\u0142praca \u2013 Wsparcie, Wsp\u00f3lnota\u201d odby\u0142o si\u0119 w dniach 16-17 wrze\u015bnia 2025 roku w Kra\u015bniku, gdzie spotkali si\u0119 liderzy r\u00f3\u017cnych Pracowni Orange. G\u0142\u00f3wnym celem tego wydarzenia by\u0142o zbudowanie silnej, opartej na warto\u015bciach wsp\u00f3\u0142pracy, wsp\u00f3lnoty i wzajemnego wsparcia mi\u0119dzy liderami z ca\u0142ej sieci.<\/p>\n<p data-start=\"325\" data-end=\"649\">W trakcie szkolenia uczestnicy z r\u00f3\u017cnych Pracowni, takich jak Jab\u0142onna Maj\u0105tek, Trzydnik Du\u017cy, Zakrz\u00f3wek, Niedrzwica Du\u017ca i Dubicze Cerkiewne, mieli okazj\u0119 wymieni\u0107 si\u0119 do\u015bwiadczeniami, pracowa\u0107 nad budowaniem trwa\u0142ych relacji oraz wsp\u00f3lnie zastanowi\u0107 si\u0119 nad wyzwaniami zwi\u0105zanymi z rol\u0105 lidera w lokalnych spo\u0142eczno\u015bciach.<\/p>\n<p data-start=\"651\" data-end=\"1105\">Szkolenie prowadzi\u0142a Ma\u0142gorzata Kotowska \u2013 do\u015bwiadczona trenerka i coach, kt\u00f3ra poprowadzi\u0142a uczestnik\u00f3w przez warsztaty oraz \u0107wiczenia praktyczne, pomagaj\u0105ce w budowaniu efektywnej komunikacji, integracji oraz wsp\u00f3\u0142pracy w grupie. Kluczowym punktem programu by\u0142a tak\u017ce wymiana najlepszych praktyk oraz stworzenie przestrzeni do wzajemnego wsparcia mi\u0119dzy liderami, co mia\u0142o pozytywnie wp\u0142yn\u0105\u0107 na rozw\u00f3j wszystkich Pracowni w ramach og\u00f3lnopolskiej sieci.<\/p>\n<p data-start=\"1107\" data-end=\"1479\" data-is-last-node=\"\" data-is-only-node=\"\">Organizatorem spotkania by\u0142 Kra\u015bnik, kt\u00f3ry z wielk\u0105 go\u015bcinno\u015bci\u0105 przyj\u0105\u0142 lider\u00f3w z r\u00f3\u017cnych region\u00f3w, tworz\u0105c atmosfer\u0119 sprzyjaj\u0105c\u0105 integracji i owocnej wsp\u00f3\u0142pracy. Dzi\u0119ki temu szkoleniu, uczestnicy nie tylko poszerzyli swoje umiej\u0119tno\u015bci, ale tak\u017ce poczuli si\u0119 cz\u0119\u015bci\u0105 silnej, wsp\u00f3lnotowej sieci, w kt\u00f3rej ka\u017cda Pracownia mo\u017ce liczy\u0107 na wzajemne wsparcie i wsp\u00f3\u0142dzia\u0142anie.<\/p>\n","protected":false},"excerpt":{"rendered":"<p>Szkolenie \u201eLiderzy w Sieci \u2013 Wsp\u00f3\u0142praca \u2013 Wsparcie, Wsp\u00f3lnota\u201d odby\u0142o [&hellip;]<\/p>\n","protected":false},"author":132,"featured_media":162,"comment_status":"open","ping_status":"closed","template":"","class_list":["post-164","news","type-news","status-publish","has-post-thumbnail","hentry"],"acf":[],"yoast_head":"<!-- This site is optimized with the Yoast SEO plugin v24.5 - https:\/\/yoast.com\/wordpress\/plugins\/seo\/ -->\n<title>\u201eLiderzy w Sieci \u2013 Wsp\u00f3\u0142praca \u2013 Wsparcie, Wsp\u00f3lnota\u201d - Pracownia Orange Trzydnik Du\u017cy<\/title>\n<meta name=\"robots\" content=\"index, follow, max-snippet:-1, max-image-preview:large, max-video-preview:-1\" \/>\n<link rel=\"canonical\" href=\"https:\/\/pracownieorange.pl\/trzydnik-duzy\/news\/liderzy-w-sieci-wspolpraca-wsparcie-wspolnota\/\" \/>\n<meta property=\"og:locale\" content=\"pl_PL\" \/>\n<meta property=\"og:type\" content=\"article\" \/>\n<meta property=\"og:title\" content=\"\u201eLiderzy w Sieci \u2013 Wsp\u00f3\u0142praca \u2013 Wsparcie, Wsp\u00f3lnota\u201d - Pracownia Orange Trzydnik Du\u017cy\" \/>\n<meta property=\"og:description\" content=\"Szkolenie \u201eLiderzy w Sieci \u2013 Wsp\u00f3\u0142praca \u2013 Wsparcie, Wsp\u00f3lnota\u201d odby\u0142o [&hellip;]\" \/>\n<meta property=\"og:url\" content=\"https:\/\/pracownieorange.pl\/trzydnik-duzy\/news\/liderzy-w-sieci-wspolpraca-wsparcie-wspolnota\/\" \/>\n<meta property=\"og:site_name\" content=\"Pracownia Orange Trzydnik Du\u017cy\" \/>\n<meta property=\"article:modified_time\" content=\"2025-09-25T12:06:00+00:00\" \/>\n<meta property=\"og:image\" content=\"https:\/\/pracownieorange.pl\/app\/uploads\/sites\/46\/2025\/09\/549380455_1097048102542045_7499213789711877574_n-1.jpg\" \/>\n\t<meta property=\"og:image:width\" content=\"1536\" \/>\n\t<meta property=\"og:image:height\" content=\"2048\" \/>\n\t<meta property=\"og:image:type\" content=\"image\/jpeg\" \/>\n<meta name=\"twitter:card\" content=\"summary_large_image\" \/>\n<meta name=\"twitter:label1\" content=\"Est. reading time\" \/>\n\t<meta name=\"twitter:data1\" content=\"2 minuty\" \/>\n<script type=\"application\/ld+json\" class=\"yoast-schema-graph\">{\"@context\":\"https:\/\/schema.org\",\"@graph\":[{\"@type\":\"WebPage\",\"@id\":\"https:\/\/pracownieorange.pl\/trzydnik-duzy\/news\/liderzy-w-sieci-wspolpraca-wsparcie-wspolnota\/\",\"url\":\"https:\/\/pracownieorange.pl\/trzydnik-duzy\/news\/liderzy-w-sieci-wspolpraca-wsparcie-wspolnota\/\",\"name\":\"\u201eLiderzy w Sieci \u2013 Wsp\u00f3\u0142praca \u2013 Wsparcie, Wsp\u00f3lnota\u201d - Pracownia Orange Trzydnik Du\u017cy\",\"isPartOf\":{\"@id\":\"https:\/\/pracownieorange.pl\/trzydnik-duzy\/#website\"},\"primaryImageOfPage\":{\"@id\":\"https:\/\/pracownieorange.pl\/trzydnik-duzy\/news\/liderzy-w-sieci-wspolpraca-wsparcie-wspolnota\/#primaryimage\"},\"image\":{\"@id\":\"https:\/\/pracownieorange.pl\/trzydnik-duzy\/news\/liderzy-w-sieci-wspolpraca-wsparcie-wspolnota\/#primaryimage\"},\"thumbnailUrl\":\"https:\/\/pracownieorange.pl\/app\/uploads\/sites\/46\/2025\/09\/549380455_1097048102542045_7499213789711877574_n-1.jpg\",\"datePublished\":\"2025-09-22T10:28:47+00:00\",\"dateModified\":\"2025-09-25T12:06:00+00:00\",\"breadcrumb\":{\"@id\":\"https:\/\/pracownieorange.pl\/trzydnik-duzy\/news\/liderzy-w-sieci-wspolpraca-wsparcie-wspolnota\/#breadcrumb\"},\"inLanguage\":\"pl-PL\",\"potentialAction\":[{\"@type\":\"ReadAction\",\"target\":[\"https:\/\/pracownieorange.pl\/trzydnik-duzy\/news\/liderzy-w-sieci-wspolpraca-wsparcie-wspolnota\/\"]}]},{\"@type\":\"ImageObject\",\"inLanguage\":\"pl-PL\",\"@id\":\"https:\/\/pracownieorange.pl\/trzydnik-duzy\/news\/liderzy-w-sieci-wspolpraca-wsparcie-wspolnota\/#primaryimage\",\"url\":\"https:\/\/pracownieorange.pl\/app\/uploads\/sites\/46\/2025\/09\/549380455_1097048102542045_7499213789711877574_n-1.jpg\",\"contentUrl\":\"https:\/\/pracownieorange.pl\/app\/uploads\/sites\/46\/2025\/09\/549380455_1097048102542045_7499213789711877574_n-1.jpg\",\"width\":1536,\"height\":2048,\"caption\":\"Trzy kobiety pozuj\u0105ce do zdj\u0119cia\"},{\"@type\":\"BreadcrumbList\",\"@id\":\"https:\/\/pracownieorange.pl\/trzydnik-duzy\/news\/liderzy-w-sieci-wspolpraca-wsparcie-wspolnota\/#breadcrumb\",\"itemListElement\":[{\"@type\":\"ListItem\",\"position\":1,\"name\":\"Home\",\"item\":\"https:\/\/pracownieorange.pl\/trzydnik-duzy\/\"},{\"@type\":\"ListItem\",\"position\":2,\"name\":\"Aktualno\u015bci\",\"item\":\"https:\/\/pracownieorange.pl\/trzydnik-duzy\/news\/\"},{\"@type\":\"ListItem\",\"position\":3,\"name\":\"\u201eLiderzy w Sieci \u2013 Wsp\u00f3\u0142praca \u2013 Wsparcie, Wsp\u00f3lnota\u201d\"}]},{\"@type\":\"WebSite\",\"@id\":\"https:\/\/pracownieorange.pl\/trzydnik-duzy\/#website\",\"url\":\"https:\/\/pracownieorange.pl\/trzydnik-duzy\/\",\"name\":\"Pracownia Orange Trzydnik Du\u017cy\",\"description\":\"Kolejna witryna sieci &#8222;Pracownie Orange&#8221;\",\"potentialAction\":[{\"@type\":\"SearchAction\",\"target\":{\"@type\":\"EntryPoint\",\"urlTemplate\":\"https:\/\/pracownieorange.pl\/trzydnik-duzy\/?s={search_term_string}\"},\"query-input\":{\"@type\":\"PropertyValueSpecification\",\"valueRequired\":true,\"valueName\":\"search_term_string\"}}],\"inLanguage\":\"pl-PL\"}]}<\/script>\n<!-- \/ Yoast SEO plugin. -->","yoast_head_json":{"title":"\u201eLiderzy w Sieci \u2013 Wsp\u00f3\u0142praca \u2013 Wsparcie, Wsp\u00f3lnota\u201d - Pracownia Orange Trzydnik Du\u017cy","robots":{"index":"index","follow":"follow","max-snippet":"max-snippet:-1","max-image-preview":"max-image-preview:large","max-video-preview":"max-video-preview:-1"},"canonical":"https:\/\/pracownieorange.pl\/trzydnik-duzy\/news\/liderzy-w-sieci-wspolpraca-wsparcie-wspolnota\/","og_locale":"pl_PL","og_type":"article","og_title":"\u201eLiderzy w Sieci \u2013 Wsp\u00f3\u0142praca \u2013 Wsparcie, Wsp\u00f3lnota\u201d - Pracownia Orange Trzydnik Du\u017cy","og_description":"Szkolenie \u201eLiderzy w Sieci \u2013 Wsp\u00f3\u0142praca \u2013 Wsparcie, Wsp\u00f3lnota\u201d odby\u0142o [&hellip;]","og_url":"https:\/\/pracownieorange.pl\/trzydnik-duzy\/news\/liderzy-w-sieci-wspolpraca-wsparcie-wspolnota\/","og_site_name":"Pracownia Orange Trzydnik Du\u017cy","article_modified_time":"2025-09-25T12:06:00+00:00","og_image":[{"width":1536,"height":2048,"url":"https:\/\/pracownieorange.pl\/app\/uploads\/sites\/46\/2025\/09\/549380455_1097048102542045_7499213789711877574_n-1.jpg","type":"image\/jpeg"}],"twitter_card":"summary_large_image","twitter_misc":{"Est. reading time":"2 minuty"},"schema":{"@context":"https:\/\/schema.org","@graph":[{"@type":"WebPage","@id":"https:\/\/pracownieorange.pl\/trzydnik-duzy\/news\/liderzy-w-sieci-wspolpraca-wsparcie-wspolnota\/","url":"https:\/\/pracownieorange.pl\/trzydnik-duzy\/news\/liderzy-w-sieci-wspolpraca-wsparcie-wspolnota\/","name":"\u201eLiderzy w Sieci \u2013 Wsp\u00f3\u0142praca \u2013 Wsparcie, Wsp\u00f3lnota\u201d - Pracownia Orange Trzydnik Du\u017cy","isPartOf":{"@id":"https:\/\/pracownieorange.pl\/trzydnik-duzy\/#website"},"primaryImageOfPage":{"@id":"https:\/\/pracownieorange.pl\/trzydnik-duzy\/news\/liderzy-w-sieci-wspolpraca-wsparcie-wspolnota\/#primaryimage"},"image":{"@id":"https:\/\/pracownieorange.pl\/trzydnik-duzy\/news\/liderzy-w-sieci-wspolpraca-wsparcie-wspolnota\/#primaryimage"},"thumbnailUrl":"https:\/\/pracownieorange.pl\/app\/uploads\/sites\/46\/2025\/09\/549380455_1097048102542045_7499213789711877574_n-1.jpg","datePublished":"2025-09-22T10:28:47+00:00","dateModified":"2025-09-25T12:06:00+00:00","breadcrumb":{"@id":"https:\/\/pracownieorange.pl\/trzydnik-duzy\/news\/liderzy-w-sieci-wspolpraca-wsparcie-wspolnota\/#breadcrumb"},"inLanguage":"pl-PL","potentialAction":[{"@type":"ReadAction","target":["https:\/\/pracownieorange.pl\/trzydnik-duzy\/news\/liderzy-w-sieci-wspolpraca-wsparcie-wspolnota\/"]}]},{"@type":"ImageObject","inLanguage":"pl-PL","@id":"https:\/\/pracownieorange.pl\/trzydnik-duzy\/news\/liderzy-w-sieci-wspolpraca-wsparcie-wspolnota\/#primaryimage","url":"https:\/\/pracownieorange.pl\/app\/uploads\/sites\/46\/2025\/09\/549380455_1097048102542045_7499213789711877574_n-1.jpg","contentUrl":"https:\/\/pracownieorange.pl\/app\/uploads\/sites\/46\/2025\/09\/549380455_1097048102542045_7499213789711877574_n-1.jpg","width":1536,"height":2048,"caption":"Trzy kobiety pozuj\u0105ce do zdj\u0119cia"},{"@type":"BreadcrumbList","@id":"https:\/\/pracownieorange.pl\/trzydnik-duzy\/news\/liderzy-w-sieci-wspolpraca-wsparcie-wspolnota\/#breadcrumb","itemListElement":[{"@type":"ListItem","position":1,"name":"Home","item":"https:\/\/pracownieorange.pl\/trzydnik-duzy\/"},{"@type":"ListItem","position":2,"name":"Aktualno\u015bci","item":"https:\/\/pracownieorange.pl\/trzydnik-duzy\/news\/"},{"@type":"ListItem","position":3,"name":"\u201eLiderzy w Sieci \u2013 Wsp\u00f3\u0142praca \u2013 Wsparcie, Wsp\u00f3lnota\u201d"}]},{"@type":"WebSite","@id":"https:\/\/pracownieorange.pl\/trzydnik-duzy\/#website","url":"https:\/\/pracownieorange.pl\/trzydnik-duzy\/","name":"Pracownia Orange Trzydnik Du\u017cy","description":"Kolejna witryna sieci &#8222;Pracownie Orange&#8221;","potentialAction":[{"@type":"SearchAction","target":{"@type":"EntryPoint","urlTemplate":"https:\/\/pracownieorange.pl\/trzydnik-duzy\/?s={search_term_string}"},"query-input":{"@type":"PropertyValueSpecification","valueRequired":true,"valueName":"search_term_string"}}],"inLanguage":"pl-PL"}]}},"_links":{"self":[{"href":"https:\/\/pracownieorange.pl\/trzydnik-duzy\/wp-json\/wp\/v2\/news\/164","targetHints":{"allow":["GET"]}}],"collection":[{"href":"https:\/\/pracownieorange.pl\/trzydnik-duzy\/wp-json\/wp\/v2\/news"}],"about":[{"href":"https:\/\/pracownieorange.pl\/trzydnik-duzy\/wp-json\/wp\/v2\/types\/news"}],"author":[{"embeddable":true,"href":"https:\/\/pracownieorange.pl\/trzydnik-duzy\/wp-json\/wp\/v2\/users\/132"}],"replies":[{"embeddable":true,"href":"https:\/\/pracownieorange.pl\/trzydnik-duzy\/wp-json\/wp\/v2\/comments?post=164"}],"wp:featuredmedia":[{"embeddable":true,"href":"https:\/\/pracownieorange.pl\/trzydnik-duzy\/wp-json\/wp\/v2\/media\/162"}],"wp:attachment":[{"href":"https:\/\/pracownieorange.pl\/trzydnik-duzy\/wp-json\/wp\/v2\/media?parent=164"}],"curies":[{"name":"wp","href":"https:\/\/api.w.org\/{rel}","templated":true}]}}