

{"id":541,"date":"2026-04-27T14:01:51","date_gmt":"2026-04-27T12:01:51","guid":{"rendered":"https:\/\/pracownieorange.pl\/toszek\/?post_type=news&#038;p=541"},"modified":"2026-04-27T19:56:31","modified_gmt":"2026-04-27T17:56:31","slug":"stworz-z-nami-totem","status":"publish","type":"news","link":"https:\/\/pracownieorange.pl\/toszek\/news\/stworz-z-nami-totem\/","title":{"rendered":"Stw\u00f3rz z nami &#8222;totem&#8221;"},"content":{"rendered":"<p>Zapraszamy na kreatywne zaj\u0119cia w Pracowni Orange, podczas kt\u00f3rych wsp\u00f3lnie stworzymy wyj\u0105tkowy totem spo\u0142eczno\u015bci.<\/p>\n<p>Jego konstrukcja powstanie z naturalnych ga\u0142\u0119zi, nadaj\u0105c mu ekologiczny charakter, a ozdoby wykonamy w\u0142asnor\u0119cznie z modeliny, papieru i bibu\u0142y.<\/p>\n<p>To b\u0119dzie okazja do integracji, tw\u00f3rczej zabawy oraz rozwijania wyobra\u017ani.<\/p>\n<p>Wsp\u00f3lnie nadamy naszej pracy symboliczne znaczenie i stworzymy co\u015b, co b\u0119dzie wyrazem lokalnej wsp\u00f3lnoty i wsp\u00f3\u0142dzia\u0142ania.<\/p>\n<p>Ka\u017cdy uczestnik wniesie do projektu sw\u00f3j pomys\u0142 i energi\u0119, a powsta\u0142e dzie\u0142o stanie si\u0119 pi\u0119knym symbolem naszej wsp\u00f3\u0142pracy i zaanga\u017cowania.<\/p>\n<p>Zapraszamy!<\/p>\n","protected":false},"excerpt":{"rendered":"<p>Zapraszamy na kreatywne zaj\u0119cia w Pracowni Orange, podczas kt\u00f3rych wsp\u00f3lnie [&hellip;]<\/p>\n","protected":false},"author":211,"featured_media":542,"comment_status":"open","ping_status":"closed","template":"","class_list":["post-541","news","type-news","status-publish","has-post-thumbnail","hentry"],"acf":[],"yoast_head":"<!-- This site is optimized with the Yoast SEO plugin v24.5 - https:\/\/yoast.com\/wordpress\/plugins\/seo\/ -->\n<title>Stw\u00f3rz z nami &quot;totem&quot; - Pracownia Orange Toszek<\/title>\n<meta name=\"robots\" content=\"index, follow, max-snippet:-1, max-image-preview:large, max-video-preview:-1\" \/>\n<link rel=\"canonical\" href=\"https:\/\/pracownieorange.pl\/toszek\/news\/stworz-z-nami-totem\/\" \/>\n<meta property=\"og:locale\" content=\"pl_PL\" \/>\n<meta property=\"og:type\" content=\"article\" \/>\n<meta property=\"og:title\" content=\"Stw\u00f3rz z nami &quot;totem&quot; - Pracownia Orange Toszek\" \/>\n<meta property=\"og:description\" content=\"Zapraszamy na kreatywne zaj\u0119cia w Pracowni Orange, podczas kt\u00f3rych wsp\u00f3lnie [&hellip;]\" \/>\n<meta property=\"og:url\" content=\"https:\/\/pracownieorange.pl\/toszek\/news\/stworz-z-nami-totem\/\" \/>\n<meta property=\"og:site_name\" content=\"Pracownia Orange Toszek\" \/>\n<meta property=\"article:modified_time\" content=\"2026-04-27T17:56:31+00:00\" \/>\n<meta property=\"og:image\" content=\"https:\/\/pracownieorange.pl\/app\/uploads\/sites\/108\/2026\/04\/2.jpg\" \/>\n\t<meta property=\"og:image:width\" content=\"1587\" \/>\n\t<meta property=\"og:image:height\" content=\"2245\" \/>\n\t<meta property=\"og:image:type\" content=\"image\/jpeg\" \/>\n<meta name=\"twitter:card\" content=\"summary_large_image\" \/>\n<meta name=\"twitter:label1\" content=\"Est. reading time\" \/>\n\t<meta name=\"twitter:data1\" content=\"1 minuta\" \/>\n<script type=\"application\/ld+json\" class=\"yoast-schema-graph\">{\"@context\":\"https:\/\/schema.org\",\"@graph\":[{\"@type\":\"WebPage\",\"@id\":\"https:\/\/pracownieorange.pl\/toszek\/news\/stworz-z-nami-totem\/\",\"url\":\"https:\/\/pracownieorange.pl\/toszek\/news\/stworz-z-nami-totem\/\",\"name\":\"Stw\u00f3rz z nami \\\"totem\\\" - Pracownia Orange Toszek\",\"isPartOf\":{\"@id\":\"https:\/\/pracownieorange.pl\/toszek\/#website\"},\"primaryImageOfPage\":{\"@id\":\"https:\/\/pracownieorange.pl\/toszek\/news\/stworz-z-nami-totem\/#primaryimage\"},\"image\":{\"@id\":\"https:\/\/pracownieorange.pl\/toszek\/news\/stworz-z-nami-totem\/#primaryimage\"},\"thumbnailUrl\":\"https:\/\/pracownieorange.pl\/app\/uploads\/sites\/108\/2026\/04\/2.jpg\",\"datePublished\":\"2026-04-27T12:01:51+00:00\",\"dateModified\":\"2026-04-27T17:56:31+00:00\",\"breadcrumb\":{\"@id\":\"https:\/\/pracownieorange.pl\/toszek\/news\/stworz-z-nami-totem\/#breadcrumb\"},\"inLanguage\":\"pl-PL\",\"potentialAction\":[{\"@type\":\"ReadAction\",\"target\":[\"https:\/\/pracownieorange.pl\/toszek\/news\/stworz-z-nami-totem\/\"]}]},{\"@type\":\"ImageObject\",\"inLanguage\":\"pl-PL\",\"@id\":\"https:\/\/pracownieorange.pl\/toszek\/news\/stworz-z-nami-totem\/#primaryimage\",\"url\":\"https:\/\/pracownieorange.pl\/app\/uploads\/sites\/108\/2026\/04\/2.jpg\",\"contentUrl\":\"https:\/\/pracownieorange.pl\/app\/uploads\/sites\/108\/2026\/04\/2.jpg\",\"width\":1587,\"height\":2245,\"caption\":\"na obrazie wida\u0107 kolorow napisy, pod nimi obrazy s\u0142o\u0144ca, ga\u0142\u0119zi z li\u015b\u0107mi i kwiatami, motyle\"},{\"@type\":\"BreadcrumbList\",\"@id\":\"https:\/\/pracownieorange.pl\/toszek\/news\/stworz-z-nami-totem\/#breadcrumb\",\"itemListElement\":[{\"@type\":\"ListItem\",\"position\":1,\"name\":\"Home\",\"item\":\"https:\/\/pracownieorange.pl\/toszek\/\"},{\"@type\":\"ListItem\",\"position\":2,\"name\":\"Aktualno\u015bci\",\"item\":\"https:\/\/pracownieorange.pl\/toszek\/news\/\"},{\"@type\":\"ListItem\",\"position\":3,\"name\":\"Stw\u00f3rz z nami &#8222;totem&#8221;\"}]},{\"@type\":\"WebSite\",\"@id\":\"https:\/\/pracownieorange.pl\/toszek\/#website\",\"url\":\"https:\/\/pracownieorange.pl\/toszek\/\",\"name\":\"Pracownia Orange Toszek\",\"description\":\"\",\"potentialAction\":[{\"@type\":\"SearchAction\",\"target\":{\"@type\":\"EntryPoint\",\"urlTemplate\":\"https:\/\/pracownieorange.pl\/toszek\/?s={search_term_string}\"},\"query-input\":{\"@type\":\"PropertyValueSpecification\",\"valueRequired\":true,\"valueName\":\"search_term_string\"}}],\"inLanguage\":\"pl-PL\"}]}<\/script>\n<!-- \/ Yoast SEO plugin. -->","yoast_head_json":{"title":"Stw\u00f3rz z nami \"totem\" - Pracownia Orange Toszek","robots":{"index":"index","follow":"follow","max-snippet":"max-snippet:-1","max-image-preview":"max-image-preview:large","max-video-preview":"max-video-preview:-1"},"canonical":"https:\/\/pracownieorange.pl\/toszek\/news\/stworz-z-nami-totem\/","og_locale":"pl_PL","og_type":"article","og_title":"Stw\u00f3rz z nami \"totem\" - Pracownia Orange Toszek","og_description":"Zapraszamy na kreatywne zaj\u0119cia w Pracowni Orange, podczas kt\u00f3rych wsp\u00f3lnie [&hellip;]","og_url":"https:\/\/pracownieorange.pl\/toszek\/news\/stworz-z-nami-totem\/","og_site_name":"Pracownia Orange Toszek","article_modified_time":"2026-04-27T17:56:31+00:00","og_image":[{"width":1587,"height":2245,"url":"https:\/\/pracownieorange.pl\/app\/uploads\/sites\/108\/2026\/04\/2.jpg","type":"image\/jpeg"}],"twitter_card":"summary_large_image","twitter_misc":{"Est. reading time":"1 minuta"},"schema":{"@context":"https:\/\/schema.org","@graph":[{"@type":"WebPage","@id":"https:\/\/pracownieorange.pl\/toszek\/news\/stworz-z-nami-totem\/","url":"https:\/\/pracownieorange.pl\/toszek\/news\/stworz-z-nami-totem\/","name":"Stw\u00f3rz z nami \"totem\" - Pracownia Orange Toszek","isPartOf":{"@id":"https:\/\/pracownieorange.pl\/toszek\/#website"},"primaryImageOfPage":{"@id":"https:\/\/pracownieorange.pl\/toszek\/news\/stworz-z-nami-totem\/#primaryimage"},"image":{"@id":"https:\/\/pracownieorange.pl\/toszek\/news\/stworz-z-nami-totem\/#primaryimage"},"thumbnailUrl":"https:\/\/pracownieorange.pl\/app\/uploads\/sites\/108\/2026\/04\/2.jpg","datePublished":"2026-04-27T12:01:51+00:00","dateModified":"2026-04-27T17:56:31+00:00","breadcrumb":{"@id":"https:\/\/pracownieorange.pl\/toszek\/news\/stworz-z-nami-totem\/#breadcrumb"},"inLanguage":"pl-PL","potentialAction":[{"@type":"ReadAction","target":["https:\/\/pracownieorange.pl\/toszek\/news\/stworz-z-nami-totem\/"]}]},{"@type":"ImageObject","inLanguage":"pl-PL","@id":"https:\/\/pracownieorange.pl\/toszek\/news\/stworz-z-nami-totem\/#primaryimage","url":"https:\/\/pracownieorange.pl\/app\/uploads\/sites\/108\/2026\/04\/2.jpg","contentUrl":"https:\/\/pracownieorange.pl\/app\/uploads\/sites\/108\/2026\/04\/2.jpg","width":1587,"height":2245,"caption":"na obrazie wida\u0107 kolorow napisy, pod nimi obrazy s\u0142o\u0144ca, ga\u0142\u0119zi z li\u015b\u0107mi i kwiatami, motyle"},{"@type":"BreadcrumbList","@id":"https:\/\/pracownieorange.pl\/toszek\/news\/stworz-z-nami-totem\/#breadcrumb","itemListElement":[{"@type":"ListItem","position":1,"name":"Home","item":"https:\/\/pracownieorange.pl\/toszek\/"},{"@type":"ListItem","position":2,"name":"Aktualno\u015bci","item":"https:\/\/pracownieorange.pl\/toszek\/news\/"},{"@type":"ListItem","position":3,"name":"Stw\u00f3rz z nami &#8222;totem&#8221;"}]},{"@type":"WebSite","@id":"https:\/\/pracownieorange.pl\/toszek\/#website","url":"https:\/\/pracownieorange.pl\/toszek\/","name":"Pracownia Orange Toszek","description":"","potentialAction":[{"@type":"SearchAction","target":{"@type":"EntryPoint","urlTemplate":"https:\/\/pracownieorange.pl\/toszek\/?s={search_term_string}"},"query-input":{"@type":"PropertyValueSpecification","valueRequired":true,"valueName":"search_term_string"}}],"inLanguage":"pl-PL"}]}},"_links":{"self":[{"href":"https:\/\/pracownieorange.pl\/toszek\/wp-json\/wp\/v2\/news\/541","targetHints":{"allow":["GET"]}}],"collection":[{"href":"https:\/\/pracownieorange.pl\/toszek\/wp-json\/wp\/v2\/news"}],"about":[{"href":"https:\/\/pracownieorange.pl\/toszek\/wp-json\/wp\/v2\/types\/news"}],"author":[{"embeddable":true,"href":"https:\/\/pracownieorange.pl\/toszek\/wp-json\/wp\/v2\/users\/211"}],"replies":[{"embeddable":true,"href":"https:\/\/pracownieorange.pl\/toszek\/wp-json\/wp\/v2\/comments?post=541"}],"wp:featuredmedia":[{"embeddable":true,"href":"https:\/\/pracownieorange.pl\/toszek\/wp-json\/wp\/v2\/media\/542"}],"wp:attachment":[{"href":"https:\/\/pracownieorange.pl\/toszek\/wp-json\/wp\/v2\/media?parent=541"}],"curies":[{"name":"wp","href":"https:\/\/api.w.org\/{rel}","templated":true}]}}