

{"id":516,"date":"2026-03-27T13:31:55","date_gmt":"2026-03-27T12:31:55","guid":{"rendered":"https:\/\/pracownieorange.pl\/toszek\/?post_type=news&#038;p=516"},"modified":"2026-03-28T11:37:37","modified_gmt":"2026-03-28T10:37:37","slug":"mlodzi-filmowcy","status":"publish","type":"news","link":"https:\/\/pracownieorange.pl\/toszek\/news\/mlodzi-filmowcy\/","title":{"rendered":"M\u0142odzi filmowcy"},"content":{"rendered":"<p>Podczas ferii dzieci wzi\u0119\u0142y udzia\u0142 w wyj\u0105tkowych warsztatach filmowych prowadzonych we wsp\u00f3\u0142pracy z osobami z teatru.<\/p>\n<p>Na pocz\u0105tku uczestnicy tworzyli w\u0142asne postacie oraz t\u0142a do swoich historii, rozwijaj\u0105c wyobra\u017ani\u0119 i zdolno\u015bci plastyczne. Nast\u0119pnie, pod okiem kamerzysty, uczyli si\u0119 podstaw pracy z kamer\u0105 i realizowali nagrania, o\u017cywiaj\u0105c przygotowane wcze\u015bniej elementy.<\/p>\n<p>Dzieci poznawa\u0142y proces powstawania filmu \u2013 od pomys\u0142u, przez przygotowanie scenografii, a\u017c po nagranie uj\u0119\u0107.<\/p>\n<p>Zaj\u0119cia rozwija\u0142y kreatywno\u015b\u0107, wsp\u00f3\u0142prac\u0119 i pewno\u015b\u0107 siebie, a tak\u017ce pozwoli\u0142y uczestnikom poczu\u0107 si\u0119 jak prawdziwi tw\u00f3rcy filmowi.<\/p>\n","protected":false},"excerpt":{"rendered":"<p>Podczas ferii dzieci wzi\u0119\u0142y udzia\u0142 w wyj\u0105tkowych warsztatach filmowych prowadzonych [&hellip;]<\/p>\n","protected":false},"author":211,"featured_media":517,"comment_status":"open","ping_status":"closed","template":"","class_list":["post-516","news","type-news","status-publish","has-post-thumbnail","hentry"],"acf":[],"yoast_head":"<!-- This site is optimized with the Yoast SEO plugin v24.5 - https:\/\/yoast.com\/wordpress\/plugins\/seo\/ -->\n<title>M\u0142odzi filmowcy - Pracownia Orange Toszek<\/title>\n<meta name=\"robots\" content=\"index, follow, max-snippet:-1, max-image-preview:large, max-video-preview:-1\" \/>\n<link rel=\"canonical\" href=\"https:\/\/pracownieorange.pl\/toszek\/news\/mlodzi-filmowcy\/\" \/>\n<meta property=\"og:locale\" content=\"pl_PL\" \/>\n<meta property=\"og:type\" content=\"article\" \/>\n<meta property=\"og:title\" content=\"M\u0142odzi filmowcy - Pracownia Orange Toszek\" \/>\n<meta property=\"og:description\" content=\"Podczas ferii dzieci wzi\u0119\u0142y udzia\u0142 w wyj\u0105tkowych warsztatach filmowych prowadzonych [&hellip;]\" \/>\n<meta property=\"og:url\" content=\"https:\/\/pracownieorange.pl\/toszek\/news\/mlodzi-filmowcy\/\" \/>\n<meta property=\"og:site_name\" content=\"Pracownia Orange Toszek\" \/>\n<meta property=\"article:modified_time\" content=\"2026-03-28T10:37:37+00:00\" \/>\n<meta property=\"og:image\" content=\"https:\/\/pracownieorange.pl\/app\/uploads\/sites\/108\/2026\/03\/636547792_1385060603648719_6006414801181955154_n.jpg\" \/>\n\t<meta property=\"og:image:width\" content=\"1373\" \/>\n\t<meta property=\"og:image:height\" content=\"1716\" \/>\n\t<meta property=\"og:image:type\" content=\"image\/jpeg\" \/>\n<meta name=\"twitter:card\" content=\"summary_large_image\" \/>\n<meta name=\"twitter:label1\" content=\"Est. reading time\" \/>\n\t<meta name=\"twitter:data1\" content=\"1 minuta\" \/>\n<script type=\"application\/ld+json\" class=\"yoast-schema-graph\">{\"@context\":\"https:\/\/schema.org\",\"@graph\":[{\"@type\":\"WebPage\",\"@id\":\"https:\/\/pracownieorange.pl\/toszek\/news\/mlodzi-filmowcy\/\",\"url\":\"https:\/\/pracownieorange.pl\/toszek\/news\/mlodzi-filmowcy\/\",\"name\":\"M\u0142odzi filmowcy - Pracownia Orange Toszek\",\"isPartOf\":{\"@id\":\"https:\/\/pracownieorange.pl\/toszek\/#website\"},\"primaryImageOfPage\":{\"@id\":\"https:\/\/pracownieorange.pl\/toszek\/news\/mlodzi-filmowcy\/#primaryimage\"},\"image\":{\"@id\":\"https:\/\/pracownieorange.pl\/toszek\/news\/mlodzi-filmowcy\/#primaryimage\"},\"thumbnailUrl\":\"https:\/\/pracownieorange.pl\/app\/uploads\/sites\/108\/2026\/03\/636547792_1385060603648719_6006414801181955154_n.jpg\",\"datePublished\":\"2026-03-27T12:31:55+00:00\",\"dateModified\":\"2026-03-28T10:37:37+00:00\",\"breadcrumb\":{\"@id\":\"https:\/\/pracownieorange.pl\/toszek\/news\/mlodzi-filmowcy\/#breadcrumb\"},\"inLanguage\":\"pl-PL\",\"potentialAction\":[{\"@type\":\"ReadAction\",\"target\":[\"https:\/\/pracownieorange.pl\/toszek\/news\/mlodzi-filmowcy\/\"]}]},{\"@type\":\"ImageObject\",\"inLanguage\":\"pl-PL\",\"@id\":\"https:\/\/pracownieorange.pl\/toszek\/news\/mlodzi-filmowcy\/#primaryimage\",\"url\":\"https:\/\/pracownieorange.pl\/app\/uploads\/sites\/108\/2026\/03\/636547792_1385060603648719_6006414801181955154_n.jpg\",\"contentUrl\":\"https:\/\/pracownieorange.pl\/app\/uploads\/sites\/108\/2026\/03\/636547792_1385060603648719_6006414801181955154_n.jpg\",\"width\":1373,\"height\":1716,\"caption\":\"Na zdj\u0119ciu wida\u0107 dzieci siedz\u0105ce na krzes\u0142ach ty\u0142em a przed nimi m\u0119\u017cczyzn\u0119 z kamer\u0105.\"},{\"@type\":\"BreadcrumbList\",\"@id\":\"https:\/\/pracownieorange.pl\/toszek\/news\/mlodzi-filmowcy\/#breadcrumb\",\"itemListElement\":[{\"@type\":\"ListItem\",\"position\":1,\"name\":\"Home\",\"item\":\"https:\/\/pracownieorange.pl\/toszek\/\"},{\"@type\":\"ListItem\",\"position\":2,\"name\":\"Aktualno\u015bci\",\"item\":\"https:\/\/pracownieorange.pl\/toszek\/news\/\"},{\"@type\":\"ListItem\",\"position\":3,\"name\":\"M\u0142odzi filmowcy\"}]},{\"@type\":\"WebSite\",\"@id\":\"https:\/\/pracownieorange.pl\/toszek\/#website\",\"url\":\"https:\/\/pracownieorange.pl\/toszek\/\",\"name\":\"Pracownia Orange Toszek\",\"description\":\"\",\"potentialAction\":[{\"@type\":\"SearchAction\",\"target\":{\"@type\":\"EntryPoint\",\"urlTemplate\":\"https:\/\/pracownieorange.pl\/toszek\/?s={search_term_string}\"},\"query-input\":{\"@type\":\"PropertyValueSpecification\",\"valueRequired\":true,\"valueName\":\"search_term_string\"}}],\"inLanguage\":\"pl-PL\"}]}<\/script>\n<!-- \/ Yoast SEO plugin. -->","yoast_head_json":{"title":"M\u0142odzi filmowcy - Pracownia Orange Toszek","robots":{"index":"index","follow":"follow","max-snippet":"max-snippet:-1","max-image-preview":"max-image-preview:large","max-video-preview":"max-video-preview:-1"},"canonical":"https:\/\/pracownieorange.pl\/toszek\/news\/mlodzi-filmowcy\/","og_locale":"pl_PL","og_type":"article","og_title":"M\u0142odzi filmowcy - Pracownia Orange Toszek","og_description":"Podczas ferii dzieci wzi\u0119\u0142y udzia\u0142 w wyj\u0105tkowych warsztatach filmowych prowadzonych [&hellip;]","og_url":"https:\/\/pracownieorange.pl\/toszek\/news\/mlodzi-filmowcy\/","og_site_name":"Pracownia Orange Toszek","article_modified_time":"2026-03-28T10:37:37+00:00","og_image":[{"width":1373,"height":1716,"url":"https:\/\/pracownieorange.pl\/app\/uploads\/sites\/108\/2026\/03\/636547792_1385060603648719_6006414801181955154_n.jpg","type":"image\/jpeg"}],"twitter_card":"summary_large_image","twitter_misc":{"Est. reading time":"1 minuta"},"schema":{"@context":"https:\/\/schema.org","@graph":[{"@type":"WebPage","@id":"https:\/\/pracownieorange.pl\/toszek\/news\/mlodzi-filmowcy\/","url":"https:\/\/pracownieorange.pl\/toszek\/news\/mlodzi-filmowcy\/","name":"M\u0142odzi filmowcy - Pracownia Orange Toszek","isPartOf":{"@id":"https:\/\/pracownieorange.pl\/toszek\/#website"},"primaryImageOfPage":{"@id":"https:\/\/pracownieorange.pl\/toszek\/news\/mlodzi-filmowcy\/#primaryimage"},"image":{"@id":"https:\/\/pracownieorange.pl\/toszek\/news\/mlodzi-filmowcy\/#primaryimage"},"thumbnailUrl":"https:\/\/pracownieorange.pl\/app\/uploads\/sites\/108\/2026\/03\/636547792_1385060603648719_6006414801181955154_n.jpg","datePublished":"2026-03-27T12:31:55+00:00","dateModified":"2026-03-28T10:37:37+00:00","breadcrumb":{"@id":"https:\/\/pracownieorange.pl\/toszek\/news\/mlodzi-filmowcy\/#breadcrumb"},"inLanguage":"pl-PL","potentialAction":[{"@type":"ReadAction","target":["https:\/\/pracownieorange.pl\/toszek\/news\/mlodzi-filmowcy\/"]}]},{"@type":"ImageObject","inLanguage":"pl-PL","@id":"https:\/\/pracownieorange.pl\/toszek\/news\/mlodzi-filmowcy\/#primaryimage","url":"https:\/\/pracownieorange.pl\/app\/uploads\/sites\/108\/2026\/03\/636547792_1385060603648719_6006414801181955154_n.jpg","contentUrl":"https:\/\/pracownieorange.pl\/app\/uploads\/sites\/108\/2026\/03\/636547792_1385060603648719_6006414801181955154_n.jpg","width":1373,"height":1716,"caption":"Na zdj\u0119ciu wida\u0107 dzieci siedz\u0105ce na krzes\u0142ach ty\u0142em a przed nimi m\u0119\u017cczyzn\u0119 z kamer\u0105."},{"@type":"BreadcrumbList","@id":"https:\/\/pracownieorange.pl\/toszek\/news\/mlodzi-filmowcy\/#breadcrumb","itemListElement":[{"@type":"ListItem","position":1,"name":"Home","item":"https:\/\/pracownieorange.pl\/toszek\/"},{"@type":"ListItem","position":2,"name":"Aktualno\u015bci","item":"https:\/\/pracownieorange.pl\/toszek\/news\/"},{"@type":"ListItem","position":3,"name":"M\u0142odzi filmowcy"}]},{"@type":"WebSite","@id":"https:\/\/pracownieorange.pl\/toszek\/#website","url":"https:\/\/pracownieorange.pl\/toszek\/","name":"Pracownia Orange Toszek","description":"","potentialAction":[{"@type":"SearchAction","target":{"@type":"EntryPoint","urlTemplate":"https:\/\/pracownieorange.pl\/toszek\/?s={search_term_string}"},"query-input":{"@type":"PropertyValueSpecification","valueRequired":true,"valueName":"search_term_string"}}],"inLanguage":"pl-PL"}]}},"_links":{"self":[{"href":"https:\/\/pracownieorange.pl\/toszek\/wp-json\/wp\/v2\/news\/516","targetHints":{"allow":["GET"]}}],"collection":[{"href":"https:\/\/pracownieorange.pl\/toszek\/wp-json\/wp\/v2\/news"}],"about":[{"href":"https:\/\/pracownieorange.pl\/toszek\/wp-json\/wp\/v2\/types\/news"}],"author":[{"embeddable":true,"href":"https:\/\/pracownieorange.pl\/toszek\/wp-json\/wp\/v2\/users\/211"}],"replies":[{"embeddable":true,"href":"https:\/\/pracownieorange.pl\/toszek\/wp-json\/wp\/v2\/comments?post=516"}],"wp:featuredmedia":[{"embeddable":true,"href":"https:\/\/pracownieorange.pl\/toszek\/wp-json\/wp\/v2\/media\/517"}],"wp:attachment":[{"href":"https:\/\/pracownieorange.pl\/toszek\/wp-json\/wp\/v2\/media?parent=516"}],"curies":[{"name":"wp","href":"https:\/\/api.w.org\/{rel}","templated":true}]}}