

{"id":512,"date":"2026-03-27T13:28:53","date_gmt":"2026-03-27T12:28:53","guid":{"rendered":"https:\/\/pracownieorange.pl\/toszek\/?post_type=news&#038;p=512"},"modified":"2026-03-28T11:32:45","modified_gmt":"2026-03-28T10:32:45","slug":"papierowe-bukiety","status":"publish","type":"news","link":"https:\/\/pracownieorange.pl\/toszek\/news\/papierowe-bukiety\/","title":{"rendered":"Papierowe bukiety"},"content":{"rendered":"<p>Podczas ferii zimowych w Pracowni Orange Toszek odby\u0142y si\u0119 kreatywne zaj\u0119cia plastyczne, w trakcie kt\u00f3rych dzieci tworzy\u0142y kolorowe bukiety kwiat\u00f3w z papieru.<\/p>\n<p>Uczestnicy z du\u017cym zaanga\u017cowaniem wycinali, sk\u0142adali i komponowali w\u0142asne prace, rozwijaj\u0105c przy tym zdolno\u015bci manualne, koncentracj\u0119 oraz wyobra\u017ani\u0119 przestrzenn\u0105.<\/p>\n<p>Ka\u017cdy bukiet by\u0142 wyj\u0105tkowy i odzwierciedla\u0142 indywidualn\u0105 pomys\u0142owo\u015b\u0107 m\u0142odych tw\u00f3rc\u00f3w.<\/p>\n<p>Zaj\u0119cia przebiega\u0142y w radosnej atmosferze, sprzyjaj\u0105cej zar\u00f3wno nauce, jak i integracji.<\/p>\n<p>By\u0142a to doskona\u0142a okazja do tw\u00f3rczego sp\u0119dzenia czasu wolnego oraz rozwijania pasji plastycznych w\u015br\u00f3d dzieci.<\/p>\n","protected":false},"excerpt":{"rendered":"<p>Podczas ferii zimowych w Pracowni Orange Toszek odby\u0142y si\u0119 kreatywne [&hellip;]<\/p>\n","protected":false},"author":211,"featured_media":513,"comment_status":"open","ping_status":"closed","template":"","class_list":["post-512","news","type-news","status-publish","has-post-thumbnail","hentry"],"acf":[],"yoast_head":"<!-- This site is optimized with the Yoast SEO plugin v24.5 - https:\/\/yoast.com\/wordpress\/plugins\/seo\/ -->\n<title>Papierowe bukiety - Pracownia Orange Toszek<\/title>\n<meta name=\"robots\" content=\"index, follow, max-snippet:-1, max-image-preview:large, max-video-preview:-1\" \/>\n<link rel=\"canonical\" href=\"https:\/\/pracownieorange.pl\/toszek\/news\/papierowe-bukiety\/\" \/>\n<meta property=\"og:locale\" content=\"pl_PL\" \/>\n<meta property=\"og:type\" content=\"article\" \/>\n<meta property=\"og:title\" content=\"Papierowe bukiety - Pracownia Orange Toszek\" \/>\n<meta property=\"og:description\" content=\"Podczas ferii zimowych w Pracowni Orange Toszek odby\u0142y si\u0119 kreatywne [&hellip;]\" \/>\n<meta property=\"og:url\" content=\"https:\/\/pracownieorange.pl\/toszek\/news\/papierowe-bukiety\/\" \/>\n<meta property=\"og:site_name\" content=\"Pracownia Orange Toszek\" \/>\n<meta property=\"article:modified_time\" content=\"2026-03-28T10:32:45+00:00\" \/>\n<meta property=\"og:image\" content=\"https:\/\/pracownieorange.pl\/app\/uploads\/sites\/108\/2026\/03\/634327404_1381536867334426_2115685099799153626_n.jpg\" \/>\n\t<meta property=\"og:image:width\" content=\"1374\" \/>\n\t<meta property=\"og:image:height\" content=\"1374\" \/>\n\t<meta property=\"og:image:type\" content=\"image\/jpeg\" \/>\n<meta name=\"twitter:card\" content=\"summary_large_image\" \/>\n<meta name=\"twitter:label1\" content=\"Est. reading time\" \/>\n\t<meta name=\"twitter:data1\" content=\"1 minuta\" \/>\n<script type=\"application\/ld+json\" class=\"yoast-schema-graph\">{\"@context\":\"https:\/\/schema.org\",\"@graph\":[{\"@type\":\"WebPage\",\"@id\":\"https:\/\/pracownieorange.pl\/toszek\/news\/papierowe-bukiety\/\",\"url\":\"https:\/\/pracownieorange.pl\/toszek\/news\/papierowe-bukiety\/\",\"name\":\"Papierowe bukiety - Pracownia Orange Toszek\",\"isPartOf\":{\"@id\":\"https:\/\/pracownieorange.pl\/toszek\/#website\"},\"primaryImageOfPage\":{\"@id\":\"https:\/\/pracownieorange.pl\/toszek\/news\/papierowe-bukiety\/#primaryimage\"},\"image\":{\"@id\":\"https:\/\/pracownieorange.pl\/toszek\/news\/papierowe-bukiety\/#primaryimage\"},\"thumbnailUrl\":\"https:\/\/pracownieorange.pl\/app\/uploads\/sites\/108\/2026\/03\/634327404_1381536867334426_2115685099799153626_n.jpg\",\"datePublished\":\"2026-03-27T12:28:53+00:00\",\"dateModified\":\"2026-03-28T10:32:45+00:00\",\"breadcrumb\":{\"@id\":\"https:\/\/pracownieorange.pl\/toszek\/news\/papierowe-bukiety\/#breadcrumb\"},\"inLanguage\":\"pl-PL\",\"potentialAction\":[{\"@type\":\"ReadAction\",\"target\":[\"https:\/\/pracownieorange.pl\/toszek\/news\/papierowe-bukiety\/\"]}]},{\"@type\":\"ImageObject\",\"inLanguage\":\"pl-PL\",\"@id\":\"https:\/\/pracownieorange.pl\/toszek\/news\/papierowe-bukiety\/#primaryimage\",\"url\":\"https:\/\/pracownieorange.pl\/app\/uploads\/sites\/108\/2026\/03\/634327404_1381536867334426_2115685099799153626_n.jpg\",\"contentUrl\":\"https:\/\/pracownieorange.pl\/app\/uploads\/sites\/108\/2026\/03\/634327404_1381536867334426_2115685099799153626_n.jpg\",\"width\":1374,\"height\":1374,\"caption\":\"Na zdj\u0119ciu wida\u0107 d\u0142onie dziecka, a w nich wielobarwne kwiaty z papieru.\"},{\"@type\":\"BreadcrumbList\",\"@id\":\"https:\/\/pracownieorange.pl\/toszek\/news\/papierowe-bukiety\/#breadcrumb\",\"itemListElement\":[{\"@type\":\"ListItem\",\"position\":1,\"name\":\"Home\",\"item\":\"https:\/\/pracownieorange.pl\/toszek\/\"},{\"@type\":\"ListItem\",\"position\":2,\"name\":\"Aktualno\u015bci\",\"item\":\"https:\/\/pracownieorange.pl\/toszek\/news\/\"},{\"@type\":\"ListItem\",\"position\":3,\"name\":\"Papierowe bukiety\"}]},{\"@type\":\"WebSite\",\"@id\":\"https:\/\/pracownieorange.pl\/toszek\/#website\",\"url\":\"https:\/\/pracownieorange.pl\/toszek\/\",\"name\":\"Pracownia Orange Toszek\",\"description\":\"\",\"potentialAction\":[{\"@type\":\"SearchAction\",\"target\":{\"@type\":\"EntryPoint\",\"urlTemplate\":\"https:\/\/pracownieorange.pl\/toszek\/?s={search_term_string}\"},\"query-input\":{\"@type\":\"PropertyValueSpecification\",\"valueRequired\":true,\"valueName\":\"search_term_string\"}}],\"inLanguage\":\"pl-PL\"}]}<\/script>\n<!-- \/ Yoast SEO plugin. -->","yoast_head_json":{"title":"Papierowe bukiety - Pracownia Orange Toszek","robots":{"index":"index","follow":"follow","max-snippet":"max-snippet:-1","max-image-preview":"max-image-preview:large","max-video-preview":"max-video-preview:-1"},"canonical":"https:\/\/pracownieorange.pl\/toszek\/news\/papierowe-bukiety\/","og_locale":"pl_PL","og_type":"article","og_title":"Papierowe bukiety - Pracownia Orange Toszek","og_description":"Podczas ferii zimowych w Pracowni Orange Toszek odby\u0142y si\u0119 kreatywne [&hellip;]","og_url":"https:\/\/pracownieorange.pl\/toszek\/news\/papierowe-bukiety\/","og_site_name":"Pracownia Orange Toszek","article_modified_time":"2026-03-28T10:32:45+00:00","og_image":[{"width":1374,"height":1374,"url":"https:\/\/pracownieorange.pl\/app\/uploads\/sites\/108\/2026\/03\/634327404_1381536867334426_2115685099799153626_n.jpg","type":"image\/jpeg"}],"twitter_card":"summary_large_image","twitter_misc":{"Est. reading time":"1 minuta"},"schema":{"@context":"https:\/\/schema.org","@graph":[{"@type":"WebPage","@id":"https:\/\/pracownieorange.pl\/toszek\/news\/papierowe-bukiety\/","url":"https:\/\/pracownieorange.pl\/toszek\/news\/papierowe-bukiety\/","name":"Papierowe bukiety - Pracownia Orange Toszek","isPartOf":{"@id":"https:\/\/pracownieorange.pl\/toszek\/#website"},"primaryImageOfPage":{"@id":"https:\/\/pracownieorange.pl\/toszek\/news\/papierowe-bukiety\/#primaryimage"},"image":{"@id":"https:\/\/pracownieorange.pl\/toszek\/news\/papierowe-bukiety\/#primaryimage"},"thumbnailUrl":"https:\/\/pracownieorange.pl\/app\/uploads\/sites\/108\/2026\/03\/634327404_1381536867334426_2115685099799153626_n.jpg","datePublished":"2026-03-27T12:28:53+00:00","dateModified":"2026-03-28T10:32:45+00:00","breadcrumb":{"@id":"https:\/\/pracownieorange.pl\/toszek\/news\/papierowe-bukiety\/#breadcrumb"},"inLanguage":"pl-PL","potentialAction":[{"@type":"ReadAction","target":["https:\/\/pracownieorange.pl\/toszek\/news\/papierowe-bukiety\/"]}]},{"@type":"ImageObject","inLanguage":"pl-PL","@id":"https:\/\/pracownieorange.pl\/toszek\/news\/papierowe-bukiety\/#primaryimage","url":"https:\/\/pracownieorange.pl\/app\/uploads\/sites\/108\/2026\/03\/634327404_1381536867334426_2115685099799153626_n.jpg","contentUrl":"https:\/\/pracownieorange.pl\/app\/uploads\/sites\/108\/2026\/03\/634327404_1381536867334426_2115685099799153626_n.jpg","width":1374,"height":1374,"caption":"Na zdj\u0119ciu wida\u0107 d\u0142onie dziecka, a w nich wielobarwne kwiaty z papieru."},{"@type":"BreadcrumbList","@id":"https:\/\/pracownieorange.pl\/toszek\/news\/papierowe-bukiety\/#breadcrumb","itemListElement":[{"@type":"ListItem","position":1,"name":"Home","item":"https:\/\/pracownieorange.pl\/toszek\/"},{"@type":"ListItem","position":2,"name":"Aktualno\u015bci","item":"https:\/\/pracownieorange.pl\/toszek\/news\/"},{"@type":"ListItem","position":3,"name":"Papierowe bukiety"}]},{"@type":"WebSite","@id":"https:\/\/pracownieorange.pl\/toszek\/#website","url":"https:\/\/pracownieorange.pl\/toszek\/","name":"Pracownia Orange Toszek","description":"","potentialAction":[{"@type":"SearchAction","target":{"@type":"EntryPoint","urlTemplate":"https:\/\/pracownieorange.pl\/toszek\/?s={search_term_string}"},"query-input":{"@type":"PropertyValueSpecification","valueRequired":true,"valueName":"search_term_string"}}],"inLanguage":"pl-PL"}]}},"_links":{"self":[{"href":"https:\/\/pracownieorange.pl\/toszek\/wp-json\/wp\/v2\/news\/512","targetHints":{"allow":["GET"]}}],"collection":[{"href":"https:\/\/pracownieorange.pl\/toszek\/wp-json\/wp\/v2\/news"}],"about":[{"href":"https:\/\/pracownieorange.pl\/toszek\/wp-json\/wp\/v2\/types\/news"}],"author":[{"embeddable":true,"href":"https:\/\/pracownieorange.pl\/toszek\/wp-json\/wp\/v2\/users\/211"}],"replies":[{"embeddable":true,"href":"https:\/\/pracownieorange.pl\/toszek\/wp-json\/wp\/v2\/comments?post=512"}],"wp:featuredmedia":[{"embeddable":true,"href":"https:\/\/pracownieorange.pl\/toszek\/wp-json\/wp\/v2\/media\/513"}],"wp:attachment":[{"href":"https:\/\/pracownieorange.pl\/toszek\/wp-json\/wp\/v2\/media?parent=512"}],"curies":[{"name":"wp","href":"https:\/\/api.w.org\/{rel}","templated":true}]}}