

{"id":861,"date":"2024-10-28T15:12:21","date_gmt":"2024-10-28T14:12:21","guid":{"rendered":"https:\/\/pracownieorange.pl\/szprotawa\/?post_type=news&#038;p=861"},"modified":"2024-10-28T19:15:00","modified_gmt":"2024-10-28T18:15:00","slug":"ii-forum-fundacji-orange-wspolpraca-i-inspiracje","status":"publish","type":"news","link":"https:\/\/pracownieorange.pl\/szprotawa\/news\/ii-forum-fundacji-orange-wspolpraca-i-inspiracje\/","title":{"rendered":"II Forum Fundacji Orange: wsp\u00f3\u0142praca i inspiracje"},"content":{"rendered":"<p>Drugie Forum Fundacji Orange<\/p>\n<p>To by\u0142y dwa dni pe\u0142ne wra\u017ce\u0144, podczas kt\u00f3rych liderzy Pracowni Orange z ca\u0142ej Polski mieli okazj\u0119 spotka\u0107 si\u0119 w Warszawie, by wymienia\u0107 do\u015bwiadczenia i podnosi\u0107 swoje kompetencje. Program wype\u0142ni\u0142y inspiruj\u0105ce wyst\u0105pienia i warsztaty tematyczne, a has\u0142em przewodnim tegorocznego forum by\u0142a sprawczo\u015b\u0107.<\/p>\n<p>Jednym z najwa\u017cniejszych moment\u00f3w by\u0142o spotkanie z Martyn\u0105 Wojciechowsk\u0105, kt\u00f3ra opowiedzia\u0142a o swojej drodze \u017cyciowej oraz trudno\u015bciach w decydowaniu o w\u0142asnym losie. Jej historia by\u0142a dla nas inspiracj\u0105 i przypomnieniem, \u017ce warto wierzy\u0107 w siebie, nawet w obliczu wyzwa\u0144.<\/p>\n<p>Mieli\u015bmy r\u00f3wnie\u017c okazj\u0119 zapozna\u0107 si\u0119 z nowymi technologiami dzi\u0119ki stanowiskom z ploterami, drukiem 3D oraz sitodrukiem. To by\u0142a fantastyczna okazja, aby spr\u00f3bowa\u0107 swoich si\u0142 i obserwowa\u0107, jak dzia\u0142aj\u0105 te nowoczesne urz\u0105dzenia. Wsp\u00f3lne eksperymentowanie z nowymi technologiami otworzy\u0142o przed nami nowe perspektywy i pomys\u0142y na przysz\u0142o\u015b\u0107.<\/p>\n<p>Spotkania z innymi liderami da\u0142y nam poczucie, \u017ce mimo wsp\u00f3\u0142dzielonych przez r\u00f3\u017cne Pracownie trudno\u015bci, mo\u017cemy je pokona\u0107, dziel\u0105c si\u0119 w\u0142asnymi do\u015bwiadczeniami i pomys\u0142ami. W ko\u0144cu, co dwie g\u0142owy, to nie jedna \u2013 a wiele nowych pomys\u0142\u00f3w przyczyni si\u0119 do rozwoju naszych lokalnych Pracowni Orange.<\/p>\n<p>\ud83e\udde1 Dzi\u0119kujemy za mo\u017cliwo\u015b\u0107 udzia\u0142u w forum, niesamowit\u0105 energi\u0119 i mn\u00f3stwo inspiracji!<\/p>\n","protected":false},"excerpt":{"rendered":"<p>Drugie Forum Fundacji Orange To by\u0142y dwa dni pe\u0142ne wra\u017ce\u0144, [&hellip;]<\/p>\n","protected":false},"author":222,"featured_media":873,"comment_status":"open","ping_status":"closed","template":"","class_list":["post-861","news","type-news","status-publish","has-post-thumbnail","hentry"],"acf":[],"yoast_head":"<!-- This site is optimized with the Yoast SEO plugin v24.5 - https:\/\/yoast.com\/wordpress\/plugins\/seo\/ -->\n<title>II Forum Fundacji Orange: wsp\u00f3\u0142praca i inspiracje - Pracownia Orange Szprotawa<\/title>\n<meta name=\"robots\" content=\"index, follow, max-snippet:-1, max-image-preview:large, max-video-preview:-1\" \/>\n<link rel=\"canonical\" href=\"https:\/\/pracownieorange.pl\/szprotawa\/news\/ii-forum-fundacji-orange-wspolpraca-i-inspiracje\/\" \/>\n<meta property=\"og:locale\" content=\"pl_PL\" \/>\n<meta property=\"og:type\" content=\"article\" \/>\n<meta property=\"og:title\" content=\"II Forum Fundacji Orange: wsp\u00f3\u0142praca i inspiracje - Pracownia Orange Szprotawa\" \/>\n<meta property=\"og:description\" content=\"Drugie Forum Fundacji Orange To by\u0142y dwa dni pe\u0142ne wra\u017ce\u0144, [&hellip;]\" \/>\n<meta property=\"og:url\" content=\"https:\/\/pracownieorange.pl\/szprotawa\/news\/ii-forum-fundacji-orange-wspolpraca-i-inspiracje\/\" \/>\n<meta property=\"og:site_name\" content=\"Pracownia Orange Szprotawa\" \/>\n<meta property=\"article:modified_time\" content=\"2024-10-28T18:15:00+00:00\" \/>\n<meta property=\"og:image\" content=\"https:\/\/pracownieorange.pl\/app\/uploads\/sites\/107\/2024\/10\/464687145_959256859574929_871780395718556701_n-1.jpg\" \/>\n\t<meta property=\"og:image:width\" content=\"1208\" \/>\n\t<meta property=\"og:image:height\" content=\"1324\" \/>\n\t<meta property=\"og:image:type\" content=\"image\/jpeg\" \/>\n<meta name=\"twitter:card\" content=\"summary_large_image\" \/>\n<meta name=\"twitter:label1\" content=\"Est. reading time\" \/>\n\t<meta name=\"twitter:data1\" content=\"2 minuty\" \/>\n<script type=\"application\/ld+json\" class=\"yoast-schema-graph\">{\"@context\":\"https:\/\/schema.org\",\"@graph\":[{\"@type\":\"WebPage\",\"@id\":\"https:\/\/pracownieorange.pl\/szprotawa\/news\/ii-forum-fundacji-orange-wspolpraca-i-inspiracje\/\",\"url\":\"https:\/\/pracownieorange.pl\/szprotawa\/news\/ii-forum-fundacji-orange-wspolpraca-i-inspiracje\/\",\"name\":\"II Forum Fundacji Orange: wsp\u00f3\u0142praca i inspiracje - Pracownia Orange Szprotawa\",\"isPartOf\":{\"@id\":\"https:\/\/pracownieorange.pl\/szprotawa\/#website\"},\"primaryImageOfPage\":{\"@id\":\"https:\/\/pracownieorange.pl\/szprotawa\/news\/ii-forum-fundacji-orange-wspolpraca-i-inspiracje\/#primaryimage\"},\"image\":{\"@id\":\"https:\/\/pracownieorange.pl\/szprotawa\/news\/ii-forum-fundacji-orange-wspolpraca-i-inspiracje\/#primaryimage\"},\"thumbnailUrl\":\"https:\/\/pracownieorange.pl\/app\/uploads\/sites\/107\/2024\/10\/464687145_959256859574929_871780395718556701_n-1.jpg\",\"datePublished\":\"2024-10-28T14:12:21+00:00\",\"dateModified\":\"2024-10-28T18:15:00+00:00\",\"breadcrumb\":{\"@id\":\"https:\/\/pracownieorange.pl\/szprotawa\/news\/ii-forum-fundacji-orange-wspolpraca-i-inspiracje\/#breadcrumb\"},\"inLanguage\":\"pl-PL\",\"potentialAction\":[{\"@type\":\"ReadAction\",\"target\":[\"https:\/\/pracownieorange.pl\/szprotawa\/news\/ii-forum-fundacji-orange-wspolpraca-i-inspiracje\/\"]}]},{\"@type\":\"ImageObject\",\"inLanguage\":\"pl-PL\",\"@id\":\"https:\/\/pracownieorange.pl\/szprotawa\/news\/ii-forum-fundacji-orange-wspolpraca-i-inspiracje\/#primaryimage\",\"url\":\"https:\/\/pracownieorange.pl\/app\/uploads\/sites\/107\/2024\/10\/464687145_959256859574929_871780395718556701_n-1.jpg\",\"contentUrl\":\"https:\/\/pracownieorange.pl\/app\/uploads\/sites\/107\/2024\/10\/464687145_959256859574929_871780395718556701_n-1.jpg\",\"width\":1208,\"height\":1324,\"caption\":\"zdj\u0119cie trzech liderek z pracowni orange w Szprotawie trzymaj\u0105cych torby z napisem daj si\u0119 ponie\u015b\u0107 sprawczo\u015bci, w tle \u015bcianka do pisania\"},{\"@type\":\"BreadcrumbList\",\"@id\":\"https:\/\/pracownieorange.pl\/szprotawa\/news\/ii-forum-fundacji-orange-wspolpraca-i-inspiracje\/#breadcrumb\",\"itemListElement\":[{\"@type\":\"ListItem\",\"position\":1,\"name\":\"Home\",\"item\":\"https:\/\/pracownieorange.pl\/szprotawa\/\"},{\"@type\":\"ListItem\",\"position\":2,\"name\":\"Aktualno\u015bci\",\"item\":\"https:\/\/pracownieorange.pl\/szprotawa\/news\/\"},{\"@type\":\"ListItem\",\"position\":3,\"name\":\"II Forum Fundacji Orange: wsp\u00f3\u0142praca i inspiracje\"}]},{\"@type\":\"WebSite\",\"@id\":\"https:\/\/pracownieorange.pl\/szprotawa\/#website\",\"url\":\"https:\/\/pracownieorange.pl\/szprotawa\/\",\"name\":\"Pracownia Orange Szprotawa\",\"description\":\"\",\"potentialAction\":[{\"@type\":\"SearchAction\",\"target\":{\"@type\":\"EntryPoint\",\"urlTemplate\":\"https:\/\/pracownieorange.pl\/szprotawa\/?s={search_term_string}\"},\"query-input\":{\"@type\":\"PropertyValueSpecification\",\"valueRequired\":true,\"valueName\":\"search_term_string\"}}],\"inLanguage\":\"pl-PL\"}]}<\/script>\n<!-- \/ Yoast SEO plugin. -->","yoast_head_json":{"title":"II Forum Fundacji Orange: wsp\u00f3\u0142praca i inspiracje - Pracownia Orange Szprotawa","robots":{"index":"index","follow":"follow","max-snippet":"max-snippet:-1","max-image-preview":"max-image-preview:large","max-video-preview":"max-video-preview:-1"},"canonical":"https:\/\/pracownieorange.pl\/szprotawa\/news\/ii-forum-fundacji-orange-wspolpraca-i-inspiracje\/","og_locale":"pl_PL","og_type":"article","og_title":"II Forum Fundacji Orange: wsp\u00f3\u0142praca i inspiracje - Pracownia Orange Szprotawa","og_description":"Drugie Forum Fundacji Orange To by\u0142y dwa dni pe\u0142ne wra\u017ce\u0144, [&hellip;]","og_url":"https:\/\/pracownieorange.pl\/szprotawa\/news\/ii-forum-fundacji-orange-wspolpraca-i-inspiracje\/","og_site_name":"Pracownia Orange Szprotawa","article_modified_time":"2024-10-28T18:15:00+00:00","og_image":[{"width":1208,"height":1324,"url":"https:\/\/pracownieorange.pl\/app\/uploads\/sites\/107\/2024\/10\/464687145_959256859574929_871780395718556701_n-1.jpg","type":"image\/jpeg"}],"twitter_card":"summary_large_image","twitter_misc":{"Est. reading time":"2 minuty"},"schema":{"@context":"https:\/\/schema.org","@graph":[{"@type":"WebPage","@id":"https:\/\/pracownieorange.pl\/szprotawa\/news\/ii-forum-fundacji-orange-wspolpraca-i-inspiracje\/","url":"https:\/\/pracownieorange.pl\/szprotawa\/news\/ii-forum-fundacji-orange-wspolpraca-i-inspiracje\/","name":"II Forum Fundacji Orange: wsp\u00f3\u0142praca i inspiracje - Pracownia Orange Szprotawa","isPartOf":{"@id":"https:\/\/pracownieorange.pl\/szprotawa\/#website"},"primaryImageOfPage":{"@id":"https:\/\/pracownieorange.pl\/szprotawa\/news\/ii-forum-fundacji-orange-wspolpraca-i-inspiracje\/#primaryimage"},"image":{"@id":"https:\/\/pracownieorange.pl\/szprotawa\/news\/ii-forum-fundacji-orange-wspolpraca-i-inspiracje\/#primaryimage"},"thumbnailUrl":"https:\/\/pracownieorange.pl\/app\/uploads\/sites\/107\/2024\/10\/464687145_959256859574929_871780395718556701_n-1.jpg","datePublished":"2024-10-28T14:12:21+00:00","dateModified":"2024-10-28T18:15:00+00:00","breadcrumb":{"@id":"https:\/\/pracownieorange.pl\/szprotawa\/news\/ii-forum-fundacji-orange-wspolpraca-i-inspiracje\/#breadcrumb"},"inLanguage":"pl-PL","potentialAction":[{"@type":"ReadAction","target":["https:\/\/pracownieorange.pl\/szprotawa\/news\/ii-forum-fundacji-orange-wspolpraca-i-inspiracje\/"]}]},{"@type":"ImageObject","inLanguage":"pl-PL","@id":"https:\/\/pracownieorange.pl\/szprotawa\/news\/ii-forum-fundacji-orange-wspolpraca-i-inspiracje\/#primaryimage","url":"https:\/\/pracownieorange.pl\/app\/uploads\/sites\/107\/2024\/10\/464687145_959256859574929_871780395718556701_n-1.jpg","contentUrl":"https:\/\/pracownieorange.pl\/app\/uploads\/sites\/107\/2024\/10\/464687145_959256859574929_871780395718556701_n-1.jpg","width":1208,"height":1324,"caption":"zdj\u0119cie trzech liderek z pracowni orange w Szprotawie trzymaj\u0105cych torby z napisem daj si\u0119 ponie\u015b\u0107 sprawczo\u015bci, w tle \u015bcianka do pisania"},{"@type":"BreadcrumbList","@id":"https:\/\/pracownieorange.pl\/szprotawa\/news\/ii-forum-fundacji-orange-wspolpraca-i-inspiracje\/#breadcrumb","itemListElement":[{"@type":"ListItem","position":1,"name":"Home","item":"https:\/\/pracownieorange.pl\/szprotawa\/"},{"@type":"ListItem","position":2,"name":"Aktualno\u015bci","item":"https:\/\/pracownieorange.pl\/szprotawa\/news\/"},{"@type":"ListItem","position":3,"name":"II Forum Fundacji Orange: wsp\u00f3\u0142praca i inspiracje"}]},{"@type":"WebSite","@id":"https:\/\/pracownieorange.pl\/szprotawa\/#website","url":"https:\/\/pracownieorange.pl\/szprotawa\/","name":"Pracownia Orange Szprotawa","description":"","potentialAction":[{"@type":"SearchAction","target":{"@type":"EntryPoint","urlTemplate":"https:\/\/pracownieorange.pl\/szprotawa\/?s={search_term_string}"},"query-input":{"@type":"PropertyValueSpecification","valueRequired":true,"valueName":"search_term_string"}}],"inLanguage":"pl-PL"}]}},"_links":{"self":[{"href":"https:\/\/pracownieorange.pl\/szprotawa\/wp-json\/wp\/v2\/news\/861","targetHints":{"allow":["GET"]}}],"collection":[{"href":"https:\/\/pracownieorange.pl\/szprotawa\/wp-json\/wp\/v2\/news"}],"about":[{"href":"https:\/\/pracownieorange.pl\/szprotawa\/wp-json\/wp\/v2\/types\/news"}],"author":[{"embeddable":true,"href":"https:\/\/pracownieorange.pl\/szprotawa\/wp-json\/wp\/v2\/users\/222"}],"replies":[{"embeddable":true,"href":"https:\/\/pracownieorange.pl\/szprotawa\/wp-json\/wp\/v2\/comments?post=861"}],"wp:featuredmedia":[{"embeddable":true,"href":"https:\/\/pracownieorange.pl\/szprotawa\/wp-json\/wp\/v2\/media\/873"}],"wp:attachment":[{"href":"https:\/\/pracownieorange.pl\/szprotawa\/wp-json\/wp\/v2\/media?parent=861"}],"curies":[{"name":"wp","href":"https:\/\/api.w.org\/{rel}","templated":true}]}}