

{"id":256,"date":"2024-12-19T12:41:50","date_gmt":"2024-12-19T11:41:50","guid":{"rendered":"https:\/\/pracownieorange.pl\/strzegom\/?post_type=news&#038;p=256"},"modified":"2024-12-19T12:40:12","modified_gmt":"2024-12-19T11:40:12","slug":"ogolnopolski-projekt-american-dream-week-w-pracowni-orange","status":"publish","type":"news","link":"https:\/\/pracownieorange.pl\/strzegom\/news\/ogolnopolski-projekt-american-dream-week-w-pracowni-orange\/","title":{"rendered":"Og\u00f3lnopolski projekt American Dream Week w pracowni Orange"},"content":{"rendered":"<p>W dniach 25 XI &#8211; 27XI 2024 r. odby\u0142 si\u0119 w naszej pracowni American Dream Week, wydarzenie kulturowe maj\u0105ce na celu przybli\u017cenie nam og\u00f3lnej wiedzy na temat spo\u0142ecze\u0144stwa ameryka\u0144skiego, historii i kultury Stan\u00f3w Zjednoczonych oraz integracje w naszej pracowni.<\/p>\n<p>Podczas zaj\u0119\u0107 w pracowni Orange, odby\u0142y si\u0119 interesuj\u0105ce lekcje kulturowe i wiele ciekawostek zwi\u0105zanych ze Stanami Zjednoczonymi Ameryki. By\u0142a okazja do uczestnictwa w warsztatach artystycznych, prowadzonych przez Pani\u0105 Ma\u0142gorzat\u0119 Kossak, a w \u015brod\u0119 zaprosili\u015bmy ka\u017cdego kto nas odwiedzi\u0142 do Ameryka\u0144skiej restauracji u Bolka. Nie zabrak\u0142o tradycyjnego ameryka\u0144skiego menu: hamburgery, donaty, hot- dogi, American pie. Wybrana grupa m\u0142odzie\u017cy, niczym uczestnicy Masterchefa, opanowa\u0142a szkoln\u0105 kuchni\u0119, aby zadba\u0107 o nasze podniebienia. Z utargu ze sprzeda\u017cy zostanie zakupione po\u017cywienie dla wiewi\u00f3rek, oraz zosta\u0142a zorganizowana zbi\u00f3rka \u017cywno\u015bci dla naszych rudych przyjaci\u00f3\u0142. Aby jeszcze lepiej poczu\u0107 ameryka\u0144ski klimat, na korytarzu tu\u017c przy pracowni, mo\u017cna by\u0142o spotka\u0107 ameryka\u0144skie kowbojki i kowboj\u00f3w (ang. cowboy), kt\u00f3rzy stali si\u0119 ulubionymi bohaterami western\u00f3w. Serdecznie dzi\u0119kujemy za wspania\u0142\u0105 zabaw\u0119 oraz za to, \u017ce byli\u015bcie cz\u0119\u015bci\u0105 tego kulturowego wydarzenia. Wasza rado\u015b\u0107, u\u015bmiechy i zaanga\u017cowanie sprawi\u0142y, \u017ce by\u0142o ono niezwyk\u0142e i niezapomniane!<\/p>\n","protected":false},"excerpt":{"rendered":"<p>W dniach 25 XI &#8211; 27XI 2024 r. odby\u0142 si\u0119 [&hellip;]<\/p>\n","protected":false},"author":267,"featured_media":264,"comment_status":"open","ping_status":"closed","template":"","class_list":["post-256","news","type-news","status-publish","has-post-thumbnail","hentry"],"acf":[],"yoast_head":"<!-- This site is optimized with the Yoast SEO plugin v24.5 - https:\/\/yoast.com\/wordpress\/plugins\/seo\/ -->\n<title>Og\u00f3lnopolski projekt American Dream Week w pracowni Orange - Pracownia Orange Strzegom<\/title>\n<meta name=\"robots\" content=\"index, follow, max-snippet:-1, max-image-preview:large, max-video-preview:-1\" \/>\n<link rel=\"canonical\" href=\"https:\/\/pracownieorange.pl\/strzegom\/news\/ogolnopolski-projekt-american-dream-week-w-pracowni-orange\/\" \/>\n<meta property=\"og:locale\" content=\"pl_PL\" \/>\n<meta property=\"og:type\" content=\"article\" \/>\n<meta property=\"og:title\" content=\"Og\u00f3lnopolski projekt American Dream Week w pracowni Orange - Pracownia Orange Strzegom\" \/>\n<meta property=\"og:description\" content=\"W dniach 25 XI &#8211; 27XI 2024 r. odby\u0142 si\u0119 [&hellip;]\" \/>\n<meta property=\"og:url\" content=\"https:\/\/pracownieorange.pl\/strzegom\/news\/ogolnopolski-projekt-american-dream-week-w-pracowni-orange\/\" \/>\n<meta property=\"og:site_name\" content=\"Pracownia Orange Strzegom\" \/>\n<meta property=\"og:image\" content=\"https:\/\/pracownieorange.pl\/app\/uploads\/sites\/29\/2024\/12\/image009.jpg\" \/>\n\t<meta property=\"og:image:width\" content=\"640\" \/>\n\t<meta property=\"og:image:height\" content=\"480\" \/>\n\t<meta property=\"og:image:type\" content=\"image\/jpeg\" \/>\n<meta name=\"twitter:card\" content=\"summary_large_image\" \/>\n<meta name=\"twitter:label1\" content=\"Est. reading time\" \/>\n\t<meta name=\"twitter:data1\" content=\"2 minuty\" \/>\n<script type=\"application\/ld+json\" class=\"yoast-schema-graph\">{\"@context\":\"https:\/\/schema.org\",\"@graph\":[{\"@type\":\"WebPage\",\"@id\":\"https:\/\/pracownieorange.pl\/strzegom\/news\/ogolnopolski-projekt-american-dream-week-w-pracowni-orange\/\",\"url\":\"https:\/\/pracownieorange.pl\/strzegom\/news\/ogolnopolski-projekt-american-dream-week-w-pracowni-orange\/\",\"name\":\"Og\u00f3lnopolski projekt American Dream Week w pracowni Orange - Pracownia Orange Strzegom\",\"isPartOf\":{\"@id\":\"https:\/\/pracownieorange.pl\/strzegom\/#website\"},\"primaryImageOfPage\":{\"@id\":\"https:\/\/pracownieorange.pl\/strzegom\/news\/ogolnopolski-projekt-american-dream-week-w-pracowni-orange\/#primaryimage\"},\"image\":{\"@id\":\"https:\/\/pracownieorange.pl\/strzegom\/news\/ogolnopolski-projekt-american-dream-week-w-pracowni-orange\/#primaryimage\"},\"thumbnailUrl\":\"https:\/\/pracownieorange.pl\/app\/uploads\/sites\/29\/2024\/12\/image009.jpg\",\"datePublished\":\"2024-12-19T11:41:50+00:00\",\"breadcrumb\":{\"@id\":\"https:\/\/pracownieorange.pl\/strzegom\/news\/ogolnopolski-projekt-american-dream-week-w-pracowni-orange\/#breadcrumb\"},\"inLanguage\":\"pl-PL\",\"potentialAction\":[{\"@type\":\"ReadAction\",\"target\":[\"https:\/\/pracownieorange.pl\/strzegom\/news\/ogolnopolski-projekt-american-dream-week-w-pracowni-orange\/\"]}]},{\"@type\":\"ImageObject\",\"inLanguage\":\"pl-PL\",\"@id\":\"https:\/\/pracownieorange.pl\/strzegom\/news\/ogolnopolski-projekt-american-dream-week-w-pracowni-orange\/#primaryimage\",\"url\":\"https:\/\/pracownieorange.pl\/app\/uploads\/sites\/29\/2024\/12\/image009.jpg\",\"contentUrl\":\"https:\/\/pracownieorange.pl\/app\/uploads\/sites\/29\/2024\/12\/image009.jpg\",\"width\":640,\"height\":480,\"caption\":\"Grupa m\u0142odzie\u017cy pozuje na tle flagi USA z pracami przez siebie wykonanymi.\"},{\"@type\":\"BreadcrumbList\",\"@id\":\"https:\/\/pracownieorange.pl\/strzegom\/news\/ogolnopolski-projekt-american-dream-week-w-pracowni-orange\/#breadcrumb\",\"itemListElement\":[{\"@type\":\"ListItem\",\"position\":1,\"name\":\"Home\",\"item\":\"https:\/\/pracownieorange.pl\/strzegom\/\"},{\"@type\":\"ListItem\",\"position\":2,\"name\":\"Aktualno\u015bci\",\"item\":\"https:\/\/pracownieorange.pl\/strzegom\/news\/\"},{\"@type\":\"ListItem\",\"position\":3,\"name\":\"Og\u00f3lnopolski projekt American Dream Week w pracowni Orange\"}]},{\"@type\":\"WebSite\",\"@id\":\"https:\/\/pracownieorange.pl\/strzegom\/#website\",\"url\":\"https:\/\/pracownieorange.pl\/strzegom\/\",\"name\":\"Pracownia Orange Strzegom\",\"description\":\"Kolejna witryna sieci &#8222;Pracownie Orange&#8221;\",\"potentialAction\":[{\"@type\":\"SearchAction\",\"target\":{\"@type\":\"EntryPoint\",\"urlTemplate\":\"https:\/\/pracownieorange.pl\/strzegom\/?s={search_term_string}\"},\"query-input\":{\"@type\":\"PropertyValueSpecification\",\"valueRequired\":true,\"valueName\":\"search_term_string\"}}],\"inLanguage\":\"pl-PL\"}]}<\/script>\n<!-- \/ Yoast SEO plugin. -->","yoast_head_json":{"title":"Og\u00f3lnopolski projekt American Dream Week w pracowni Orange - Pracownia Orange Strzegom","robots":{"index":"index","follow":"follow","max-snippet":"max-snippet:-1","max-image-preview":"max-image-preview:large","max-video-preview":"max-video-preview:-1"},"canonical":"https:\/\/pracownieorange.pl\/strzegom\/news\/ogolnopolski-projekt-american-dream-week-w-pracowni-orange\/","og_locale":"pl_PL","og_type":"article","og_title":"Og\u00f3lnopolski projekt American Dream Week w pracowni Orange - Pracownia Orange Strzegom","og_description":"W dniach 25 XI &#8211; 27XI 2024 r. odby\u0142 si\u0119 [&hellip;]","og_url":"https:\/\/pracownieorange.pl\/strzegom\/news\/ogolnopolski-projekt-american-dream-week-w-pracowni-orange\/","og_site_name":"Pracownia Orange Strzegom","og_image":[{"width":640,"height":480,"url":"https:\/\/pracownieorange.pl\/app\/uploads\/sites\/29\/2024\/12\/image009.jpg","type":"image\/jpeg"}],"twitter_card":"summary_large_image","twitter_misc":{"Est. reading time":"2 minuty"},"schema":{"@context":"https:\/\/schema.org","@graph":[{"@type":"WebPage","@id":"https:\/\/pracownieorange.pl\/strzegom\/news\/ogolnopolski-projekt-american-dream-week-w-pracowni-orange\/","url":"https:\/\/pracownieorange.pl\/strzegom\/news\/ogolnopolski-projekt-american-dream-week-w-pracowni-orange\/","name":"Og\u00f3lnopolski projekt American Dream Week w pracowni Orange - Pracownia Orange Strzegom","isPartOf":{"@id":"https:\/\/pracownieorange.pl\/strzegom\/#website"},"primaryImageOfPage":{"@id":"https:\/\/pracownieorange.pl\/strzegom\/news\/ogolnopolski-projekt-american-dream-week-w-pracowni-orange\/#primaryimage"},"image":{"@id":"https:\/\/pracownieorange.pl\/strzegom\/news\/ogolnopolski-projekt-american-dream-week-w-pracowni-orange\/#primaryimage"},"thumbnailUrl":"https:\/\/pracownieorange.pl\/app\/uploads\/sites\/29\/2024\/12\/image009.jpg","datePublished":"2024-12-19T11:41:50+00:00","breadcrumb":{"@id":"https:\/\/pracownieorange.pl\/strzegom\/news\/ogolnopolski-projekt-american-dream-week-w-pracowni-orange\/#breadcrumb"},"inLanguage":"pl-PL","potentialAction":[{"@type":"ReadAction","target":["https:\/\/pracownieorange.pl\/strzegom\/news\/ogolnopolski-projekt-american-dream-week-w-pracowni-orange\/"]}]},{"@type":"ImageObject","inLanguage":"pl-PL","@id":"https:\/\/pracownieorange.pl\/strzegom\/news\/ogolnopolski-projekt-american-dream-week-w-pracowni-orange\/#primaryimage","url":"https:\/\/pracownieorange.pl\/app\/uploads\/sites\/29\/2024\/12\/image009.jpg","contentUrl":"https:\/\/pracownieorange.pl\/app\/uploads\/sites\/29\/2024\/12\/image009.jpg","width":640,"height":480,"caption":"Grupa m\u0142odzie\u017cy pozuje na tle flagi USA z pracami przez siebie wykonanymi."},{"@type":"BreadcrumbList","@id":"https:\/\/pracownieorange.pl\/strzegom\/news\/ogolnopolski-projekt-american-dream-week-w-pracowni-orange\/#breadcrumb","itemListElement":[{"@type":"ListItem","position":1,"name":"Home","item":"https:\/\/pracownieorange.pl\/strzegom\/"},{"@type":"ListItem","position":2,"name":"Aktualno\u015bci","item":"https:\/\/pracownieorange.pl\/strzegom\/news\/"},{"@type":"ListItem","position":3,"name":"Og\u00f3lnopolski projekt American Dream Week w pracowni Orange"}]},{"@type":"WebSite","@id":"https:\/\/pracownieorange.pl\/strzegom\/#website","url":"https:\/\/pracownieorange.pl\/strzegom\/","name":"Pracownia Orange Strzegom","description":"Kolejna witryna sieci &#8222;Pracownie Orange&#8221;","potentialAction":[{"@type":"SearchAction","target":{"@type":"EntryPoint","urlTemplate":"https:\/\/pracownieorange.pl\/strzegom\/?s={search_term_string}"},"query-input":{"@type":"PropertyValueSpecification","valueRequired":true,"valueName":"search_term_string"}}],"inLanguage":"pl-PL"}]}},"_links":{"self":[{"href":"https:\/\/pracownieorange.pl\/strzegom\/wp-json\/wp\/v2\/news\/256","targetHints":{"allow":["GET"]}}],"collection":[{"href":"https:\/\/pracownieorange.pl\/strzegom\/wp-json\/wp\/v2\/news"}],"about":[{"href":"https:\/\/pracownieorange.pl\/strzegom\/wp-json\/wp\/v2\/types\/news"}],"author":[{"embeddable":true,"href":"https:\/\/pracownieorange.pl\/strzegom\/wp-json\/wp\/v2\/users\/267"}],"replies":[{"embeddable":true,"href":"https:\/\/pracownieorange.pl\/strzegom\/wp-json\/wp\/v2\/comments?post=256"}],"wp:featuredmedia":[{"embeddable":true,"href":"https:\/\/pracownieorange.pl\/strzegom\/wp-json\/wp\/v2\/media\/264"}],"wp:attachment":[{"href":"https:\/\/pracownieorange.pl\/strzegom\/wp-json\/wp\/v2\/media?parent=256"}],"curies":[{"name":"wp","href":"https:\/\/api.w.org\/{rel}","templated":true}]}}