

{"id":351,"date":"2026-09-02T13:39:00","date_gmt":"2026-09-02T11:39:00","guid":{"rendered":"https:\/\/pracownieorange.pl\/ryki\/?post_type=news&#038;p=351"},"modified":"2026-09-02T19:45:09","modified_gmt":"2026-09-02T17:45:09","slug":"warsztaty-decoupage-dekoracje-z-dusza-juz-17-wrzesnia","status":"publish","type":"news","link":"https:\/\/pracownieorange.pl\/ryki\/news\/warsztaty-decoupage-dekoracje-z-dusza-juz-17-wrzesnia\/","title":{"rendered":"Warsztaty decoupage &#8211; dekoracje z dusz\u0105 ju\u017c 17 wrze\u015bnia!"},"content":{"rendered":"<p class=\"PDq2pG_selectionAnchorContainer\" data-start=\"48\" data-end=\"218\">Masz ochot\u0119 stworzy\u0107 co\u015b w\u0142asnymi r\u0119kami i pu\u015bci\u0107 wodze fantazji?<\/p>\n<p class=\"PDq2pG_selectionAnchorContainer\" data-start=\"48\" data-end=\"218\">Zapraszamy dzieci i m\u0142odzie\u017c w wieku <strong data-start=\"153\" data-end=\"160\">10+<\/strong> na kreatywne warsztaty decoupage <strong data-start=\"194\" data-end=\"217\">\u201eDekoracje z dusz\u0105\u201d<\/strong>!<\/p>\n<p data-start=\"220\" data-end=\"499\">Podczas zaj\u0119\u0107 uczestnicy poznaj\u0105 technik\u0119 decoupage i w\u0142asnor\u0119cznie ozdobi\u0105 wybrane przedmioty, nadaj\u0105c im wyj\u0105tkowy, indywidualny charakter. \ud83c\udf38\ud83d\udd8c\ufe0f To doskona\u0142a okazja, aby rozwin\u0105\u0107 swoj\u0105 kreatywno\u015b\u0107, spr\u00f3bowa\u0107 czego\u015b nowego i stworzy\u0107 dekoracj\u0119, kt\u00f3ra b\u0119dzie naprawd\u0119 \u201ez dusz\u0105\u201d.<\/p>\n<p data-start=\"220\" data-end=\"499\">Warsztaty odb\u0119d\u0105 si\u0119\u00a0 w ramach cyklu warsztat\u00f3w pod has\u0142em \u201eNaturalnie Kreatywni\u201d. To wyj\u0105tkowy projekt skierowany do os\u00f3b, kt\u00f3re chc\u0105 dzia\u0142a\u0107 tw\u00f3rczo, odpowiedzialnie i w zgodzie z natur\u0105. Warsztaty b\u0119d\u0105 okazj\u0105 do zdobywania praktycznej wiedzy, rozwijania ekologicznej \u015bwiadomo\u015bci oraz tworzenia z materia\u0142\u00f3w naturalnych i recyklingowych. Uczestnicy b\u0119d\u0105 mogli m.in. nauczy\u0107 si\u0119, jak dawa\u0107 drugie \u017cycie przedmiotom, jak ogranicza\u0107 odpady w codziennym \u017cyciu oraz jak \u0142\u0105czy\u0107 kreatywno\u015b\u0107 z trosk\u0105 o \u015brodowisko. Projekt zosta\u0142 zrealizowany w ramach Programu Pracownie Orange.<\/p>\n<p data-start=\"220\" data-end=\"499\">Warsztaty realizowane w ramach <strong data-start=\"615\" data-end=\"644\">Programu Pracownie Orange<\/strong>. \ud83e\udde1<\/p>\n","protected":false},"excerpt":{"rendered":"<p>Masz ochot\u0119 stworzy\u0107 co\u015b w\u0142asnymi r\u0119kami i pu\u015bci\u0107 wodze fantazji? [&hellip;]<\/p>\n","protected":false},"author":261,"featured_media":354,"comment_status":"open","ping_status":"closed","template":"","class_list":["post-351","news","type-news","status-publish","has-post-thumbnail","hentry"],"acf":[],"_links":{"self":[{"href":"https:\/\/pracownieorange.pl\/ryki\/wp-json\/wp\/v2\/news\/351","targetHints":{"allow":["GET"]}}],"collection":[{"href":"https:\/\/pracownieorange.pl\/ryki\/wp-json\/wp\/v2\/news"}],"about":[{"href":"https:\/\/pracownieorange.pl\/ryki\/wp-json\/wp\/v2\/types\/news"}],"author":[{"embeddable":true,"href":"https:\/\/pracownieorange.pl\/ryki\/wp-json\/wp\/v2\/users\/261"}],"replies":[{"embeddable":true,"href":"https:\/\/pracownieorange.pl\/ryki\/wp-json\/wp\/v2\/comments?post=351"}],"wp:featuredmedia":[{"embeddable":true,"href":"https:\/\/pracownieorange.pl\/ryki\/wp-json\/wp\/v2\/media\/354"}],"wp:attachment":[{"href":"https:\/\/pracownieorange.pl\/ryki\/wp-json\/wp\/v2\/media?parent=351"}],"curies":[{"name":"wp","href":"https:\/\/api.w.org\/{rel}","templated":true}]}}