

{"id":175,"date":"2025-09-19T12:16:24","date_gmt":"2025-09-19T10:16:24","guid":{"rendered":"https:\/\/pracownieorange.pl\/ryki\/?post_type=news&#038;p=175"},"modified":"2025-09-19T16:17:42","modified_gmt":"2025-09-19T14:17:42","slug":"drugie-warsztaty-recyklingowe-w-pracowni-orange-w-rykach-obraz-sensoryczny","status":"publish","type":"news","link":"https:\/\/pracownieorange.pl\/ryki\/news\/drugie-warsztaty-recyklingowe-w-pracowni-orange-w-rykach-obraz-sensoryczny\/","title":{"rendered":"Drugie warsztaty recyklingowe w Pracowni Orange w Rykach &#8211; obraz sensoryczny"},"content":{"rendered":"<p style=\"padding-left: 40px; text-align: left;\" data-start=\"122\" data-end=\"182\">W Pracowni Orange w Rykach odby\u0142y si\u0119 kolejne, drugie ju\u017c warsztaty w ramach projektu <strong data-start=\"270\" data-end=\"330\">\u201eCykl warsztat\u00f3w recyklingowych ,,Z recyklingu do designu\u201d<\/strong>, realizowanego dzi\u0119ki dofinansowaniu z programu Fundacji Orange \u2013 <strong data-start=\"397\" data-end=\"415\">Ekogranty 2025<\/strong>.<\/p>\n<p data-start=\"418\" data-end=\"1003\">Podczas spotkania uczestnicy tworzyli indywidualne <strong data-start=\"469\" data-end=\"492\">obrazki sensoryczne<\/strong> na drewnianych deseczkach, wykorzystuj\u0105c do tego materia\u0142y pochodz\u0105ce z recyklingu. Ka\u017cda praca przedstawia\u0142a inne zjawisko lub krajobraz \u2013 pojawi\u0142y si\u0119 m.in. <strong data-start=\"652\" data-end=\"681\">morze, \u0142\u0105ka czy las<\/strong>, a do ich wykonania u\u017cyto rozmaitych faktur i tworzyw. Dzi\u0119ki temu ka\u017cda deseczka sta\u0142a si\u0119 unikaln\u0105 kompozycj\u0105, oddzia\u0142uj\u0105c\u0105 na zmys\u0142 dotyku i rozwijaj\u0105c\u0105 wra\u017cliwo\u015b\u0107 sensoryczn\u0105 uczestnik\u00f3w.<\/p>\n<p data-start=\"1005\" data-end=\"1730\">Zwie\u0144czeniem warsztat\u00f3w by\u0142o wsp\u00f3lne wykonanie jednej du\u017cej <strong data-start=\"1065\" data-end=\"1107\">pracy zbiorowej \u2013 obrazu sensorycznego<\/strong>, kt\u00f3ry mia\u0142 charakter nieco inny ni\u017c pozosta\u0142e. Tym razem u\u017cyto takich materia\u0142\u00f3w jak <strong data-start=\"1194\" data-end=\"1254\">m\u0105ka, ry\u017c, groch, kora drzew, wata czy \u015bcinki materia\u0142\u00f3w<\/strong>, kt\u00f3re zosta\u0142y <strong data-start=\"1270\" data-end=\"1308\">ukryte w materia\u0142owych \u201epakunkach\u201d<\/strong> i przymocowane do jednej du\u017cej powierzchni. Z zewn\u0105trz nie by\u0142o wiadomo, co znajduje si\u0119 w \u015brodku \u2013 zadaniem uczestnik\u00f3w by\u0142o <strong data-start=\"1435\" data-end=\"1474\">poznawanie zawarto\u015bci poprzez dotyk<\/strong> i odgadywanie, jakie tworzywo kryje si\u0119 pod dan\u0105 struktur\u0105. W ten spos\u00f3b powsta\u0142 nie tylko obraz, ale i <strong data-start=\"1579\" data-end=\"1611\">interaktywny obiekt zmys\u0142owy<\/strong>, kt\u00f3ry mo\u017cna by\u0142o bada\u0107, odkrywa\u0107 i do\u015bwiadcza\u0107 \u2013 \u0142\u0105cz\u0105c zabaw\u0119 z nauk\u0105 uwa\u017cno\u015bci i empatii wobec \u015bwiata materialnego.<\/p>\n<p data-start=\"1732\" data-end=\"1756\">Warsztaty mia\u0142y na celu:<\/p>\n<ul data-start=\"1758\" data-end=\"2006\">\n<li data-start=\"1758\" data-end=\"1825\">\n<p data-start=\"1760\" data-end=\"1825\">pokazanie mo\u017cliwo\u015bci tw\u00f3rczego wykorzystania surowc\u00f3w wt\u00f3rnych,<\/p>\n<\/li>\n<li data-start=\"1826\" data-end=\"1925\">\n<p data-start=\"1828\" data-end=\"1925\">kszta\u0142towanie postaw ekologicznych i rozwijanie \u015bwiadomo\u015bci w zakresie recyklingu i upcyklingu,<\/p>\n<\/li>\n<li data-start=\"1926\" data-end=\"2006\">\n<p data-start=\"1928\" data-end=\"2006\">rozwijanie zmys\u0142\u00f3w oraz uwa\u017cno\u015bci poprzez dzia\u0142ania artystyczne i sensoryczne.<\/p>\n<\/li>\n<\/ul>\n<p data-start=\"2008\" data-end=\"2327\">Powsta\u0142e prace cechowa\u0142y si\u0119 du\u017c\u0105 r\u00f3\u017cnorodno\u015bci\u0105 faktur, form i kolor\u00f3w \u2013 ka\u017cda by\u0142a inna, pe\u0142na emocji i osobistego podej\u015bcia uczestnik\u00f3w. Spotkanie mia\u0142o nie tylko charakter edukacyjny i tw\u00f3rczy, ale r\u00f3wnie\u017c <strong data-start=\"2218\" data-end=\"2234\">integracyjny<\/strong> \u2013 \u0142\u0105cz\u0105c do\u015bwiadczenia i wsp\u00f3lne warto\u015bci w duchu odpowiedzialnego projektowania.<\/p>\n<p data-start=\"2008\" data-end=\"2327\">&#8222;Projekt Cykl warsztat\u00f3w recyklingowych &#8222;Z recyklingu do designu&#8221; jest realizowany w ramach Programu Pracownie Orange&#8221;<\/p>\n","protected":false},"excerpt":{"rendered":"<p>W Pracowni Orange w Rykach odby\u0142y si\u0119 kolejne, drugie ju\u017c [&hellip;]<\/p>\n","protected":false},"author":261,"featured_media":176,"comment_status":"open","ping_status":"closed","template":"","class_list":["post-175","news","type-news","status-publish","has-post-thumbnail","hentry"],"acf":[],"yoast_head":"<!-- This site is optimized with the Yoast SEO plugin v24.5 - https:\/\/yoast.com\/wordpress\/plugins\/seo\/ -->\n<title>Drugie warsztaty recyklingowe w Pracowni Orange w Rykach - obraz sensoryczny - Pracownia Orange Ryki<\/title>\n<meta name=\"robots\" content=\"index, follow, max-snippet:-1, max-image-preview:large, max-video-preview:-1\" \/>\n<link rel=\"canonical\" href=\"https:\/\/pracownieorange.pl\/ryki\/news\/drugie-warsztaty-recyklingowe-w-pracowni-orange-w-rykach-obraz-sensoryczny\/\" \/>\n<meta property=\"og:locale\" content=\"pl_PL\" \/>\n<meta property=\"og:type\" content=\"article\" \/>\n<meta property=\"og:title\" content=\"Drugie warsztaty recyklingowe w Pracowni Orange w Rykach - obraz sensoryczny - Pracownia Orange Ryki\" \/>\n<meta property=\"og:description\" content=\"W Pracowni Orange w Rykach odby\u0142y si\u0119 kolejne, drugie ju\u017c [&hellip;]\" \/>\n<meta property=\"og:url\" content=\"https:\/\/pracownieorange.pl\/ryki\/news\/drugie-warsztaty-recyklingowe-w-pracowni-orange-w-rykach-obraz-sensoryczny\/\" \/>\n<meta property=\"og:site_name\" content=\"Pracownia Orange Ryki\" \/>\n<meta property=\"article:modified_time\" content=\"2025-09-19T14:17:42+00:00\" \/>\n<meta property=\"og:image\" content=\"https:\/\/pracownieorange.pl\/app\/uploads\/sites\/75\/2025\/08\/515496188_1225079742748446_7781755111856433822_n.jpg\" \/>\n\t<meta property=\"og:image:width\" content=\"2048\" \/>\n\t<meta property=\"og:image:height\" content=\"1436\" \/>\n\t<meta property=\"og:image:type\" content=\"image\/jpeg\" \/>\n<meta name=\"twitter:card\" content=\"summary_large_image\" \/>\n<meta name=\"twitter:label1\" content=\"Est. reading time\" \/>\n\t<meta name=\"twitter:data1\" content=\"2 minuty\" \/>\n<script type=\"application\/ld+json\" class=\"yoast-schema-graph\">{\"@context\":\"https:\/\/schema.org\",\"@graph\":[{\"@type\":\"WebPage\",\"@id\":\"https:\/\/pracownieorange.pl\/ryki\/news\/drugie-warsztaty-recyklingowe-w-pracowni-orange-w-rykach-obraz-sensoryczny\/\",\"url\":\"https:\/\/pracownieorange.pl\/ryki\/news\/drugie-warsztaty-recyklingowe-w-pracowni-orange-w-rykach-obraz-sensoryczny\/\",\"name\":\"Drugie warsztaty recyklingowe w Pracowni Orange w Rykach - obraz sensoryczny - Pracownia Orange Ryki\",\"isPartOf\":{\"@id\":\"https:\/\/pracownieorange.pl\/ryki\/#website\"},\"primaryImageOfPage\":{\"@id\":\"https:\/\/pracownieorange.pl\/ryki\/news\/drugie-warsztaty-recyklingowe-w-pracowni-orange-w-rykach-obraz-sensoryczny\/#primaryimage\"},\"image\":{\"@id\":\"https:\/\/pracownieorange.pl\/ryki\/news\/drugie-warsztaty-recyklingowe-w-pracowni-orange-w-rykach-obraz-sensoryczny\/#primaryimage\"},\"thumbnailUrl\":\"https:\/\/pracownieorange.pl\/app\/uploads\/sites\/75\/2025\/08\/515496188_1225079742748446_7781755111856433822_n.jpg\",\"datePublished\":\"2025-09-19T10:16:24+00:00\",\"dateModified\":\"2025-09-19T14:17:42+00:00\",\"breadcrumb\":{\"@id\":\"https:\/\/pracownieorange.pl\/ryki\/news\/drugie-warsztaty-recyklingowe-w-pracowni-orange-w-rykach-obraz-sensoryczny\/#breadcrumb\"},\"inLanguage\":\"pl-PL\",\"potentialAction\":[{\"@type\":\"ReadAction\",\"target\":[\"https:\/\/pracownieorange.pl\/ryki\/news\/drugie-warsztaty-recyklingowe-w-pracowni-orange-w-rykach-obraz-sensoryczny\/\"]}]},{\"@type\":\"ImageObject\",\"inLanguage\":\"pl-PL\",\"@id\":\"https:\/\/pracownieorange.pl\/ryki\/news\/drugie-warsztaty-recyklingowe-w-pracowni-orange-w-rykach-obraz-sensoryczny\/#primaryimage\",\"url\":\"https:\/\/pracownieorange.pl\/app\/uploads\/sites\/75\/2025\/08\/515496188_1225079742748446_7781755111856433822_n.jpg\",\"contentUrl\":\"https:\/\/pracownieorange.pl\/app\/uploads\/sites\/75\/2025\/08\/515496188_1225079742748446_7781755111856433822_n.jpg\",\"width\":2048,\"height\":1436,\"caption\":\"Na zdj\u0119ciu na pomara\u0144czowym stoliku w Pracowni Orange w kwadratowej drewnianej ramie u\u0142o\u017cone s\u0105 r\u00f3\u017cne kolorowe zawini\u0105tka zrobione z tkanin o r\u00f3\u017cnych fakturach. Wida\u0107 materia\u0142y g\u0142adkie, b\u0142yszcz\u0105ce z cekinami, we\u0142niane i wzorzyste. W \u015brodku zawini\u0105tek s\u0105 r\u00f3\u017cne wype\u0142nienia, wata, kasztany, patyczki, kora, m\u0105ka, ry\u017c itp. Ca\u0142o\u015b\u0107 przypomina mozaik\u0119 z\u0142o\u017con\u0105 z kawa\u0142k\u00f3w materia\u0142\u00f3w w \u017cywych kolorach: r\u00f3\u017cowym, bia\u0142ym, z\u0142otym, fioletowym czy w kratk\u0119. W taki spos\u00f3b stworzony zosta\u0142 obraz sensoryczny stworzony do dotyku.\"},{\"@type\":\"BreadcrumbList\",\"@id\":\"https:\/\/pracownieorange.pl\/ryki\/news\/drugie-warsztaty-recyklingowe-w-pracowni-orange-w-rykach-obraz-sensoryczny\/#breadcrumb\",\"itemListElement\":[{\"@type\":\"ListItem\",\"position\":1,\"name\":\"Home\",\"item\":\"https:\/\/pracownieorange.pl\/ryki\/\"},{\"@type\":\"ListItem\",\"position\":2,\"name\":\"Aktualno\u015bci\",\"item\":\"https:\/\/pracownieorange.pl\/ryki\/news\/\"},{\"@type\":\"ListItem\",\"position\":3,\"name\":\"Drugie warsztaty recyklingowe w Pracowni Orange w Rykach &#8211; obraz sensoryczny\"}]},{\"@type\":\"WebSite\",\"@id\":\"https:\/\/pracownieorange.pl\/ryki\/#website\",\"url\":\"https:\/\/pracownieorange.pl\/ryki\/\",\"name\":\"Pracownia Orange Ryki\",\"description\":\"Kolejna witryna sieci &#8222;Pracownie Orange&#8221;\",\"potentialAction\":[{\"@type\":\"SearchAction\",\"target\":{\"@type\":\"EntryPoint\",\"urlTemplate\":\"https:\/\/pracownieorange.pl\/ryki\/?s={search_term_string}\"},\"query-input\":{\"@type\":\"PropertyValueSpecification\",\"valueRequired\":true,\"valueName\":\"search_term_string\"}}],\"inLanguage\":\"pl-PL\"}]}<\/script>\n<!-- \/ Yoast SEO plugin. -->","yoast_head_json":{"title":"Drugie warsztaty recyklingowe w Pracowni Orange w Rykach - obraz sensoryczny - Pracownia Orange Ryki","robots":{"index":"index","follow":"follow","max-snippet":"max-snippet:-1","max-image-preview":"max-image-preview:large","max-video-preview":"max-video-preview:-1"},"canonical":"https:\/\/pracownieorange.pl\/ryki\/news\/drugie-warsztaty-recyklingowe-w-pracowni-orange-w-rykach-obraz-sensoryczny\/","og_locale":"pl_PL","og_type":"article","og_title":"Drugie warsztaty recyklingowe w Pracowni Orange w Rykach - obraz sensoryczny - Pracownia Orange Ryki","og_description":"W Pracowni Orange w Rykach odby\u0142y si\u0119 kolejne, drugie ju\u017c [&hellip;]","og_url":"https:\/\/pracownieorange.pl\/ryki\/news\/drugie-warsztaty-recyklingowe-w-pracowni-orange-w-rykach-obraz-sensoryczny\/","og_site_name":"Pracownia Orange Ryki","article_modified_time":"2025-09-19T14:17:42+00:00","og_image":[{"width":2048,"height":1436,"url":"https:\/\/pracownieorange.pl\/app\/uploads\/sites\/75\/2025\/08\/515496188_1225079742748446_7781755111856433822_n.jpg","type":"image\/jpeg"}],"twitter_card":"summary_large_image","twitter_misc":{"Est. reading time":"2 minuty"},"schema":{"@context":"https:\/\/schema.org","@graph":[{"@type":"WebPage","@id":"https:\/\/pracownieorange.pl\/ryki\/news\/drugie-warsztaty-recyklingowe-w-pracowni-orange-w-rykach-obraz-sensoryczny\/","url":"https:\/\/pracownieorange.pl\/ryki\/news\/drugie-warsztaty-recyklingowe-w-pracowni-orange-w-rykach-obraz-sensoryczny\/","name":"Drugie warsztaty recyklingowe w Pracowni Orange w Rykach - obraz sensoryczny - Pracownia Orange Ryki","isPartOf":{"@id":"https:\/\/pracownieorange.pl\/ryki\/#website"},"primaryImageOfPage":{"@id":"https:\/\/pracownieorange.pl\/ryki\/news\/drugie-warsztaty-recyklingowe-w-pracowni-orange-w-rykach-obraz-sensoryczny\/#primaryimage"},"image":{"@id":"https:\/\/pracownieorange.pl\/ryki\/news\/drugie-warsztaty-recyklingowe-w-pracowni-orange-w-rykach-obraz-sensoryczny\/#primaryimage"},"thumbnailUrl":"https:\/\/pracownieorange.pl\/app\/uploads\/sites\/75\/2025\/08\/515496188_1225079742748446_7781755111856433822_n.jpg","datePublished":"2025-09-19T10:16:24+00:00","dateModified":"2025-09-19T14:17:42+00:00","breadcrumb":{"@id":"https:\/\/pracownieorange.pl\/ryki\/news\/drugie-warsztaty-recyklingowe-w-pracowni-orange-w-rykach-obraz-sensoryczny\/#breadcrumb"},"inLanguage":"pl-PL","potentialAction":[{"@type":"ReadAction","target":["https:\/\/pracownieorange.pl\/ryki\/news\/drugie-warsztaty-recyklingowe-w-pracowni-orange-w-rykach-obraz-sensoryczny\/"]}]},{"@type":"ImageObject","inLanguage":"pl-PL","@id":"https:\/\/pracownieorange.pl\/ryki\/news\/drugie-warsztaty-recyklingowe-w-pracowni-orange-w-rykach-obraz-sensoryczny\/#primaryimage","url":"https:\/\/pracownieorange.pl\/app\/uploads\/sites\/75\/2025\/08\/515496188_1225079742748446_7781755111856433822_n.jpg","contentUrl":"https:\/\/pracownieorange.pl\/app\/uploads\/sites\/75\/2025\/08\/515496188_1225079742748446_7781755111856433822_n.jpg","width":2048,"height":1436,"caption":"Na zdj\u0119ciu na pomara\u0144czowym stoliku w Pracowni Orange w kwadratowej drewnianej ramie u\u0142o\u017cone s\u0105 r\u00f3\u017cne kolorowe zawini\u0105tka zrobione z tkanin o r\u00f3\u017cnych fakturach. Wida\u0107 materia\u0142y g\u0142adkie, b\u0142yszcz\u0105ce z cekinami, we\u0142niane i wzorzyste. W \u015brodku zawini\u0105tek s\u0105 r\u00f3\u017cne wype\u0142nienia, wata, kasztany, patyczki, kora, m\u0105ka, ry\u017c itp. Ca\u0142o\u015b\u0107 przypomina mozaik\u0119 z\u0142o\u017con\u0105 z kawa\u0142k\u00f3w materia\u0142\u00f3w w \u017cywych kolorach: r\u00f3\u017cowym, bia\u0142ym, z\u0142otym, fioletowym czy w kratk\u0119. W taki spos\u00f3b stworzony zosta\u0142 obraz sensoryczny stworzony do dotyku."},{"@type":"BreadcrumbList","@id":"https:\/\/pracownieorange.pl\/ryki\/news\/drugie-warsztaty-recyklingowe-w-pracowni-orange-w-rykach-obraz-sensoryczny\/#breadcrumb","itemListElement":[{"@type":"ListItem","position":1,"name":"Home","item":"https:\/\/pracownieorange.pl\/ryki\/"},{"@type":"ListItem","position":2,"name":"Aktualno\u015bci","item":"https:\/\/pracownieorange.pl\/ryki\/news\/"},{"@type":"ListItem","position":3,"name":"Drugie warsztaty recyklingowe w Pracowni Orange w Rykach &#8211; obraz sensoryczny"}]},{"@type":"WebSite","@id":"https:\/\/pracownieorange.pl\/ryki\/#website","url":"https:\/\/pracownieorange.pl\/ryki\/","name":"Pracownia Orange Ryki","description":"Kolejna witryna sieci &#8222;Pracownie Orange&#8221;","potentialAction":[{"@type":"SearchAction","target":{"@type":"EntryPoint","urlTemplate":"https:\/\/pracownieorange.pl\/ryki\/?s={search_term_string}"},"query-input":{"@type":"PropertyValueSpecification","valueRequired":true,"valueName":"search_term_string"}}],"inLanguage":"pl-PL"}]}},"_links":{"self":[{"href":"https:\/\/pracownieorange.pl\/ryki\/wp-json\/wp\/v2\/news\/175","targetHints":{"allow":["GET"]}}],"collection":[{"href":"https:\/\/pracownieorange.pl\/ryki\/wp-json\/wp\/v2\/news"}],"about":[{"href":"https:\/\/pracownieorange.pl\/ryki\/wp-json\/wp\/v2\/types\/news"}],"author":[{"embeddable":true,"href":"https:\/\/pracownieorange.pl\/ryki\/wp-json\/wp\/v2\/users\/261"}],"replies":[{"embeddable":true,"href":"https:\/\/pracownieorange.pl\/ryki\/wp-json\/wp\/v2\/comments?post=175"}],"wp:featuredmedia":[{"embeddable":true,"href":"https:\/\/pracownieorange.pl\/ryki\/wp-json\/wp\/v2\/media\/176"}],"wp:attachment":[{"href":"https:\/\/pracownieorange.pl\/ryki\/wp-json\/wp\/v2\/media?parent=175"}],"curies":[{"name":"wp","href":"https:\/\/api.w.org\/{rel}","templated":true}]}}