

{"id":119,"date":"2025-03-04T15:55:43","date_gmt":"2025-03-04T14:55:43","guid":{"rendered":"https:\/\/pracownieorange.pl\/ryki\/?post_type=news&#038;p=119"},"modified":"2025-03-05T03:56:55","modified_gmt":"2025-03-05T02:56:55","slug":"ferie-zimowe-dla-grupy-zorganizowanej","status":"publish","type":"news","link":"https:\/\/pracownieorange.pl\/ryki\/news\/ferie-zimowe-dla-grupy-zorganizowanej\/","title":{"rendered":"Ferie zimowe dla grupy zorganizowanej"},"content":{"rendered":"<p>Ferie w Pracowni Orange w Rykach<\/p>\n<p>Z okazji ferii zimowych zorganizowali\u015bmy w naszej Pracowni wyj\u0105tkowe wydarzenie dla grupy dzieci, kt\u00f3re mia\u0142y okazj\u0119 sp\u0119dzi\u0107 z nami kilka dni pe\u0142nych zabawy i nauki. Dzi\u0119ki r\u00f3\u017cnorodnym atrakcjom, kt\u00f3re przygotowali\u015bmy, na pewno nikt si\u0119 nie nudzi\u0142!<\/p>\n<p>Dzieci mog\u0142y korzysta\u0107 ze wszystkich dost\u0119pnych sprz\u0119t\u00f3w w Pracowni, co sprawi\u0142o, \u017ce czas min\u0105\u0142 w mgnieniu oka. Zaj\u0119cia by\u0142y tak ciekawe, \u017ce uczestnicy ch\u0119tnie anga\u017cowali si\u0119 w ka\u017cd\u0105 aktywno\u015b\u0107, co \u015bwiadczy o tym, jak atrakcyjna jest oferta naszej Pracowni.<\/p>\n<p>Tego typu forma integracji okaza\u0142a si\u0119 doskona\u0142a i dzi\u0119ki naszej Pracowni mamy mo\u017cliwo\u015b\u0107 organizowania takich wydarze\u0144, kt\u00f3re wspieraj\u0105 rozw\u00f3j dzieci i pozwalaj\u0105 im w ciekawy spos\u00f3b sp\u0119dza\u0107 czas. Mamy nadziej\u0119, \u017ce ferie sp\u0119dzone z nami pozostan\u0105 w pami\u0119ci dzieci przez d\u0142ugi czas.<\/p>\n","protected":false},"excerpt":{"rendered":"<p>Ferie w Pracowni Orange w Rykach Z okazji ferii zimowych [&hellip;]<\/p>\n","protected":false},"author":261,"featured_media":122,"comment_status":"open","ping_status":"closed","template":"","class_list":["post-119","news","type-news","status-publish","has-post-thumbnail","hentry"],"acf":[],"yoast_head":"<!-- This site is optimized with the Yoast SEO plugin v24.5 - https:\/\/yoast.com\/wordpress\/plugins\/seo\/ -->\n<title>Ferie zimowe dla grupy zorganizowanej - Pracownia Orange Ryki<\/title>\n<meta name=\"robots\" content=\"index, follow, max-snippet:-1, max-image-preview:large, max-video-preview:-1\" \/>\n<link rel=\"canonical\" href=\"https:\/\/pracownieorange.pl\/ryki\/news\/ferie-zimowe-dla-grupy-zorganizowanej\/\" \/>\n<meta property=\"og:locale\" content=\"pl_PL\" \/>\n<meta property=\"og:type\" content=\"article\" \/>\n<meta property=\"og:title\" content=\"Ferie zimowe dla grupy zorganizowanej - Pracownia Orange Ryki\" \/>\n<meta property=\"og:description\" content=\"Ferie w Pracowni Orange w Rykach Z okazji ferii zimowych [&hellip;]\" \/>\n<meta property=\"og:url\" content=\"https:\/\/pracownieorange.pl\/ryki\/news\/ferie-zimowe-dla-grupy-zorganizowanej\/\" \/>\n<meta property=\"og:site_name\" content=\"Pracownia Orange Ryki\" \/>\n<meta property=\"article:modified_time\" content=\"2025-03-05T02:56:55+00:00\" \/>\n<meta property=\"og:image\" content=\"https:\/\/pracownieorange.pl\/app\/uploads\/sites\/75\/2025\/03\/IMG_20250304_125135-scaled.jpg\" \/>\n\t<meta property=\"og:image:width\" content=\"1920\" \/>\n\t<meta property=\"og:image:height\" content=\"2560\" \/>\n\t<meta property=\"og:image:type\" content=\"image\/jpeg\" \/>\n<meta name=\"twitter:card\" content=\"summary_large_image\" \/>\n<meta name=\"twitter:label1\" content=\"Est. reading time\" \/>\n\t<meta name=\"twitter:data1\" content=\"1 minuta\" \/>\n<script type=\"application\/ld+json\" class=\"yoast-schema-graph\">{\"@context\":\"https:\/\/schema.org\",\"@graph\":[{\"@type\":\"WebPage\",\"@id\":\"https:\/\/pracownieorange.pl\/ryki\/news\/ferie-zimowe-dla-grupy-zorganizowanej\/\",\"url\":\"https:\/\/pracownieorange.pl\/ryki\/news\/ferie-zimowe-dla-grupy-zorganizowanej\/\",\"name\":\"Ferie zimowe dla grupy zorganizowanej - Pracownia Orange Ryki\",\"isPartOf\":{\"@id\":\"https:\/\/pracownieorange.pl\/ryki\/#website\"},\"primaryImageOfPage\":{\"@id\":\"https:\/\/pracownieorange.pl\/ryki\/news\/ferie-zimowe-dla-grupy-zorganizowanej\/#primaryimage\"},\"image\":{\"@id\":\"https:\/\/pracownieorange.pl\/ryki\/news\/ferie-zimowe-dla-grupy-zorganizowanej\/#primaryimage\"},\"thumbnailUrl\":\"https:\/\/pracownieorange.pl\/app\/uploads\/sites\/75\/2025\/03\/IMG_20250304_125135-scaled.jpg\",\"datePublished\":\"2025-03-04T14:55:43+00:00\",\"dateModified\":\"2025-03-05T02:56:55+00:00\",\"breadcrumb\":{\"@id\":\"https:\/\/pracownieorange.pl\/ryki\/news\/ferie-zimowe-dla-grupy-zorganizowanej\/#breadcrumb\"},\"inLanguage\":\"pl-PL\",\"potentialAction\":[{\"@type\":\"ReadAction\",\"target\":[\"https:\/\/pracownieorange.pl\/ryki\/news\/ferie-zimowe-dla-grupy-zorganizowanej\/\"]}]},{\"@type\":\"ImageObject\",\"inLanguage\":\"pl-PL\",\"@id\":\"https:\/\/pracownieorange.pl\/ryki\/news\/ferie-zimowe-dla-grupy-zorganizowanej\/#primaryimage\",\"url\":\"https:\/\/pracownieorange.pl\/app\/uploads\/sites\/75\/2025\/03\/IMG_20250304_125135-scaled.jpg\",\"contentUrl\":\"https:\/\/pracownieorange.pl\/app\/uploads\/sites\/75\/2025\/03\/IMG_20250304_125135-scaled.jpg\",\"width\":1920,\"height\":2560,\"caption\":\"Kilkoro dzieci stoi przodem do sto\u0142u do gry w cybergaj. Dziewczynka po prawej stoj\u0105ca ty\u0142em do obiektywu ma d\u0142ugi kucyk w kolorze br\u0105zu. Ma jasn\u0105 bluz\u0119 i leginsy. Obok niej dziewczynka o w\u0142osach blond do ramion ma na sobie be\u017cow\u0105 bluz\u0119 i spodnie jeansowe. Obok nich na dalszym planie stoi dw\u00f3ch ch\u0142opc\u00f3w.\"},{\"@type\":\"BreadcrumbList\",\"@id\":\"https:\/\/pracownieorange.pl\/ryki\/news\/ferie-zimowe-dla-grupy-zorganizowanej\/#breadcrumb\",\"itemListElement\":[{\"@type\":\"ListItem\",\"position\":1,\"name\":\"Home\",\"item\":\"https:\/\/pracownieorange.pl\/ryki\/\"},{\"@type\":\"ListItem\",\"position\":2,\"name\":\"Aktualno\u015bci\",\"item\":\"https:\/\/pracownieorange.pl\/ryki\/news\/\"},{\"@type\":\"ListItem\",\"position\":3,\"name\":\"Ferie zimowe dla grupy zorganizowanej\"}]},{\"@type\":\"WebSite\",\"@id\":\"https:\/\/pracownieorange.pl\/ryki\/#website\",\"url\":\"https:\/\/pracownieorange.pl\/ryki\/\",\"name\":\"Pracownia Orange Ryki\",\"description\":\"Kolejna witryna sieci &#8222;Pracownie Orange&#8221;\",\"potentialAction\":[{\"@type\":\"SearchAction\",\"target\":{\"@type\":\"EntryPoint\",\"urlTemplate\":\"https:\/\/pracownieorange.pl\/ryki\/?s={search_term_string}\"},\"query-input\":{\"@type\":\"PropertyValueSpecification\",\"valueRequired\":true,\"valueName\":\"search_term_string\"}}],\"inLanguage\":\"pl-PL\"}]}<\/script>\n<!-- \/ Yoast SEO plugin. -->","yoast_head_json":{"title":"Ferie zimowe dla grupy zorganizowanej - Pracownia Orange Ryki","robots":{"index":"index","follow":"follow","max-snippet":"max-snippet:-1","max-image-preview":"max-image-preview:large","max-video-preview":"max-video-preview:-1"},"canonical":"https:\/\/pracownieorange.pl\/ryki\/news\/ferie-zimowe-dla-grupy-zorganizowanej\/","og_locale":"pl_PL","og_type":"article","og_title":"Ferie zimowe dla grupy zorganizowanej - Pracownia Orange Ryki","og_description":"Ferie w Pracowni Orange w Rykach Z okazji ferii zimowych [&hellip;]","og_url":"https:\/\/pracownieorange.pl\/ryki\/news\/ferie-zimowe-dla-grupy-zorganizowanej\/","og_site_name":"Pracownia Orange Ryki","article_modified_time":"2025-03-05T02:56:55+00:00","og_image":[{"width":1920,"height":2560,"url":"https:\/\/pracownieorange.pl\/app\/uploads\/sites\/75\/2025\/03\/IMG_20250304_125135-scaled.jpg","type":"image\/jpeg"}],"twitter_card":"summary_large_image","twitter_misc":{"Est. reading time":"1 minuta"},"schema":{"@context":"https:\/\/schema.org","@graph":[{"@type":"WebPage","@id":"https:\/\/pracownieorange.pl\/ryki\/news\/ferie-zimowe-dla-grupy-zorganizowanej\/","url":"https:\/\/pracownieorange.pl\/ryki\/news\/ferie-zimowe-dla-grupy-zorganizowanej\/","name":"Ferie zimowe dla grupy zorganizowanej - Pracownia Orange Ryki","isPartOf":{"@id":"https:\/\/pracownieorange.pl\/ryki\/#website"},"primaryImageOfPage":{"@id":"https:\/\/pracownieorange.pl\/ryki\/news\/ferie-zimowe-dla-grupy-zorganizowanej\/#primaryimage"},"image":{"@id":"https:\/\/pracownieorange.pl\/ryki\/news\/ferie-zimowe-dla-grupy-zorganizowanej\/#primaryimage"},"thumbnailUrl":"https:\/\/pracownieorange.pl\/app\/uploads\/sites\/75\/2025\/03\/IMG_20250304_125135-scaled.jpg","datePublished":"2025-03-04T14:55:43+00:00","dateModified":"2025-03-05T02:56:55+00:00","breadcrumb":{"@id":"https:\/\/pracownieorange.pl\/ryki\/news\/ferie-zimowe-dla-grupy-zorganizowanej\/#breadcrumb"},"inLanguage":"pl-PL","potentialAction":[{"@type":"ReadAction","target":["https:\/\/pracownieorange.pl\/ryki\/news\/ferie-zimowe-dla-grupy-zorganizowanej\/"]}]},{"@type":"ImageObject","inLanguage":"pl-PL","@id":"https:\/\/pracownieorange.pl\/ryki\/news\/ferie-zimowe-dla-grupy-zorganizowanej\/#primaryimage","url":"https:\/\/pracownieorange.pl\/app\/uploads\/sites\/75\/2025\/03\/IMG_20250304_125135-scaled.jpg","contentUrl":"https:\/\/pracownieorange.pl\/app\/uploads\/sites\/75\/2025\/03\/IMG_20250304_125135-scaled.jpg","width":1920,"height":2560,"caption":"Kilkoro dzieci stoi przodem do sto\u0142u do gry w cybergaj. Dziewczynka po prawej stoj\u0105ca ty\u0142em do obiektywu ma d\u0142ugi kucyk w kolorze br\u0105zu. Ma jasn\u0105 bluz\u0119 i leginsy. Obok niej dziewczynka o w\u0142osach blond do ramion ma na sobie be\u017cow\u0105 bluz\u0119 i spodnie jeansowe. Obok nich na dalszym planie stoi dw\u00f3ch ch\u0142opc\u00f3w."},{"@type":"BreadcrumbList","@id":"https:\/\/pracownieorange.pl\/ryki\/news\/ferie-zimowe-dla-grupy-zorganizowanej\/#breadcrumb","itemListElement":[{"@type":"ListItem","position":1,"name":"Home","item":"https:\/\/pracownieorange.pl\/ryki\/"},{"@type":"ListItem","position":2,"name":"Aktualno\u015bci","item":"https:\/\/pracownieorange.pl\/ryki\/news\/"},{"@type":"ListItem","position":3,"name":"Ferie zimowe dla grupy zorganizowanej"}]},{"@type":"WebSite","@id":"https:\/\/pracownieorange.pl\/ryki\/#website","url":"https:\/\/pracownieorange.pl\/ryki\/","name":"Pracownia Orange Ryki","description":"Kolejna witryna sieci &#8222;Pracownie Orange&#8221;","potentialAction":[{"@type":"SearchAction","target":{"@type":"EntryPoint","urlTemplate":"https:\/\/pracownieorange.pl\/ryki\/?s={search_term_string}"},"query-input":{"@type":"PropertyValueSpecification","valueRequired":true,"valueName":"search_term_string"}}],"inLanguage":"pl-PL"}]}},"_links":{"self":[{"href":"https:\/\/pracownieorange.pl\/ryki\/wp-json\/wp\/v2\/news\/119","targetHints":{"allow":["GET"]}}],"collection":[{"href":"https:\/\/pracownieorange.pl\/ryki\/wp-json\/wp\/v2\/news"}],"about":[{"href":"https:\/\/pracownieorange.pl\/ryki\/wp-json\/wp\/v2\/types\/news"}],"author":[{"embeddable":true,"href":"https:\/\/pracownieorange.pl\/ryki\/wp-json\/wp\/v2\/users\/261"}],"replies":[{"embeddable":true,"href":"https:\/\/pracownieorange.pl\/ryki\/wp-json\/wp\/v2\/comments?post=119"}],"wp:featuredmedia":[{"embeddable":true,"href":"https:\/\/pracownieorange.pl\/ryki\/wp-json\/wp\/v2\/media\/122"}],"wp:attachment":[{"href":"https:\/\/pracownieorange.pl\/ryki\/wp-json\/wp\/v2\/media?parent=119"}],"curies":[{"name":"wp","href":"https:\/\/api.w.org\/{rel}","templated":true}]}}