

{"id":511,"date":"2026-09-02T09:53:09","date_gmt":"2026-09-02T07:53:09","guid":{"rendered":"https:\/\/pracownieorange.pl\/rusowo\/?post_type=news&#038;p=511"},"modified":"2026-09-03T09:13:42","modified_gmt":"2026-09-03T07:13:42","slug":"moje-wakacje","status":"publish","type":"news","link":"https:\/\/pracownieorange.pl\/rusowo\/news\/moje-wakacje\/","title":{"rendered":"Moje Wakacje"},"content":{"rendered":"<p>Wczoraj czyli, pierwszy dzie\u0144 roku szkolnego wspominali\u015bmy wakacje. Malowali\u015bmy Farbami na ma\u0142ych p\u0142\u00f3tnach. Tematem prac by\u0142 temat-&#8221; Jaki kolor kojarzy si\u0119 z wakacjami&#8221;<\/p>\n<p>Rozwijali\u015bmy swoj\u0105 wyobra\u017ani\u0119 i kreatywno\u015b\u0107. Maluj\u0105c dzieci wspomina\u0142y o swoich wakacyjnych przygodach, pi\u0119knych krajobrazach, kt\u00f3re widzia\u0142y. W miedzy czasie uczyli\u015bmy si\u0119 komponowa\u0107 obrazy i dobiera\u0107 kolory.<\/p>\n<p>Najpierw zrobili\u015bmy szkice na p\u0142\u00f3tnach, potem pokrywali\u015bmy p\u0142\u00f3tna plamami kolor\u00f3w. Uczyli\u015bmy si\u0119 jak miesza\u0107 kolory, ( rozja\u015bnia\u0107 biel\u0105, tworzy\u0107 niebo za pomoc\u0105 kilku odcieni, pozostawia\u0107 widoczne \u015blady p\u0119dzla. Dzieci malowa\u0142y swoje pejza\u017ce.<\/p>\n<p>Na koniec ustawili\u015bmy male\u0144kie sztalugi i zrobili\u015bmy Wernisa\u017c na kt\u00f3rym ka\u017cde Dziecko opowiedzia\u0142o o swojej pracy.<\/p>\n","protected":false},"excerpt":{"rendered":"<p>Wczoraj czyli, pierwszy dzie\u0144 roku szkolnego wspominali\u015bmy wakacje. Malowali\u015bmy Farbami [&hellip;]<\/p>\n","protected":false},"author":208,"featured_media":512,"comment_status":"open","ping_status":"closed","template":"","class_list":["post-511","news","type-news","status-publish","has-post-thumbnail","hentry"],"acf":[],"_links":{"self":[{"href":"https:\/\/pracownieorange.pl\/rusowo\/wp-json\/wp\/v2\/news\/511","targetHints":{"allow":["GET"]}}],"collection":[{"href":"https:\/\/pracownieorange.pl\/rusowo\/wp-json\/wp\/v2\/news"}],"about":[{"href":"https:\/\/pracownieorange.pl\/rusowo\/wp-json\/wp\/v2\/types\/news"}],"author":[{"embeddable":true,"href":"https:\/\/pracownieorange.pl\/rusowo\/wp-json\/wp\/v2\/users\/208"}],"replies":[{"embeddable":true,"href":"https:\/\/pracownieorange.pl\/rusowo\/wp-json\/wp\/v2\/comments?post=511"}],"wp:featuredmedia":[{"embeddable":true,"href":"https:\/\/pracownieorange.pl\/rusowo\/wp-json\/wp\/v2\/media\/512"}],"wp:attachment":[{"href":"https:\/\/pracownieorange.pl\/rusowo\/wp-json\/wp\/v2\/media?parent=511"}],"curies":[{"name":"wp","href":"https:\/\/api.w.org\/{rel}","templated":true}]}}