

{"id":98,"date":"2024-04-11T20:09:44","date_gmt":"2024-04-11T18:09:44","guid":{"rendered":"https:\/\/pracownieorange.pl\/olsztynek\/?post_type=news&#038;p=98"},"modified":"2024-04-16T09:15:41","modified_gmt":"2024-04-16T07:15:41","slug":"nowe-technologie-w-pracowni-orange-w-olsztynku","status":"publish","type":"news","link":"https:\/\/pracownieorange.pl\/olsztynek\/news\/nowe-technologie-w-pracowni-orange-w-olsztynku\/","title":{"rendered":"Nowe technologie w Pracowni Orange w Olsztynku"},"content":{"rendered":"<p>Nasza pracownia otwiera si\u0119 na nowe technologie, a to wszystko dzi\u0119ki udziale w projekcie &#8222;Edukacyjny wymiar VR w Pracowniach Orange&#8221;.\u00a0 Po jego zako\u0144czeniu otrzymali\u015bmy dwa zestawy Gogli VR Meta Oculus Quest 2.\u00a0 Przekazany sprz\u0119t z miejsca zdoby\u0142 serca os\u00f3b odwiedzaj\u0105cych nasz\u0105 pracowni\u0119. Wcze\u015bniej zapoznali\u015bmy si\u0119 z dzia\u0142aniem okular\u00f3w i samej definicji wirtualnej rzeczywisto\u015bci. Nasz\u0105 przygod\u0119 z goglami rozpocz\u0119li\u015bmy z prostymi aplikacjami wprowadzaj\u0105cymi w \u015bwiat iluzji, tak by nauczy\u0107 si\u0119 obs\u0142ugi kontroler\u00f3w (First Steps, First Touch). Dodatkowo transmitowali\u015bmy obraz na ekran monitora, by wszyscy mogli poczu\u0107 emocje towarzysz\u0105ce osobom korzystaj\u0105cych w danej chwili z gogli VR.\u00a0 Du\u017c\u0105 popularno\u015bci\u0105 cieszy\u0142y si\u0119 filmy VR 360, dzi\u0119ki kt\u00f3rym mogli\u015bmy przenie\u015b\u0107 si\u0119 w wymarzone miejsce na ziemi, pokonuj\u0105c w\u0142asne bariery, co jest tak wa\u017cne w przypadku os\u00f3b z niepe\u0142nosprawno\u015bciami.<\/p>\n","protected":false},"excerpt":{"rendered":"<p>Nasza pracownia otwiera si\u0119 na nowe technologie, a to wszystko [&hellip;]<\/p>\n","protected":false},"author":87,"featured_media":102,"comment_status":"open","ping_status":"closed","template":"","class_list":["post-98","news","type-news","status-publish","has-post-thumbnail","hentry"],"acf":[],"yoast_head":"<!-- This site is optimized with the Yoast SEO plugin v24.5 - https:\/\/yoast.com\/wordpress\/plugins\/seo\/ -->\n<title>Nowe technologie w Pracowni Orange w Olsztynku - Pracownia Orange Olsztynek<\/title>\n<meta name=\"robots\" content=\"index, follow, max-snippet:-1, max-image-preview:large, max-video-preview:-1\" \/>\n<link rel=\"canonical\" href=\"https:\/\/pracownieorange.pl\/olsztynek\/news\/nowe-technologie-w-pracowni-orange-w-olsztynku\/\" \/>\n<meta property=\"og:locale\" content=\"pl_PL\" \/>\n<meta property=\"og:type\" content=\"article\" \/>\n<meta property=\"og:title\" content=\"Nowe technologie w Pracowni Orange w Olsztynku - Pracownia Orange Olsztynek\" \/>\n<meta property=\"og:description\" content=\"Nasza pracownia otwiera si\u0119 na nowe technologie, a to wszystko [&hellip;]\" \/>\n<meta property=\"og:url\" content=\"https:\/\/pracownieorange.pl\/olsztynek\/news\/nowe-technologie-w-pracowni-orange-w-olsztynku\/\" \/>\n<meta property=\"og:site_name\" content=\"Pracownia Orange Olsztynek\" \/>\n<meta property=\"article:modified_time\" content=\"2024-04-16T07:15:41+00:00\" \/>\n<meta property=\"og:image\" content=\"https:\/\/pracownieorange.pl\/app\/uploads\/sites\/81\/2024\/04\/1712858412238.jpg\" \/>\n\t<meta property=\"og:image:width\" content=\"1536\" \/>\n\t<meta property=\"og:image:height\" content=\"2040\" \/>\n\t<meta property=\"og:image:type\" content=\"image\/jpeg\" \/>\n<meta name=\"twitter:card\" content=\"summary_large_image\" \/>\n<meta name=\"twitter:label1\" content=\"Est. reading time\" \/>\n\t<meta name=\"twitter:data1\" content=\"1 minuta\" \/>\n<script type=\"application\/ld+json\" class=\"yoast-schema-graph\">{\"@context\":\"https:\/\/schema.org\",\"@graph\":[{\"@type\":\"WebPage\",\"@id\":\"https:\/\/pracownieorange.pl\/olsztynek\/news\/nowe-technologie-w-pracowni-orange-w-olsztynku\/\",\"url\":\"https:\/\/pracownieorange.pl\/olsztynek\/news\/nowe-technologie-w-pracowni-orange-w-olsztynku\/\",\"name\":\"Nowe technologie w Pracowni Orange w Olsztynku - Pracownia Orange Olsztynek\",\"isPartOf\":{\"@id\":\"https:\/\/pracownieorange.pl\/olsztynek\/#website\"},\"primaryImageOfPage\":{\"@id\":\"https:\/\/pracownieorange.pl\/olsztynek\/news\/nowe-technologie-w-pracowni-orange-w-olsztynku\/#primaryimage\"},\"image\":{\"@id\":\"https:\/\/pracownieorange.pl\/olsztynek\/news\/nowe-technologie-w-pracowni-orange-w-olsztynku\/#primaryimage\"},\"thumbnailUrl\":\"https:\/\/pracownieorange.pl\/app\/uploads\/sites\/81\/2024\/04\/1712858412238.jpg\",\"datePublished\":\"2024-04-11T18:09:44+00:00\",\"dateModified\":\"2024-04-16T07:15:41+00:00\",\"breadcrumb\":{\"@id\":\"https:\/\/pracownieorange.pl\/olsztynek\/news\/nowe-technologie-w-pracowni-orange-w-olsztynku\/#breadcrumb\"},\"inLanguage\":\"pl-PL\",\"potentialAction\":[{\"@type\":\"ReadAction\",\"target\":[\"https:\/\/pracownieorange.pl\/olsztynek\/news\/nowe-technologie-w-pracowni-orange-w-olsztynku\/\"]}]},{\"@type\":\"ImageObject\",\"inLanguage\":\"pl-PL\",\"@id\":\"https:\/\/pracownieorange.pl\/olsztynek\/news\/nowe-technologie-w-pracowni-orange-w-olsztynku\/#primaryimage\",\"url\":\"https:\/\/pracownieorange.pl\/app\/uploads\/sites\/81\/2024\/04\/1712858412238.jpg\",\"contentUrl\":\"https:\/\/pracownieorange.pl\/app\/uploads\/sites\/81\/2024\/04\/1712858412238.jpg\",\"width\":1536,\"height\":2040,\"caption\":\"Osoba w goglach VR\"},{\"@type\":\"BreadcrumbList\",\"@id\":\"https:\/\/pracownieorange.pl\/olsztynek\/news\/nowe-technologie-w-pracowni-orange-w-olsztynku\/#breadcrumb\",\"itemListElement\":[{\"@type\":\"ListItem\",\"position\":1,\"name\":\"Home\",\"item\":\"https:\/\/pracownieorange.pl\/olsztynek\/\"},{\"@type\":\"ListItem\",\"position\":2,\"name\":\"Aktualno\u015bci\",\"item\":\"https:\/\/pracownieorange.pl\/olsztynek\/news\/\"},{\"@type\":\"ListItem\",\"position\":3,\"name\":\"Nowe technologie w Pracowni Orange w Olsztynku\"}]},{\"@type\":\"WebSite\",\"@id\":\"https:\/\/pracownieorange.pl\/olsztynek\/#website\",\"url\":\"https:\/\/pracownieorange.pl\/olsztynek\/\",\"name\":\"Pracownia Orange Olsztynek\",\"description\":\"Kolejna witryna sieci &#8222;Pracownie Orange&#8221;\",\"potentialAction\":[{\"@type\":\"SearchAction\",\"target\":{\"@type\":\"EntryPoint\",\"urlTemplate\":\"https:\/\/pracownieorange.pl\/olsztynek\/?s={search_term_string}\"},\"query-input\":{\"@type\":\"PropertyValueSpecification\",\"valueRequired\":true,\"valueName\":\"search_term_string\"}}],\"inLanguage\":\"pl-PL\"}]}<\/script>\n<!-- \/ Yoast SEO plugin. -->","yoast_head_json":{"title":"Nowe technologie w Pracowni Orange w Olsztynku - Pracownia Orange Olsztynek","robots":{"index":"index","follow":"follow","max-snippet":"max-snippet:-1","max-image-preview":"max-image-preview:large","max-video-preview":"max-video-preview:-1"},"canonical":"https:\/\/pracownieorange.pl\/olsztynek\/news\/nowe-technologie-w-pracowni-orange-w-olsztynku\/","og_locale":"pl_PL","og_type":"article","og_title":"Nowe technologie w Pracowni Orange w Olsztynku - Pracownia Orange Olsztynek","og_description":"Nasza pracownia otwiera si\u0119 na nowe technologie, a to wszystko [&hellip;]","og_url":"https:\/\/pracownieorange.pl\/olsztynek\/news\/nowe-technologie-w-pracowni-orange-w-olsztynku\/","og_site_name":"Pracownia Orange Olsztynek","article_modified_time":"2024-04-16T07:15:41+00:00","og_image":[{"width":1536,"height":2040,"url":"https:\/\/pracownieorange.pl\/app\/uploads\/sites\/81\/2024\/04\/1712858412238.jpg","type":"image\/jpeg"}],"twitter_card":"summary_large_image","twitter_misc":{"Est. reading time":"1 minuta"},"schema":{"@context":"https:\/\/schema.org","@graph":[{"@type":"WebPage","@id":"https:\/\/pracownieorange.pl\/olsztynek\/news\/nowe-technologie-w-pracowni-orange-w-olsztynku\/","url":"https:\/\/pracownieorange.pl\/olsztynek\/news\/nowe-technologie-w-pracowni-orange-w-olsztynku\/","name":"Nowe technologie w Pracowni Orange w Olsztynku - Pracownia Orange Olsztynek","isPartOf":{"@id":"https:\/\/pracownieorange.pl\/olsztynek\/#website"},"primaryImageOfPage":{"@id":"https:\/\/pracownieorange.pl\/olsztynek\/news\/nowe-technologie-w-pracowni-orange-w-olsztynku\/#primaryimage"},"image":{"@id":"https:\/\/pracownieorange.pl\/olsztynek\/news\/nowe-technologie-w-pracowni-orange-w-olsztynku\/#primaryimage"},"thumbnailUrl":"https:\/\/pracownieorange.pl\/app\/uploads\/sites\/81\/2024\/04\/1712858412238.jpg","datePublished":"2024-04-11T18:09:44+00:00","dateModified":"2024-04-16T07:15:41+00:00","breadcrumb":{"@id":"https:\/\/pracownieorange.pl\/olsztynek\/news\/nowe-technologie-w-pracowni-orange-w-olsztynku\/#breadcrumb"},"inLanguage":"pl-PL","potentialAction":[{"@type":"ReadAction","target":["https:\/\/pracownieorange.pl\/olsztynek\/news\/nowe-technologie-w-pracowni-orange-w-olsztynku\/"]}]},{"@type":"ImageObject","inLanguage":"pl-PL","@id":"https:\/\/pracownieorange.pl\/olsztynek\/news\/nowe-technologie-w-pracowni-orange-w-olsztynku\/#primaryimage","url":"https:\/\/pracownieorange.pl\/app\/uploads\/sites\/81\/2024\/04\/1712858412238.jpg","contentUrl":"https:\/\/pracownieorange.pl\/app\/uploads\/sites\/81\/2024\/04\/1712858412238.jpg","width":1536,"height":2040,"caption":"Osoba w goglach VR"},{"@type":"BreadcrumbList","@id":"https:\/\/pracownieorange.pl\/olsztynek\/news\/nowe-technologie-w-pracowni-orange-w-olsztynku\/#breadcrumb","itemListElement":[{"@type":"ListItem","position":1,"name":"Home","item":"https:\/\/pracownieorange.pl\/olsztynek\/"},{"@type":"ListItem","position":2,"name":"Aktualno\u015bci","item":"https:\/\/pracownieorange.pl\/olsztynek\/news\/"},{"@type":"ListItem","position":3,"name":"Nowe technologie w Pracowni Orange w Olsztynku"}]},{"@type":"WebSite","@id":"https:\/\/pracownieorange.pl\/olsztynek\/#website","url":"https:\/\/pracownieorange.pl\/olsztynek\/","name":"Pracownia Orange Olsztynek","description":"Kolejna witryna sieci &#8222;Pracownie Orange&#8221;","potentialAction":[{"@type":"SearchAction","target":{"@type":"EntryPoint","urlTemplate":"https:\/\/pracownieorange.pl\/olsztynek\/?s={search_term_string}"},"query-input":{"@type":"PropertyValueSpecification","valueRequired":true,"valueName":"search_term_string"}}],"inLanguage":"pl-PL"}]}},"_links":{"self":[{"href":"https:\/\/pracownieorange.pl\/olsztynek\/wp-json\/wp\/v2\/news\/98","targetHints":{"allow":["GET"]}}],"collection":[{"href":"https:\/\/pracownieorange.pl\/olsztynek\/wp-json\/wp\/v2\/news"}],"about":[{"href":"https:\/\/pracownieorange.pl\/olsztynek\/wp-json\/wp\/v2\/types\/news"}],"author":[{"embeddable":true,"href":"https:\/\/pracownieorange.pl\/olsztynek\/wp-json\/wp\/v2\/users\/87"}],"replies":[{"embeddable":true,"href":"https:\/\/pracownieorange.pl\/olsztynek\/wp-json\/wp\/v2\/comments?post=98"}],"wp:featuredmedia":[{"embeddable":true,"href":"https:\/\/pracownieorange.pl\/olsztynek\/wp-json\/wp\/v2\/media\/102"}],"wp:attachment":[{"href":"https:\/\/pracownieorange.pl\/olsztynek\/wp-json\/wp\/v2\/media?parent=98"}],"curies":[{"name":"wp","href":"https:\/\/api.w.org\/{rel}","templated":true}]}}