

{"id":117,"date":"2025-03-31T21:01:50","date_gmt":"2025-03-31T19:01:50","guid":{"rendered":"https:\/\/pracownieorange.pl\/olsztynek\/?post_type=news&#038;p=117"},"modified":"2025-04-01T08:03:52","modified_gmt":"2025-04-01T06:03:52","slug":"dzien-bezpiecznego-internetu-2025","status":"publish","type":"news","link":"https:\/\/pracownieorange.pl\/olsztynek\/news\/dzien-bezpiecznego-internetu-2025\/","title":{"rendered":"Dzie\u0144 Bezpiecznego Internetu 2025"},"content":{"rendered":"<p>W naszej pracowni Orange obchody Dnia Bezpiecznego Internetu zako\u0144czy\u0142y si\u0119 31 marca, podsumowuj\u0105c tym samym niemal p\u00f3\u0142tora miesi\u0105ca zaj\u0119\u0107 online, pokaz\u00f3w i pogadanek dla uczestnik\u00f3w WTZ. Ze wzgl\u0119du na du\u017c\u0105 liczb\u0119 ch\u0119tnych cz\u0119\u015b\u0107 spotka\u0144 odbywa\u0142o si\u0119 na korytarzu. Zwie\u0144czeniem warsztat\u00f3w by\u0142 test wiedzy, sprawdzaj\u0105cy znajomo\u015b\u0107 zasad bezpiecze\u0144stwa w sieci. Ka\u017cdy z uczestnik\u00f3w otrzyma\u0142 pami\u0105tkowy dyplom oraz drobne upominki. Przygotowano r\u00f3wnie\u017c praktyczn\u0105 podk\u0142adk\u0119 pod mysz\u00a0 z kluczowymi regu\u0142ami bezpiecznego korzystania z Internetu oraz magnesy. Inicjatywa mia\u0142a na celu szerzenie \u015bwiadomo\u015bci oraz edukacj\u0119 w zakresie ochrony w \u015bwiecie cyfrowym w\u015br\u00f3d os\u00f3b z niepe\u0142nosprawno\u015bciami.<\/p>\n","protected":false},"excerpt":{"rendered":"<p>W naszej pracowni Orange obchody Dnia Bezpiecznego Internetu zako\u0144czy\u0142y si\u0119 [&hellip;]<\/p>\n","protected":false},"author":87,"featured_media":123,"comment_status":"open","ping_status":"closed","template":"","class_list":["post-117","news","type-news","status-publish","has-post-thumbnail","hentry"],"acf":[],"yoast_head":"<!-- This site is optimized with the Yoast SEO plugin v24.5 - https:\/\/yoast.com\/wordpress\/plugins\/seo\/ -->\n<title>Dzie\u0144 Bezpiecznego Internetu 2025 - Pracownia Orange Olsztynek<\/title>\n<meta name=\"robots\" content=\"index, follow, max-snippet:-1, max-image-preview:large, max-video-preview:-1\" \/>\n<link rel=\"canonical\" href=\"https:\/\/pracownieorange.pl\/olsztynek\/news\/dzien-bezpiecznego-internetu-2025\/\" \/>\n<meta property=\"og:locale\" content=\"pl_PL\" \/>\n<meta property=\"og:type\" content=\"article\" \/>\n<meta property=\"og:title\" content=\"Dzie\u0144 Bezpiecznego Internetu 2025 - Pracownia Orange Olsztynek\" \/>\n<meta property=\"og:description\" content=\"W naszej pracowni Orange obchody Dnia Bezpiecznego Internetu zako\u0144czy\u0142y si\u0119 [&hellip;]\" \/>\n<meta property=\"og:url\" content=\"https:\/\/pracownieorange.pl\/olsztynek\/news\/dzien-bezpiecznego-internetu-2025\/\" \/>\n<meta property=\"og:site_name\" content=\"Pracownia Orange Olsztynek\" \/>\n<meta property=\"article:modified_time\" content=\"2025-04-01T06:03:52+00:00\" \/>\n<meta property=\"og:image\" content=\"https:\/\/pracownieorange.pl\/app\/uploads\/sites\/81\/2025\/03\/DBI-2025-1.jpg\" \/>\n\t<meta property=\"og:image:width\" content=\"1438\" \/>\n\t<meta property=\"og:image:height\" content=\"960\" \/>\n\t<meta property=\"og:image:type\" content=\"image\/jpeg\" \/>\n<meta name=\"twitter:card\" content=\"summary_large_image\" \/>\n<meta name=\"twitter:label1\" content=\"Est. reading time\" \/>\n\t<meta name=\"twitter:data1\" content=\"1 minuta\" \/>\n<script type=\"application\/ld+json\" class=\"yoast-schema-graph\">{\"@context\":\"https:\/\/schema.org\",\"@graph\":[{\"@type\":\"WebPage\",\"@id\":\"https:\/\/pracownieorange.pl\/olsztynek\/news\/dzien-bezpiecznego-internetu-2025\/\",\"url\":\"https:\/\/pracownieorange.pl\/olsztynek\/news\/dzien-bezpiecznego-internetu-2025\/\",\"name\":\"Dzie\u0144 Bezpiecznego Internetu 2025 - Pracownia Orange Olsztynek\",\"isPartOf\":{\"@id\":\"https:\/\/pracownieorange.pl\/olsztynek\/#website\"},\"primaryImageOfPage\":{\"@id\":\"https:\/\/pracownieorange.pl\/olsztynek\/news\/dzien-bezpiecznego-internetu-2025\/#primaryimage\"},\"image\":{\"@id\":\"https:\/\/pracownieorange.pl\/olsztynek\/news\/dzien-bezpiecznego-internetu-2025\/#primaryimage\"},\"thumbnailUrl\":\"https:\/\/pracownieorange.pl\/app\/uploads\/sites\/81\/2025\/03\/DBI-2025-1.jpg\",\"datePublished\":\"2025-03-31T19:01:50+00:00\",\"dateModified\":\"2025-04-01T06:03:52+00:00\",\"breadcrumb\":{\"@id\":\"https:\/\/pracownieorange.pl\/olsztynek\/news\/dzien-bezpiecznego-internetu-2025\/#breadcrumb\"},\"inLanguage\":\"pl-PL\",\"potentialAction\":[{\"@type\":\"ReadAction\",\"target\":[\"https:\/\/pracownieorange.pl\/olsztynek\/news\/dzien-bezpiecznego-internetu-2025\/\"]}]},{\"@type\":\"ImageObject\",\"inLanguage\":\"pl-PL\",\"@id\":\"https:\/\/pracownieorange.pl\/olsztynek\/news\/dzien-bezpiecznego-internetu-2025\/#primaryimage\",\"url\":\"https:\/\/pracownieorange.pl\/app\/uploads\/sites\/81\/2025\/03\/DBI-2025-1.jpg\",\"contentUrl\":\"https:\/\/pracownieorange.pl\/app\/uploads\/sites\/81\/2025\/03\/DBI-2025-1.jpg\",\"width\":1438,\"height\":960,\"caption\":\"Dzie\u0144 Bezpiecznego Internetu 11 luty 2025\"},{\"@type\":\"BreadcrumbList\",\"@id\":\"https:\/\/pracownieorange.pl\/olsztynek\/news\/dzien-bezpiecznego-internetu-2025\/#breadcrumb\",\"itemListElement\":[{\"@type\":\"ListItem\",\"position\":1,\"name\":\"Home\",\"item\":\"https:\/\/pracownieorange.pl\/olsztynek\/\"},{\"@type\":\"ListItem\",\"position\":2,\"name\":\"Aktualno\u015bci\",\"item\":\"https:\/\/pracownieorange.pl\/olsztynek\/news\/\"},{\"@type\":\"ListItem\",\"position\":3,\"name\":\"Dzie\u0144 Bezpiecznego Internetu 2025\"}]},{\"@type\":\"WebSite\",\"@id\":\"https:\/\/pracownieorange.pl\/olsztynek\/#website\",\"url\":\"https:\/\/pracownieorange.pl\/olsztynek\/\",\"name\":\"Pracownia Orange Olsztynek\",\"description\":\"Kolejna witryna sieci &#8222;Pracownie Orange&#8221;\",\"potentialAction\":[{\"@type\":\"SearchAction\",\"target\":{\"@type\":\"EntryPoint\",\"urlTemplate\":\"https:\/\/pracownieorange.pl\/olsztynek\/?s={search_term_string}\"},\"query-input\":{\"@type\":\"PropertyValueSpecification\",\"valueRequired\":true,\"valueName\":\"search_term_string\"}}],\"inLanguage\":\"pl-PL\"}]}<\/script>\n<!-- \/ Yoast SEO plugin. -->","yoast_head_json":{"title":"Dzie\u0144 Bezpiecznego Internetu 2025 - Pracownia Orange Olsztynek","robots":{"index":"index","follow":"follow","max-snippet":"max-snippet:-1","max-image-preview":"max-image-preview:large","max-video-preview":"max-video-preview:-1"},"canonical":"https:\/\/pracownieorange.pl\/olsztynek\/news\/dzien-bezpiecznego-internetu-2025\/","og_locale":"pl_PL","og_type":"article","og_title":"Dzie\u0144 Bezpiecznego Internetu 2025 - Pracownia Orange Olsztynek","og_description":"W naszej pracowni Orange obchody Dnia Bezpiecznego Internetu zako\u0144czy\u0142y si\u0119 [&hellip;]","og_url":"https:\/\/pracownieorange.pl\/olsztynek\/news\/dzien-bezpiecznego-internetu-2025\/","og_site_name":"Pracownia Orange Olsztynek","article_modified_time":"2025-04-01T06:03:52+00:00","og_image":[{"width":1438,"height":960,"url":"https:\/\/pracownieorange.pl\/app\/uploads\/sites\/81\/2025\/03\/DBI-2025-1.jpg","type":"image\/jpeg"}],"twitter_card":"summary_large_image","twitter_misc":{"Est. reading time":"1 minuta"},"schema":{"@context":"https:\/\/schema.org","@graph":[{"@type":"WebPage","@id":"https:\/\/pracownieorange.pl\/olsztynek\/news\/dzien-bezpiecznego-internetu-2025\/","url":"https:\/\/pracownieorange.pl\/olsztynek\/news\/dzien-bezpiecznego-internetu-2025\/","name":"Dzie\u0144 Bezpiecznego Internetu 2025 - Pracownia Orange Olsztynek","isPartOf":{"@id":"https:\/\/pracownieorange.pl\/olsztynek\/#website"},"primaryImageOfPage":{"@id":"https:\/\/pracownieorange.pl\/olsztynek\/news\/dzien-bezpiecznego-internetu-2025\/#primaryimage"},"image":{"@id":"https:\/\/pracownieorange.pl\/olsztynek\/news\/dzien-bezpiecznego-internetu-2025\/#primaryimage"},"thumbnailUrl":"https:\/\/pracownieorange.pl\/app\/uploads\/sites\/81\/2025\/03\/DBI-2025-1.jpg","datePublished":"2025-03-31T19:01:50+00:00","dateModified":"2025-04-01T06:03:52+00:00","breadcrumb":{"@id":"https:\/\/pracownieorange.pl\/olsztynek\/news\/dzien-bezpiecznego-internetu-2025\/#breadcrumb"},"inLanguage":"pl-PL","potentialAction":[{"@type":"ReadAction","target":["https:\/\/pracownieorange.pl\/olsztynek\/news\/dzien-bezpiecznego-internetu-2025\/"]}]},{"@type":"ImageObject","inLanguage":"pl-PL","@id":"https:\/\/pracownieorange.pl\/olsztynek\/news\/dzien-bezpiecznego-internetu-2025\/#primaryimage","url":"https:\/\/pracownieorange.pl\/app\/uploads\/sites\/81\/2025\/03\/DBI-2025-1.jpg","contentUrl":"https:\/\/pracownieorange.pl\/app\/uploads\/sites\/81\/2025\/03\/DBI-2025-1.jpg","width":1438,"height":960,"caption":"Dzie\u0144 Bezpiecznego Internetu 11 luty 2025"},{"@type":"BreadcrumbList","@id":"https:\/\/pracownieorange.pl\/olsztynek\/news\/dzien-bezpiecznego-internetu-2025\/#breadcrumb","itemListElement":[{"@type":"ListItem","position":1,"name":"Home","item":"https:\/\/pracownieorange.pl\/olsztynek\/"},{"@type":"ListItem","position":2,"name":"Aktualno\u015bci","item":"https:\/\/pracownieorange.pl\/olsztynek\/news\/"},{"@type":"ListItem","position":3,"name":"Dzie\u0144 Bezpiecznego Internetu 2025"}]},{"@type":"WebSite","@id":"https:\/\/pracownieorange.pl\/olsztynek\/#website","url":"https:\/\/pracownieorange.pl\/olsztynek\/","name":"Pracownia Orange Olsztynek","description":"Kolejna witryna sieci &#8222;Pracownie Orange&#8221;","potentialAction":[{"@type":"SearchAction","target":{"@type":"EntryPoint","urlTemplate":"https:\/\/pracownieorange.pl\/olsztynek\/?s={search_term_string}"},"query-input":{"@type":"PropertyValueSpecification","valueRequired":true,"valueName":"search_term_string"}}],"inLanguage":"pl-PL"}]}},"_links":{"self":[{"href":"https:\/\/pracownieorange.pl\/olsztynek\/wp-json\/wp\/v2\/news\/117","targetHints":{"allow":["GET"]}}],"collection":[{"href":"https:\/\/pracownieorange.pl\/olsztynek\/wp-json\/wp\/v2\/news"}],"about":[{"href":"https:\/\/pracownieorange.pl\/olsztynek\/wp-json\/wp\/v2\/types\/news"}],"author":[{"embeddable":true,"href":"https:\/\/pracownieorange.pl\/olsztynek\/wp-json\/wp\/v2\/users\/87"}],"replies":[{"embeddable":true,"href":"https:\/\/pracownieorange.pl\/olsztynek\/wp-json\/wp\/v2\/comments?post=117"}],"wp:featuredmedia":[{"embeddable":true,"href":"https:\/\/pracownieorange.pl\/olsztynek\/wp-json\/wp\/v2\/media\/123"}],"wp:attachment":[{"href":"https:\/\/pracownieorange.pl\/olsztynek\/wp-json\/wp\/v2\/media?parent=117"}],"curies":[{"name":"wp","href":"https:\/\/api.w.org\/{rel}","templated":true}]}}