

{"id":448,"date":"2025-10-20T15:14:25","date_gmt":"2025-10-20T13:14:25","guid":{"rendered":"https:\/\/pracownieorange.pl\/niedrzwica-duza\/?post_type=news&#038;p=448"},"modified":"2025-10-21T13:14:57","modified_gmt":"2025-10-21T11:14:57","slug":"wizyta-studyjna-w-dubiczach-cerkiewnych","status":"publish","type":"news","link":"https:\/\/pracownieorange.pl\/niedrzwica-duza\/news\/wizyta-studyjna-w-dubiczach-cerkiewnych\/","title":{"rendered":"Wizyta studyjna w Dubiczach Cerkiewnych"},"content":{"rendered":"<p>Jesie\u0144 potrafi by\u0107 pi\u0119kna. A podlaska z\u0142ota jesie\u0144 \u2013 to dopiero magia&#8230;<br \/>\nW miniony weekend, w tych malowniczych, jesiennych okoliczno\u015bciach przyrody, w Dubiczach Cerkiewnych odby\u0142o si\u0119 wyj\u0105tkowe spotkanie przedstawicieli Pracowni Orange \u2013 z Dubicz, Jab\u0142onny, Kra\u015bnika i Niedrzwicy Du\u017cej.<\/p>\n<p>Gospodynie wydarzenia \u2013 dwie niezast\u0105pione Mirki \u2013 przygotowa\u0142y dla nas ciekawy i bardzo inspiruj\u0105cy program. I tak, podczas warsztat\u00f3w aeroterapii tworzyli\u015bmy naturalne kosmetyki, rozmawiaj\u0105c przy tym nie tylko o zdrowiu i naturze, ale tak\u017ce o dzia\u0142alno\u015bci spo\u0142ecznej i kulturalnej na Podlasiu.<\/p>\n<p>Po pysznym, domowym obiedzie wyruszyli\u015bmy do Dobrowody, gdzie spotkali\u015bmy si\u0119\u00a0 z mieszka\u0144cami, spo\u0142ecznikami i lokalnymi (a znanymi w \u015bwiecie!) \u015bpiewaczkami i \u015bpiewakami. Czeka\u0142a nas w tym miejscu niespodzianka: wsp\u00f3lne przygotowanie weselnego, obrz\u0119dowego pieczywa \u2013 korowaja!\u00a0 \u015apiewanie tradycyjnych pie\u015bni (m.in. korowajowych, weselnych, rohulek) dope\u0142ni\u0142o naszego do\u015bwiadczenia serdeczno\u015bci i rado\u015bci.<\/p>\n<p>Odwiedzili\u015bmy r\u00f3wnie\u017c o\u015brodek kultury i bibliotek\u0119 w Dubiczach, gdzie pracuj\u0105 Mirki. To w\u0142a\u015bnie tam rozmawiali\u015bmy o wsp\u00f3\u0142pracy, o tym, co nasze Pracownie mog\u0105 razem zrobi\u0107.<\/p>\n<p>Nie mog\u0142o zabrakn\u0105\u0107 r\u00f3wnie\u017c czasu na zwiedzanie tych pi\u0119knych okolic.<\/p>\n<p>Serdecznie dzi\u0119kujemy Mirkom z Dubicz Cerkiewnych za go\u015bcinno\u015b\u0107 i otwarto\u015b\u0107. Bardzo dzi\u0119kujemy r\u00f3wnie\u017c wszystkim uczestnikom za ten wsp\u00f3lny czas! Do zobaczenia na kolejnych spotkaniach!<\/p>\n<p>Fot. Pracownie Orange w Kra\u015bniku i Niedrzwicy Du\u017cej<\/p>\n","protected":false},"excerpt":{"rendered":"<p>Jesie\u0144 potrafi by\u0107 pi\u0119kna. A podlaska z\u0142ota jesie\u0144 \u2013 to [&hellip;]<\/p>\n","protected":false},"author":275,"featured_media":453,"comment_status":"open","ping_status":"closed","template":"","class_list":["post-448","news","type-news","status-publish","has-post-thumbnail","hentry"],"acf":[],"yoast_head":"<!-- This site is optimized with the Yoast SEO plugin v24.5 - https:\/\/yoast.com\/wordpress\/plugins\/seo\/ -->\n<title>Wizyta studyjna w Dubiczach Cerkiewnych - Pracownia Orange Niedrzwica Du\u017ca<\/title>\n<meta name=\"robots\" content=\"index, follow, max-snippet:-1, max-image-preview:large, max-video-preview:-1\" \/>\n<link rel=\"canonical\" href=\"https:\/\/pracownieorange.pl\/niedrzwica-duza\/news\/wizyta-studyjna-w-dubiczach-cerkiewnych\/\" \/>\n<meta property=\"og:locale\" content=\"pl_PL\" \/>\n<meta property=\"og:type\" content=\"article\" \/>\n<meta property=\"og:title\" content=\"Wizyta studyjna w Dubiczach Cerkiewnych - Pracownia Orange Niedrzwica Du\u017ca\" \/>\n<meta property=\"og:description\" content=\"Jesie\u0144 potrafi by\u0107 pi\u0119kna. A podlaska z\u0142ota jesie\u0144 \u2013 to [&hellip;]\" \/>\n<meta property=\"og:url\" content=\"https:\/\/pracownieorange.pl\/niedrzwica-duza\/news\/wizyta-studyjna-w-dubiczach-cerkiewnych\/\" \/>\n<meta property=\"og:site_name\" content=\"Pracownia Orange Niedrzwica Du\u017ca\" \/>\n<meta property=\"article:modified_time\" content=\"2025-10-21T11:14:57+00:00\" \/>\n<meta property=\"og:image\" content=\"https:\/\/pracownieorange.pl\/app\/uploads\/sites\/85\/2025\/10\/1-a.jpg\" \/>\n\t<meta property=\"og:image:width\" content=\"2048\" \/>\n\t<meta property=\"og:image:height\" content=\"1152\" \/>\n\t<meta property=\"og:image:type\" content=\"image\/jpeg\" \/>\n<meta name=\"twitter:card\" content=\"summary_large_image\" \/>\n<meta name=\"twitter:label1\" content=\"Est. reading time\" \/>\n\t<meta name=\"twitter:data1\" content=\"2 minuty\" \/>\n<script type=\"application\/ld+json\" class=\"yoast-schema-graph\">{\"@context\":\"https:\/\/schema.org\",\"@graph\":[{\"@type\":\"WebPage\",\"@id\":\"https:\/\/pracownieorange.pl\/niedrzwica-duza\/news\/wizyta-studyjna-w-dubiczach-cerkiewnych\/\",\"url\":\"https:\/\/pracownieorange.pl\/niedrzwica-duza\/news\/wizyta-studyjna-w-dubiczach-cerkiewnych\/\",\"name\":\"Wizyta studyjna w Dubiczach Cerkiewnych - Pracownia Orange Niedrzwica Du\u017ca\",\"isPartOf\":{\"@id\":\"https:\/\/pracownieorange.pl\/niedrzwica-duza\/#website\"},\"primaryImageOfPage\":{\"@id\":\"https:\/\/pracownieorange.pl\/niedrzwica-duza\/news\/wizyta-studyjna-w-dubiczach-cerkiewnych\/#primaryimage\"},\"image\":{\"@id\":\"https:\/\/pracownieorange.pl\/niedrzwica-duza\/news\/wizyta-studyjna-w-dubiczach-cerkiewnych\/#primaryimage\"},\"thumbnailUrl\":\"https:\/\/pracownieorange.pl\/app\/uploads\/sites\/85\/2025\/10\/1-a.jpg\",\"datePublished\":\"2025-10-20T13:14:25+00:00\",\"dateModified\":\"2025-10-21T11:14:57+00:00\",\"breadcrumb\":{\"@id\":\"https:\/\/pracownieorange.pl\/niedrzwica-duza\/news\/wizyta-studyjna-w-dubiczach-cerkiewnych\/#breadcrumb\"},\"inLanguage\":\"pl-PL\",\"potentialAction\":[{\"@type\":\"ReadAction\",\"target\":[\"https:\/\/pracownieorange.pl\/niedrzwica-duza\/news\/wizyta-studyjna-w-dubiczach-cerkiewnych\/\"]}]},{\"@type\":\"ImageObject\",\"inLanguage\":\"pl-PL\",\"@id\":\"https:\/\/pracownieorange.pl\/niedrzwica-duza\/news\/wizyta-studyjna-w-dubiczach-cerkiewnych\/#primaryimage\",\"url\":\"https:\/\/pracownieorange.pl\/app\/uploads\/sites\/85\/2025\/10\/1-a.jpg\",\"contentUrl\":\"https:\/\/pracownieorange.pl\/app\/uploads\/sites\/85\/2025\/10\/1-a.jpg\",\"width\":2048,\"height\":1152,\"caption\":\"Grupa dziesi\u0119ciu u\u015bmiechni\u0119tych kobiet pozuje przed drewnianym domem w otoczeniu jesiennej przyrody. Kobiety stoj\u0105 na trawie, ubrane w kurtki i szaliki, co sugeruje ch\u0142odn\u0105 por\u0119 roku. W tle widoczny jest drewniany ganek oraz ozdobne elementy architektoniczne przy oknie i naro\u017cniku budynku.\"},{\"@type\":\"BreadcrumbList\",\"@id\":\"https:\/\/pracownieorange.pl\/niedrzwica-duza\/news\/wizyta-studyjna-w-dubiczach-cerkiewnych\/#breadcrumb\",\"itemListElement\":[{\"@type\":\"ListItem\",\"position\":1,\"name\":\"Home\",\"item\":\"https:\/\/pracownieorange.pl\/niedrzwica-duza\/\"},{\"@type\":\"ListItem\",\"position\":2,\"name\":\"Aktualno\u015bci\",\"item\":\"https:\/\/pracownieorange.pl\/niedrzwica-duza\/news\/\"},{\"@type\":\"ListItem\",\"position\":3,\"name\":\"Wizyta studyjna w Dubiczach Cerkiewnych\"}]},{\"@type\":\"WebSite\",\"@id\":\"https:\/\/pracownieorange.pl\/niedrzwica-duza\/#website\",\"url\":\"https:\/\/pracownieorange.pl\/niedrzwica-duza\/\",\"name\":\"Pracownia Orange Niedrzwica Du\u017ca\",\"description\":\"Kolejna witryna sieci &#8222;Pracownie Orange&#8221;\",\"potentialAction\":[{\"@type\":\"SearchAction\",\"target\":{\"@type\":\"EntryPoint\",\"urlTemplate\":\"https:\/\/pracownieorange.pl\/niedrzwica-duza\/?s={search_term_string}\"},\"query-input\":{\"@type\":\"PropertyValueSpecification\",\"valueRequired\":true,\"valueName\":\"search_term_string\"}}],\"inLanguage\":\"pl-PL\"}]}<\/script>\n<!-- \/ Yoast SEO plugin. -->","yoast_head_json":{"title":"Wizyta studyjna w Dubiczach Cerkiewnych - Pracownia Orange Niedrzwica Du\u017ca","robots":{"index":"index","follow":"follow","max-snippet":"max-snippet:-1","max-image-preview":"max-image-preview:large","max-video-preview":"max-video-preview:-1"},"canonical":"https:\/\/pracownieorange.pl\/niedrzwica-duza\/news\/wizyta-studyjna-w-dubiczach-cerkiewnych\/","og_locale":"pl_PL","og_type":"article","og_title":"Wizyta studyjna w Dubiczach Cerkiewnych - Pracownia Orange Niedrzwica Du\u017ca","og_description":"Jesie\u0144 potrafi by\u0107 pi\u0119kna. A podlaska z\u0142ota jesie\u0144 \u2013 to [&hellip;]","og_url":"https:\/\/pracownieorange.pl\/niedrzwica-duza\/news\/wizyta-studyjna-w-dubiczach-cerkiewnych\/","og_site_name":"Pracownia Orange Niedrzwica Du\u017ca","article_modified_time":"2025-10-21T11:14:57+00:00","og_image":[{"width":2048,"height":1152,"url":"https:\/\/pracownieorange.pl\/app\/uploads\/sites\/85\/2025\/10\/1-a.jpg","type":"image\/jpeg"}],"twitter_card":"summary_large_image","twitter_misc":{"Est. reading time":"2 minuty"},"schema":{"@context":"https:\/\/schema.org","@graph":[{"@type":"WebPage","@id":"https:\/\/pracownieorange.pl\/niedrzwica-duza\/news\/wizyta-studyjna-w-dubiczach-cerkiewnych\/","url":"https:\/\/pracownieorange.pl\/niedrzwica-duza\/news\/wizyta-studyjna-w-dubiczach-cerkiewnych\/","name":"Wizyta studyjna w Dubiczach Cerkiewnych - Pracownia Orange Niedrzwica Du\u017ca","isPartOf":{"@id":"https:\/\/pracownieorange.pl\/niedrzwica-duza\/#website"},"primaryImageOfPage":{"@id":"https:\/\/pracownieorange.pl\/niedrzwica-duza\/news\/wizyta-studyjna-w-dubiczach-cerkiewnych\/#primaryimage"},"image":{"@id":"https:\/\/pracownieorange.pl\/niedrzwica-duza\/news\/wizyta-studyjna-w-dubiczach-cerkiewnych\/#primaryimage"},"thumbnailUrl":"https:\/\/pracownieorange.pl\/app\/uploads\/sites\/85\/2025\/10\/1-a.jpg","datePublished":"2025-10-20T13:14:25+00:00","dateModified":"2025-10-21T11:14:57+00:00","breadcrumb":{"@id":"https:\/\/pracownieorange.pl\/niedrzwica-duza\/news\/wizyta-studyjna-w-dubiczach-cerkiewnych\/#breadcrumb"},"inLanguage":"pl-PL","potentialAction":[{"@type":"ReadAction","target":["https:\/\/pracownieorange.pl\/niedrzwica-duza\/news\/wizyta-studyjna-w-dubiczach-cerkiewnych\/"]}]},{"@type":"ImageObject","inLanguage":"pl-PL","@id":"https:\/\/pracownieorange.pl\/niedrzwica-duza\/news\/wizyta-studyjna-w-dubiczach-cerkiewnych\/#primaryimage","url":"https:\/\/pracownieorange.pl\/app\/uploads\/sites\/85\/2025\/10\/1-a.jpg","contentUrl":"https:\/\/pracownieorange.pl\/app\/uploads\/sites\/85\/2025\/10\/1-a.jpg","width":2048,"height":1152,"caption":"Grupa dziesi\u0119ciu u\u015bmiechni\u0119tych kobiet pozuje przed drewnianym domem w otoczeniu jesiennej przyrody. Kobiety stoj\u0105 na trawie, ubrane w kurtki i szaliki, co sugeruje ch\u0142odn\u0105 por\u0119 roku. W tle widoczny jest drewniany ganek oraz ozdobne elementy architektoniczne przy oknie i naro\u017cniku budynku."},{"@type":"BreadcrumbList","@id":"https:\/\/pracownieorange.pl\/niedrzwica-duza\/news\/wizyta-studyjna-w-dubiczach-cerkiewnych\/#breadcrumb","itemListElement":[{"@type":"ListItem","position":1,"name":"Home","item":"https:\/\/pracownieorange.pl\/niedrzwica-duza\/"},{"@type":"ListItem","position":2,"name":"Aktualno\u015bci","item":"https:\/\/pracownieorange.pl\/niedrzwica-duza\/news\/"},{"@type":"ListItem","position":3,"name":"Wizyta studyjna w Dubiczach Cerkiewnych"}]},{"@type":"WebSite","@id":"https:\/\/pracownieorange.pl\/niedrzwica-duza\/#website","url":"https:\/\/pracownieorange.pl\/niedrzwica-duza\/","name":"Pracownia Orange Niedrzwica Du\u017ca","description":"Kolejna witryna sieci &#8222;Pracownie Orange&#8221;","potentialAction":[{"@type":"SearchAction","target":{"@type":"EntryPoint","urlTemplate":"https:\/\/pracownieorange.pl\/niedrzwica-duza\/?s={search_term_string}"},"query-input":{"@type":"PropertyValueSpecification","valueRequired":true,"valueName":"search_term_string"}}],"inLanguage":"pl-PL"}]}},"_links":{"self":[{"href":"https:\/\/pracownieorange.pl\/niedrzwica-duza\/wp-json\/wp\/v2\/news\/448","targetHints":{"allow":["GET"]}}],"collection":[{"href":"https:\/\/pracownieorange.pl\/niedrzwica-duza\/wp-json\/wp\/v2\/news"}],"about":[{"href":"https:\/\/pracownieorange.pl\/niedrzwica-duza\/wp-json\/wp\/v2\/types\/news"}],"author":[{"embeddable":true,"href":"https:\/\/pracownieorange.pl\/niedrzwica-duza\/wp-json\/wp\/v2\/users\/275"}],"replies":[{"embeddable":true,"href":"https:\/\/pracownieorange.pl\/niedrzwica-duza\/wp-json\/wp\/v2\/comments?post=448"}],"wp:featuredmedia":[{"embeddable":true,"href":"https:\/\/pracownieorange.pl\/niedrzwica-duza\/wp-json\/wp\/v2\/media\/453"}],"wp:attachment":[{"href":"https:\/\/pracownieorange.pl\/niedrzwica-duza\/wp-json\/wp\/v2\/media?parent=448"}],"curies":[{"name":"wp","href":"https:\/\/api.w.org\/{rel}","templated":true}]}}