

{"id":407,"date":"2025-09-29T11:38:12","date_gmt":"2025-09-29T09:38:12","guid":{"rendered":"https:\/\/pracownieorange.pl\/niedrzwica-duza\/?post_type=news&#038;p=407"},"modified":"2025-10-01T10:36:58","modified_gmt":"2025-10-01T08:36:58","slug":"tworczo-i-z-igla-w-reku","status":"publish","type":"news","link":"https:\/\/pracownieorange.pl\/niedrzwica-duza\/news\/tworczo-i-z-igla-w-reku\/","title":{"rendered":"Tw\u00f3rczo i z ig\u0142\u0105 w r\u0119ku"},"content":{"rendered":"<p>Podczas ostatnich zaj\u0119\u0107 \u201eKawiarenki szyciowej\u201d m\u0142odzie\u017c mia\u0142a okazj\u0119 rozwija\u0107 swoje umiej\u0119tno\u015bci krawieckie, a przy tym \u015bwietnie si\u0119 bawi\u0107 i kreatywnie sp\u0119dzi\u0107 czas. Warsztaty by\u0142y cz\u0119\u015bci\u0105 cyklu spotka\u0144 odbywaj\u0105cych si\u0119 w ramach Makerspace przy Pracowni Orange w Niedrzwicy Du\u017cej.<\/p>\n<p>Uczestniczki zaj\u0119\u0107, korzystaj\u0105c ze scenariusza przygotowanego przez Pracowni\u0119, uszy\u0142y praktyczne i modne workoplecaki. To nie tylko \u015bwietna alternatywa dla zwyk\u0142ego plecaka, ale te\u017c doskona\u0142y spos\u00f3b na nauk\u0119 szycia prostych form u\u017cytkowych. M\u0142odzie\u017c samodzielnie dobiera\u0142a tkaniny, uczy\u0142a si\u0119 wykrajania materia\u0142u, szycia szw\u00f3w i montowania sznurk\u00f3w. Efekty pracy by\u0142y naprawd\u0119 imponuj\u0105ce \u2013 ka\u017cda uczestniczka stworzy\u0142a unikatowy, w\u0142asnor\u0119cznie wykonany plecak, kt\u00f3ry z dum\u0105 zabra\u0142a ze sob\u0105 do domu.<\/p>\n<p>Drug\u0105 cz\u0119\u015b\u0107 warsztat\u00f3w wype\u0142ni\u0142a praca nad projektowaniem maskotek. Pomys\u0142y by\u0142y nietuzinkowe \u2013 m\u0142odzie\u017c stworzy\u0142a prototypy pluszowego nietoperza oraz kr\u00f3lika. Efekty pracy przedstawimy ju\u017c niebawem!<\/p>\n","protected":false},"excerpt":{"rendered":"<p>Podczas ostatnich zaj\u0119\u0107 \u201eKawiarenki szyciowej\u201d m\u0142odzie\u017c mia\u0142a okazj\u0119 rozwija\u0107 swoje [&hellip;]<\/p>\n","protected":false},"author":275,"featured_media":409,"comment_status":"open","ping_status":"closed","template":"","class_list":["post-407","news","type-news","status-publish","has-post-thumbnail","hentry"],"acf":[],"yoast_head":"<!-- This site is optimized with the Yoast SEO plugin v24.5 - https:\/\/yoast.com\/wordpress\/plugins\/seo\/ -->\n<title>Tw\u00f3rczo i z ig\u0142\u0105 w r\u0119ku - Pracownia Orange Niedrzwica Du\u017ca<\/title>\n<meta name=\"robots\" content=\"index, follow, max-snippet:-1, max-image-preview:large, max-video-preview:-1\" \/>\n<link rel=\"canonical\" href=\"https:\/\/pracownieorange.pl\/niedrzwica-duza\/news\/tworczo-i-z-igla-w-reku\/\" \/>\n<meta property=\"og:locale\" content=\"pl_PL\" \/>\n<meta property=\"og:type\" content=\"article\" \/>\n<meta property=\"og:title\" content=\"Tw\u00f3rczo i z ig\u0142\u0105 w r\u0119ku - Pracownia Orange Niedrzwica Du\u017ca\" \/>\n<meta property=\"og:description\" content=\"Podczas ostatnich zaj\u0119\u0107 \u201eKawiarenki szyciowej\u201d m\u0142odzie\u017c mia\u0142a okazj\u0119 rozwija\u0107 swoje [&hellip;]\" \/>\n<meta property=\"og:url\" content=\"https:\/\/pracownieorange.pl\/niedrzwica-duza\/news\/tworczo-i-z-igla-w-reku\/\" \/>\n<meta property=\"og:site_name\" content=\"Pracownia Orange Niedrzwica Du\u017ca\" \/>\n<meta property=\"article:modified_time\" content=\"2025-10-01T08:36:58+00:00\" \/>\n<meta property=\"og:image\" content=\"https:\/\/pracownieorange.pl\/app\/uploads\/sites\/85\/2025\/09\/received_1360046969082751.jpeg\" \/>\n\t<meta property=\"og:image:width\" content=\"828\" \/>\n\t<meta property=\"og:image:height\" content=\"1104\" \/>\n\t<meta property=\"og:image:type\" content=\"image\/jpeg\" \/>\n<meta name=\"twitter:card\" content=\"summary_large_image\" \/>\n<meta name=\"twitter:label1\" content=\"Est. reading time\" \/>\n\t<meta name=\"twitter:data1\" content=\"1 minuta\" \/>\n<script type=\"application\/ld+json\" class=\"yoast-schema-graph\">{\"@context\":\"https:\/\/schema.org\",\"@graph\":[{\"@type\":\"WebPage\",\"@id\":\"https:\/\/pracownieorange.pl\/niedrzwica-duza\/news\/tworczo-i-z-igla-w-reku\/\",\"url\":\"https:\/\/pracownieorange.pl\/niedrzwica-duza\/news\/tworczo-i-z-igla-w-reku\/\",\"name\":\"Tw\u00f3rczo i z ig\u0142\u0105 w r\u0119ku - Pracownia Orange Niedrzwica Du\u017ca\",\"isPartOf\":{\"@id\":\"https:\/\/pracownieorange.pl\/niedrzwica-duza\/#website\"},\"primaryImageOfPage\":{\"@id\":\"https:\/\/pracownieorange.pl\/niedrzwica-duza\/news\/tworczo-i-z-igla-w-reku\/#primaryimage\"},\"image\":{\"@id\":\"https:\/\/pracownieorange.pl\/niedrzwica-duza\/news\/tworczo-i-z-igla-w-reku\/#primaryimage\"},\"thumbnailUrl\":\"https:\/\/pracownieorange.pl\/app\/uploads\/sites\/85\/2025\/09\/received_1360046969082751.jpeg\",\"datePublished\":\"2025-09-29T09:38:12+00:00\",\"dateModified\":\"2025-10-01T08:36:58+00:00\",\"breadcrumb\":{\"@id\":\"https:\/\/pracownieorange.pl\/niedrzwica-duza\/news\/tworczo-i-z-igla-w-reku\/#breadcrumb\"},\"inLanguage\":\"pl-PL\",\"potentialAction\":[{\"@type\":\"ReadAction\",\"target\":[\"https:\/\/pracownieorange.pl\/niedrzwica-duza\/news\/tworczo-i-z-igla-w-reku\/\"]}]},{\"@type\":\"ImageObject\",\"inLanguage\":\"pl-PL\",\"@id\":\"https:\/\/pracownieorange.pl\/niedrzwica-duza\/news\/tworczo-i-z-igla-w-reku\/#primaryimage\",\"url\":\"https:\/\/pracownieorange.pl\/app\/uploads\/sites\/85\/2025\/09\/received_1360046969082751.jpeg\",\"contentUrl\":\"https:\/\/pracownieorange.pl\/app\/uploads\/sites\/85\/2025\/09\/received_1360046969082751.jpeg\",\"width\":828,\"height\":1104,\"caption\":\"Na \u015brodku zdj\u0119cia wida\u0107 dziewczynk\u0119 w szarym dresie, stoj\u0105c\u0105 ty\u0142em. Ma za\u0142o\u017cony workoplecak w kolorze oliwkowym. Po lewej stronie stoi pomara\u0144czowe krzes\u0142o. W tle napis \\\"Pracownie Orange\\\" oraz sto\u0142y, na kt\u00f3rych znajduj\u0105 si\u0119 materia\u0142y i narz\u0119dzia warsztatowe: no\u017cyczki, \u017celazko.\"},{\"@type\":\"BreadcrumbList\",\"@id\":\"https:\/\/pracownieorange.pl\/niedrzwica-duza\/news\/tworczo-i-z-igla-w-reku\/#breadcrumb\",\"itemListElement\":[{\"@type\":\"ListItem\",\"position\":1,\"name\":\"Home\",\"item\":\"https:\/\/pracownieorange.pl\/niedrzwica-duza\/\"},{\"@type\":\"ListItem\",\"position\":2,\"name\":\"Aktualno\u015bci\",\"item\":\"https:\/\/pracownieorange.pl\/niedrzwica-duza\/news\/\"},{\"@type\":\"ListItem\",\"position\":3,\"name\":\"Tw\u00f3rczo i z ig\u0142\u0105 w r\u0119ku\"}]},{\"@type\":\"WebSite\",\"@id\":\"https:\/\/pracownieorange.pl\/niedrzwica-duza\/#website\",\"url\":\"https:\/\/pracownieorange.pl\/niedrzwica-duza\/\",\"name\":\"Pracownia Orange Niedrzwica Du\u017ca\",\"description\":\"Kolejna witryna sieci &#8222;Pracownie Orange&#8221;\",\"potentialAction\":[{\"@type\":\"SearchAction\",\"target\":{\"@type\":\"EntryPoint\",\"urlTemplate\":\"https:\/\/pracownieorange.pl\/niedrzwica-duza\/?s={search_term_string}\"},\"query-input\":{\"@type\":\"PropertyValueSpecification\",\"valueRequired\":true,\"valueName\":\"search_term_string\"}}],\"inLanguage\":\"pl-PL\"}]}<\/script>\n<!-- \/ Yoast SEO plugin. -->","yoast_head_json":{"title":"Tw\u00f3rczo i z ig\u0142\u0105 w r\u0119ku - Pracownia Orange Niedrzwica Du\u017ca","robots":{"index":"index","follow":"follow","max-snippet":"max-snippet:-1","max-image-preview":"max-image-preview:large","max-video-preview":"max-video-preview:-1"},"canonical":"https:\/\/pracownieorange.pl\/niedrzwica-duza\/news\/tworczo-i-z-igla-w-reku\/","og_locale":"pl_PL","og_type":"article","og_title":"Tw\u00f3rczo i z ig\u0142\u0105 w r\u0119ku - Pracownia Orange Niedrzwica Du\u017ca","og_description":"Podczas ostatnich zaj\u0119\u0107 \u201eKawiarenki szyciowej\u201d m\u0142odzie\u017c mia\u0142a okazj\u0119 rozwija\u0107 swoje [&hellip;]","og_url":"https:\/\/pracownieorange.pl\/niedrzwica-duza\/news\/tworczo-i-z-igla-w-reku\/","og_site_name":"Pracownia Orange Niedrzwica Du\u017ca","article_modified_time":"2025-10-01T08:36:58+00:00","og_image":[{"width":828,"height":1104,"url":"https:\/\/pracownieorange.pl\/app\/uploads\/sites\/85\/2025\/09\/received_1360046969082751.jpeg","type":"image\/jpeg"}],"twitter_card":"summary_large_image","twitter_misc":{"Est. reading time":"1 minuta"},"schema":{"@context":"https:\/\/schema.org","@graph":[{"@type":"WebPage","@id":"https:\/\/pracownieorange.pl\/niedrzwica-duza\/news\/tworczo-i-z-igla-w-reku\/","url":"https:\/\/pracownieorange.pl\/niedrzwica-duza\/news\/tworczo-i-z-igla-w-reku\/","name":"Tw\u00f3rczo i z ig\u0142\u0105 w r\u0119ku - Pracownia Orange Niedrzwica Du\u017ca","isPartOf":{"@id":"https:\/\/pracownieorange.pl\/niedrzwica-duza\/#website"},"primaryImageOfPage":{"@id":"https:\/\/pracownieorange.pl\/niedrzwica-duza\/news\/tworczo-i-z-igla-w-reku\/#primaryimage"},"image":{"@id":"https:\/\/pracownieorange.pl\/niedrzwica-duza\/news\/tworczo-i-z-igla-w-reku\/#primaryimage"},"thumbnailUrl":"https:\/\/pracownieorange.pl\/app\/uploads\/sites\/85\/2025\/09\/received_1360046969082751.jpeg","datePublished":"2025-09-29T09:38:12+00:00","dateModified":"2025-10-01T08:36:58+00:00","breadcrumb":{"@id":"https:\/\/pracownieorange.pl\/niedrzwica-duza\/news\/tworczo-i-z-igla-w-reku\/#breadcrumb"},"inLanguage":"pl-PL","potentialAction":[{"@type":"ReadAction","target":["https:\/\/pracownieorange.pl\/niedrzwica-duza\/news\/tworczo-i-z-igla-w-reku\/"]}]},{"@type":"ImageObject","inLanguage":"pl-PL","@id":"https:\/\/pracownieorange.pl\/niedrzwica-duza\/news\/tworczo-i-z-igla-w-reku\/#primaryimage","url":"https:\/\/pracownieorange.pl\/app\/uploads\/sites\/85\/2025\/09\/received_1360046969082751.jpeg","contentUrl":"https:\/\/pracownieorange.pl\/app\/uploads\/sites\/85\/2025\/09\/received_1360046969082751.jpeg","width":828,"height":1104,"caption":"Na \u015brodku zdj\u0119cia wida\u0107 dziewczynk\u0119 w szarym dresie, stoj\u0105c\u0105 ty\u0142em. Ma za\u0142o\u017cony workoplecak w kolorze oliwkowym. Po lewej stronie stoi pomara\u0144czowe krzes\u0142o. W tle napis \"Pracownie Orange\" oraz sto\u0142y, na kt\u00f3rych znajduj\u0105 si\u0119 materia\u0142y i narz\u0119dzia warsztatowe: no\u017cyczki, \u017celazko."},{"@type":"BreadcrumbList","@id":"https:\/\/pracownieorange.pl\/niedrzwica-duza\/news\/tworczo-i-z-igla-w-reku\/#breadcrumb","itemListElement":[{"@type":"ListItem","position":1,"name":"Home","item":"https:\/\/pracownieorange.pl\/niedrzwica-duza\/"},{"@type":"ListItem","position":2,"name":"Aktualno\u015bci","item":"https:\/\/pracownieorange.pl\/niedrzwica-duza\/news\/"},{"@type":"ListItem","position":3,"name":"Tw\u00f3rczo i z ig\u0142\u0105 w r\u0119ku"}]},{"@type":"WebSite","@id":"https:\/\/pracownieorange.pl\/niedrzwica-duza\/#website","url":"https:\/\/pracownieorange.pl\/niedrzwica-duza\/","name":"Pracownia Orange Niedrzwica Du\u017ca","description":"Kolejna witryna sieci &#8222;Pracownie Orange&#8221;","potentialAction":[{"@type":"SearchAction","target":{"@type":"EntryPoint","urlTemplate":"https:\/\/pracownieorange.pl\/niedrzwica-duza\/?s={search_term_string}"},"query-input":{"@type":"PropertyValueSpecification","valueRequired":true,"valueName":"search_term_string"}}],"inLanguage":"pl-PL"}]}},"_links":{"self":[{"href":"https:\/\/pracownieorange.pl\/niedrzwica-duza\/wp-json\/wp\/v2\/news\/407","targetHints":{"allow":["GET"]}}],"collection":[{"href":"https:\/\/pracownieorange.pl\/niedrzwica-duza\/wp-json\/wp\/v2\/news"}],"about":[{"href":"https:\/\/pracownieorange.pl\/niedrzwica-duza\/wp-json\/wp\/v2\/types\/news"}],"author":[{"embeddable":true,"href":"https:\/\/pracownieorange.pl\/niedrzwica-duza\/wp-json\/wp\/v2\/users\/275"}],"replies":[{"embeddable":true,"href":"https:\/\/pracownieorange.pl\/niedrzwica-duza\/wp-json\/wp\/v2\/comments?post=407"}],"wp:featuredmedia":[{"embeddable":true,"href":"https:\/\/pracownieorange.pl\/niedrzwica-duza\/wp-json\/wp\/v2\/media\/409"}],"wp:attachment":[{"href":"https:\/\/pracownieorange.pl\/niedrzwica-duza\/wp-json\/wp\/v2\/media?parent=407"}],"curies":[{"name":"wp","href":"https:\/\/api.w.org\/{rel}","templated":true}]}}