

{"id":655,"date":"2024-05-11T12:39:44","date_gmt":"2024-05-11T10:39:44","guid":{"rendered":"https:\/\/pracownieorange.pl\/morag\/?post_type=news&#038;p=655"},"modified":"2024-05-13T06:30:52","modified_gmt":"2024-05-13T04:30:52","slug":"warsztaty-z-tworzenia-zakladek-do-ksiazek","status":"publish","type":"news","link":"https:\/\/pracownieorange.pl\/morag\/news\/warsztaty-z-tworzenia-zakladek-do-ksiazek\/","title":{"rendered":"Warsztaty z tworzenia zak\u0142adek do ksi\u0105\u017cek"},"content":{"rendered":"<div dir=\"auto\">Och, ale\u017c to by\u0142o co\u015b niesamowitego! Na warsztatach z okazji Tygodnia Bibliotek odkryli\u015bmy \u015bwiat tworzenia zak\u0142adek do ksi\u0105\u017cek! Ca\u0142a sala t\u0119tni\u0142a energi\u0105 kreatywno\u015bci, gdy razem zg\u0142\u0119biali\u015bmy tajniki sztuki grafiki wektorowej i obrabiania jej za pomoc\u0105 plotera laserowego w sklejce.<\/div>\n<div dir=\"auto\">Robili\u015bmy cuda na tych warsztatach! Od abstrakcyjnych wzor\u00f3w po personalizowane motywy, ka\u017cda zak\u0142adka by\u0142a ma\u0142ym dzie\u0142em sztuki, kt\u00f3re emanowa\u0142o pasj\u0105 do czytania i tworzenia.<\/div>\n<div dir=\"auto\">Dzi\u0119kujemy wszystkim uczestnikom za ich zaanga\u017cowanie, entuzjazm i wyj\u0105tkow\u0105 kreatywno\u015b\u0107! Niech te zak\u0142adki b\u0119d\u0105 nie tylko ozdob\u0105 ksi\u0105\u017cek, ale r\u00f3wnie\u017c drogowskazami prowadz\u0105cymi przez \u015bwiat literatury!<\/div>\n","protected":false},"excerpt":{"rendered":"<p>Och, ale\u017c to by\u0142o co\u015b niesamowitego! Na warsztatach z okazji [&hellip;]<\/p>\n","protected":false},"author":220,"featured_media":656,"comment_status":"open","ping_status":"closed","template":"","class_list":["post-655","news","type-news","status-publish","has-post-thumbnail","hentry"],"acf":[],"yoast_head":"<!-- This site is optimized with the Yoast SEO plugin v24.5 - https:\/\/yoast.com\/wordpress\/plugins\/seo\/ -->\n<title>Warsztaty z tworzenia zak\u0142adek do ksi\u0105\u017cek - Pracownia Orange Mor\u0105g<\/title>\n<meta name=\"robots\" content=\"index, follow, max-snippet:-1, max-image-preview:large, max-video-preview:-1\" \/>\n<link rel=\"canonical\" href=\"https:\/\/pracownieorange.pl\/morag\/news\/warsztaty-z-tworzenia-zakladek-do-ksiazek\/\" \/>\n<meta property=\"og:locale\" content=\"pl_PL\" \/>\n<meta property=\"og:type\" content=\"article\" \/>\n<meta property=\"og:title\" content=\"Warsztaty z tworzenia zak\u0142adek do ksi\u0105\u017cek - Pracownia Orange Mor\u0105g\" \/>\n<meta property=\"og:description\" content=\"Och, ale\u017c to by\u0142o co\u015b niesamowitego! Na warsztatach z okazji [&hellip;]\" \/>\n<meta property=\"og:url\" content=\"https:\/\/pracownieorange.pl\/morag\/news\/warsztaty-z-tworzenia-zakladek-do-ksiazek\/\" \/>\n<meta property=\"og:site_name\" content=\"Pracownia Orange Mor\u0105g\" \/>\n<meta property=\"article:modified_time\" content=\"2024-05-13T04:30:52+00:00\" \/>\n<meta property=\"og:image\" content=\"https:\/\/pracownieorange.pl\/app\/uploads\/sites\/112\/2024\/05\/Projekt-bez-nazwy.jpg\" \/>\n\t<meta property=\"og:image:width\" content=\"1024\" \/>\n\t<meta property=\"og:image:height\" content=\"724\" \/>\n\t<meta property=\"og:image:type\" content=\"image\/jpeg\" \/>\n<meta name=\"twitter:card\" content=\"summary_large_image\" \/>\n<meta name=\"twitter:label1\" content=\"Est. reading time\" \/>\n\t<meta name=\"twitter:data1\" content=\"1 minuta\" \/>\n<script type=\"application\/ld+json\" class=\"yoast-schema-graph\">{\"@context\":\"https:\/\/schema.org\",\"@graph\":[{\"@type\":\"WebPage\",\"@id\":\"https:\/\/pracownieorange.pl\/morag\/news\/warsztaty-z-tworzenia-zakladek-do-ksiazek\/\",\"url\":\"https:\/\/pracownieorange.pl\/morag\/news\/warsztaty-z-tworzenia-zakladek-do-ksiazek\/\",\"name\":\"Warsztaty z tworzenia zak\u0142adek do ksi\u0105\u017cek - Pracownia Orange Mor\u0105g\",\"isPartOf\":{\"@id\":\"https:\/\/pracownieorange.pl\/morag\/#website\"},\"primaryImageOfPage\":{\"@id\":\"https:\/\/pracownieorange.pl\/morag\/news\/warsztaty-z-tworzenia-zakladek-do-ksiazek\/#primaryimage\"},\"image\":{\"@id\":\"https:\/\/pracownieorange.pl\/morag\/news\/warsztaty-z-tworzenia-zakladek-do-ksiazek\/#primaryimage\"},\"thumbnailUrl\":\"https:\/\/pracownieorange.pl\/app\/uploads\/sites\/112\/2024\/05\/Projekt-bez-nazwy.jpg\",\"datePublished\":\"2024-05-11T10:39:44+00:00\",\"dateModified\":\"2024-05-13T04:30:52+00:00\",\"breadcrumb\":{\"@id\":\"https:\/\/pracownieorange.pl\/morag\/news\/warsztaty-z-tworzenia-zakladek-do-ksiazek\/#breadcrumb\"},\"inLanguage\":\"pl-PL\",\"potentialAction\":[{\"@type\":\"ReadAction\",\"target\":[\"https:\/\/pracownieorange.pl\/morag\/news\/warsztaty-z-tworzenia-zakladek-do-ksiazek\/\"]}]},{\"@type\":\"ImageObject\",\"inLanguage\":\"pl-PL\",\"@id\":\"https:\/\/pracownieorange.pl\/morag\/news\/warsztaty-z-tworzenia-zakladek-do-ksiazek\/#primaryimage\",\"url\":\"https:\/\/pracownieorange.pl\/app\/uploads\/sites\/112\/2024\/05\/Projekt-bez-nazwy.jpg\",\"contentUrl\":\"https:\/\/pracownieorange.pl\/app\/uploads\/sites\/112\/2024\/05\/Projekt-bez-nazwy.jpg\",\"width\":1024,\"height\":724,\"caption\":\"Kola\u017c z 9 zdj\u0119\u0107 d\u0142oni trzymaj\u0105cych drewniane zdobione zak\u0142adki do ksi\u0105\u017cek\"},{\"@type\":\"BreadcrumbList\",\"@id\":\"https:\/\/pracownieorange.pl\/morag\/news\/warsztaty-z-tworzenia-zakladek-do-ksiazek\/#breadcrumb\",\"itemListElement\":[{\"@type\":\"ListItem\",\"position\":1,\"name\":\"Home\",\"item\":\"https:\/\/pracownieorange.pl\/morag\/\"},{\"@type\":\"ListItem\",\"position\":2,\"name\":\"Aktualno\u015bci\",\"item\":\"https:\/\/pracownieorange.pl\/morag\/news\/\"},{\"@type\":\"ListItem\",\"position\":3,\"name\":\"Warsztaty z tworzenia zak\u0142adek do ksi\u0105\u017cek\"}]},{\"@type\":\"WebSite\",\"@id\":\"https:\/\/pracownieorange.pl\/morag\/#website\",\"url\":\"https:\/\/pracownieorange.pl\/morag\/\",\"name\":\"Pracownia Orange Mor\u0105g\",\"description\":\"\",\"potentialAction\":[{\"@type\":\"SearchAction\",\"target\":{\"@type\":\"EntryPoint\",\"urlTemplate\":\"https:\/\/pracownieorange.pl\/morag\/?s={search_term_string}\"},\"query-input\":{\"@type\":\"PropertyValueSpecification\",\"valueRequired\":true,\"valueName\":\"search_term_string\"}}],\"inLanguage\":\"pl-PL\"}]}<\/script>\n<!-- \/ Yoast SEO plugin. -->","yoast_head_json":{"title":"Warsztaty z tworzenia zak\u0142adek do ksi\u0105\u017cek - Pracownia Orange Mor\u0105g","robots":{"index":"index","follow":"follow","max-snippet":"max-snippet:-1","max-image-preview":"max-image-preview:large","max-video-preview":"max-video-preview:-1"},"canonical":"https:\/\/pracownieorange.pl\/morag\/news\/warsztaty-z-tworzenia-zakladek-do-ksiazek\/","og_locale":"pl_PL","og_type":"article","og_title":"Warsztaty z tworzenia zak\u0142adek do ksi\u0105\u017cek - Pracownia Orange Mor\u0105g","og_description":"Och, ale\u017c to by\u0142o co\u015b niesamowitego! Na warsztatach z okazji [&hellip;]","og_url":"https:\/\/pracownieorange.pl\/morag\/news\/warsztaty-z-tworzenia-zakladek-do-ksiazek\/","og_site_name":"Pracownia Orange Mor\u0105g","article_modified_time":"2024-05-13T04:30:52+00:00","og_image":[{"width":1024,"height":724,"url":"https:\/\/pracownieorange.pl\/app\/uploads\/sites\/112\/2024\/05\/Projekt-bez-nazwy.jpg","type":"image\/jpeg"}],"twitter_card":"summary_large_image","twitter_misc":{"Est. reading time":"1 minuta"},"schema":{"@context":"https:\/\/schema.org","@graph":[{"@type":"WebPage","@id":"https:\/\/pracownieorange.pl\/morag\/news\/warsztaty-z-tworzenia-zakladek-do-ksiazek\/","url":"https:\/\/pracownieorange.pl\/morag\/news\/warsztaty-z-tworzenia-zakladek-do-ksiazek\/","name":"Warsztaty z tworzenia zak\u0142adek do ksi\u0105\u017cek - Pracownia Orange Mor\u0105g","isPartOf":{"@id":"https:\/\/pracownieorange.pl\/morag\/#website"},"primaryImageOfPage":{"@id":"https:\/\/pracownieorange.pl\/morag\/news\/warsztaty-z-tworzenia-zakladek-do-ksiazek\/#primaryimage"},"image":{"@id":"https:\/\/pracownieorange.pl\/morag\/news\/warsztaty-z-tworzenia-zakladek-do-ksiazek\/#primaryimage"},"thumbnailUrl":"https:\/\/pracownieorange.pl\/app\/uploads\/sites\/112\/2024\/05\/Projekt-bez-nazwy.jpg","datePublished":"2024-05-11T10:39:44+00:00","dateModified":"2024-05-13T04:30:52+00:00","breadcrumb":{"@id":"https:\/\/pracownieorange.pl\/morag\/news\/warsztaty-z-tworzenia-zakladek-do-ksiazek\/#breadcrumb"},"inLanguage":"pl-PL","potentialAction":[{"@type":"ReadAction","target":["https:\/\/pracownieorange.pl\/morag\/news\/warsztaty-z-tworzenia-zakladek-do-ksiazek\/"]}]},{"@type":"ImageObject","inLanguage":"pl-PL","@id":"https:\/\/pracownieorange.pl\/morag\/news\/warsztaty-z-tworzenia-zakladek-do-ksiazek\/#primaryimage","url":"https:\/\/pracownieorange.pl\/app\/uploads\/sites\/112\/2024\/05\/Projekt-bez-nazwy.jpg","contentUrl":"https:\/\/pracownieorange.pl\/app\/uploads\/sites\/112\/2024\/05\/Projekt-bez-nazwy.jpg","width":1024,"height":724,"caption":"Kola\u017c z 9 zdj\u0119\u0107 d\u0142oni trzymaj\u0105cych drewniane zdobione zak\u0142adki do ksi\u0105\u017cek"},{"@type":"BreadcrumbList","@id":"https:\/\/pracownieorange.pl\/morag\/news\/warsztaty-z-tworzenia-zakladek-do-ksiazek\/#breadcrumb","itemListElement":[{"@type":"ListItem","position":1,"name":"Home","item":"https:\/\/pracownieorange.pl\/morag\/"},{"@type":"ListItem","position":2,"name":"Aktualno\u015bci","item":"https:\/\/pracownieorange.pl\/morag\/news\/"},{"@type":"ListItem","position":3,"name":"Warsztaty z tworzenia zak\u0142adek do ksi\u0105\u017cek"}]},{"@type":"WebSite","@id":"https:\/\/pracownieorange.pl\/morag\/#website","url":"https:\/\/pracownieorange.pl\/morag\/","name":"Pracownia Orange Mor\u0105g","description":"","potentialAction":[{"@type":"SearchAction","target":{"@type":"EntryPoint","urlTemplate":"https:\/\/pracownieorange.pl\/morag\/?s={search_term_string}"},"query-input":{"@type":"PropertyValueSpecification","valueRequired":true,"valueName":"search_term_string"}}],"inLanguage":"pl-PL"}]}},"_links":{"self":[{"href":"https:\/\/pracownieorange.pl\/morag\/wp-json\/wp\/v2\/news\/655","targetHints":{"allow":["GET"]}}],"collection":[{"href":"https:\/\/pracownieorange.pl\/morag\/wp-json\/wp\/v2\/news"}],"about":[{"href":"https:\/\/pracownieorange.pl\/morag\/wp-json\/wp\/v2\/types\/news"}],"author":[{"embeddable":true,"href":"https:\/\/pracownieorange.pl\/morag\/wp-json\/wp\/v2\/users\/220"}],"replies":[{"embeddable":true,"href":"https:\/\/pracownieorange.pl\/morag\/wp-json\/wp\/v2\/comments?post=655"}],"wp:featuredmedia":[{"embeddable":true,"href":"https:\/\/pracownieorange.pl\/morag\/wp-json\/wp\/v2\/media\/656"}],"wp:attachment":[{"href":"https:\/\/pracownieorange.pl\/morag\/wp-json\/wp\/v2\/media?parent=655"}],"curies":[{"name":"wp","href":"https:\/\/api.w.org\/{rel}","templated":true}]}}