

{"id":604,"date":"2024-04-19T14:12:43","date_gmt":"2024-04-19T12:12:43","guid":{"rendered":"https:\/\/pracownieorange.pl\/morag\/?post_type=news&#038;p=604"},"modified":"2024-04-22T13:42:00","modified_gmt":"2024-04-22T11:42:00","slug":"szwalnia-sztuki-podstawowej-szyjemy-fartuszki","status":"publish","type":"news","link":"https:\/\/pracownieorange.pl\/morag\/news\/szwalnia-sztuki-podstawowej-szyjemy-fartuszki\/","title":{"rendered":"Szwalnia Sztuki Podstawowej &#8211; szyjemy fartuszki"},"content":{"rendered":"<p>Cieszymy si\u0119, \u017ce mogli\u015bmy by\u0107 \u015bwiadkami kolejnych udanych warsztat\u00f3w krawieckich, kt\u00f3re odby\u0142y si\u0119 w Pracowni Orange naszej biblioteki w Mor\u0105gu, w ramach cyklu Szwalnia Sztuki Podstawowej. Tym razem nasze utalentowane panie skupi\u0142y si\u0119 na szyciu praktycznych i stylowych fartuch\u00f3w kuchennych. Atmosfera by\u0142a wyj\u0105tkowo przyjazna i tw\u00f3rcza. Uczestniczki, pod czujnym okiem instruktorki, poznawa\u0142y tajniki szycia oraz zdobywa\u0142y praktyczne umiej\u0119tno\u015bci. W trakcie warsztat\u00f3w panowa\u0142a atmosfera pe\u0142na entuzjazmu i zaanga\u017cowania. Efekty pracy nie pozostawi\u0142y w\u0105tpliwo\u015bci \u2013 wszystkim uczestnikom uda\u0142o si\u0119 stworzy\u0107 pi\u0119kne, funkcjonalne fartuchy kuchenne, kt\u00f3re z pewno\u015bci\u0105 b\u0119d\u0105 doskona\u0142ym dodatkiem do ich kuchennych przyg\u00f3d. Mamy nadziej\u0119, \u017ce spotkamy si\u0119 ponownie przy kolejnych projektach krawieckich organizowanych przez nasz\u0105 bibliotek\u0119! Zach\u0119camy do \u015bledzenia naszej strony internetowej oraz medi\u00f3w spo\u0142eczno\u015bciowych, aby by\u0107 na bie\u017c\u0105co z naszymi wydarzeniami i mo\u017cliwo\u015bciami uczestnictwa w kolejnych warsztatach.<\/p>\n","protected":false},"excerpt":{"rendered":"<p>Cieszymy si\u0119, \u017ce mogli\u015bmy by\u0107 \u015bwiadkami kolejnych udanych warsztat\u00f3w krawieckich, [&hellip;]<\/p>\n","protected":false},"author":220,"featured_media":608,"comment_status":"open","ping_status":"closed","template":"","class_list":["post-604","news","type-news","status-publish","has-post-thumbnail","hentry"],"acf":[],"yoast_head":"<!-- This site is optimized with the Yoast SEO plugin v24.5 - https:\/\/yoast.com\/wordpress\/plugins\/seo\/ -->\n<title>Szwalnia Sztuki Podstawowej - szyjemy fartuszki - Pracownia Orange Mor\u0105g<\/title>\n<meta name=\"robots\" content=\"index, follow, max-snippet:-1, max-image-preview:large, max-video-preview:-1\" \/>\n<link rel=\"canonical\" href=\"https:\/\/pracownieorange.pl\/morag\/news\/szwalnia-sztuki-podstawowej-szyjemy-fartuszki\/\" \/>\n<meta property=\"og:locale\" content=\"pl_PL\" \/>\n<meta property=\"og:type\" content=\"article\" \/>\n<meta property=\"og:title\" content=\"Szwalnia Sztuki Podstawowej - szyjemy fartuszki - Pracownia Orange Mor\u0105g\" \/>\n<meta property=\"og:description\" content=\"Cieszymy si\u0119, \u017ce mogli\u015bmy by\u0107 \u015bwiadkami kolejnych udanych warsztat\u00f3w krawieckich, [&hellip;]\" \/>\n<meta property=\"og:url\" content=\"https:\/\/pracownieorange.pl\/morag\/news\/szwalnia-sztuki-podstawowej-szyjemy-fartuszki\/\" \/>\n<meta property=\"og:site_name\" content=\"Pracownia Orange Mor\u0105g\" \/>\n<meta property=\"article:modified_time\" content=\"2024-04-22T11:42:00+00:00\" \/>\n<meta property=\"og:image\" content=\"https:\/\/pracownieorange.pl\/app\/uploads\/sites\/112\/2024\/04\/20240418_165621.jpg\" \/>\n\t<meta property=\"og:image:width\" content=\"1024\" \/>\n\t<meta property=\"og:image:height\" content=\"768\" \/>\n\t<meta property=\"og:image:type\" content=\"image\/jpeg\" \/>\n<meta name=\"twitter:card\" content=\"summary_large_image\" \/>\n<meta name=\"twitter:label1\" content=\"Est. reading time\" \/>\n\t<meta name=\"twitter:data1\" content=\"1 minuta\" \/>\n<script type=\"application\/ld+json\" class=\"yoast-schema-graph\">{\"@context\":\"https:\/\/schema.org\",\"@graph\":[{\"@type\":\"WebPage\",\"@id\":\"https:\/\/pracownieorange.pl\/morag\/news\/szwalnia-sztuki-podstawowej-szyjemy-fartuszki\/\",\"url\":\"https:\/\/pracownieorange.pl\/morag\/news\/szwalnia-sztuki-podstawowej-szyjemy-fartuszki\/\",\"name\":\"Szwalnia Sztuki Podstawowej - szyjemy fartuszki - Pracownia Orange Mor\u0105g\",\"isPartOf\":{\"@id\":\"https:\/\/pracownieorange.pl\/morag\/#website\"},\"primaryImageOfPage\":{\"@id\":\"https:\/\/pracownieorange.pl\/morag\/news\/szwalnia-sztuki-podstawowej-szyjemy-fartuszki\/#primaryimage\"},\"image\":{\"@id\":\"https:\/\/pracownieorange.pl\/morag\/news\/szwalnia-sztuki-podstawowej-szyjemy-fartuszki\/#primaryimage\"},\"thumbnailUrl\":\"https:\/\/pracownieorange.pl\/app\/uploads\/sites\/112\/2024\/04\/20240418_165621.jpg\",\"datePublished\":\"2024-04-19T12:12:43+00:00\",\"dateModified\":\"2024-04-22T11:42:00+00:00\",\"breadcrumb\":{\"@id\":\"https:\/\/pracownieorange.pl\/morag\/news\/szwalnia-sztuki-podstawowej-szyjemy-fartuszki\/#breadcrumb\"},\"inLanguage\":\"pl-PL\",\"potentialAction\":[{\"@type\":\"ReadAction\",\"target\":[\"https:\/\/pracownieorange.pl\/morag\/news\/szwalnia-sztuki-podstawowej-szyjemy-fartuszki\/\"]}]},{\"@type\":\"ImageObject\",\"inLanguage\":\"pl-PL\",\"@id\":\"https:\/\/pracownieorange.pl\/morag\/news\/szwalnia-sztuki-podstawowej-szyjemy-fartuszki\/#primaryimage\",\"url\":\"https:\/\/pracownieorange.pl\/app\/uploads\/sites\/112\/2024\/04\/20240418_165621.jpg\",\"contentUrl\":\"https:\/\/pracownieorange.pl\/app\/uploads\/sites\/112\/2024\/04\/20240418_165621.jpg\",\"width\":1024,\"height\":768,\"caption\":\"dwie kobiety siedz\u0105 ty\u0142em, szyj\u0105 na maszynach\"},{\"@type\":\"BreadcrumbList\",\"@id\":\"https:\/\/pracownieorange.pl\/morag\/news\/szwalnia-sztuki-podstawowej-szyjemy-fartuszki\/#breadcrumb\",\"itemListElement\":[{\"@type\":\"ListItem\",\"position\":1,\"name\":\"Home\",\"item\":\"https:\/\/pracownieorange.pl\/morag\/\"},{\"@type\":\"ListItem\",\"position\":2,\"name\":\"Aktualno\u015bci\",\"item\":\"https:\/\/pracownieorange.pl\/morag\/news\/\"},{\"@type\":\"ListItem\",\"position\":3,\"name\":\"Szwalnia Sztuki Podstawowej &#8211; szyjemy fartuszki\"}]},{\"@type\":\"WebSite\",\"@id\":\"https:\/\/pracownieorange.pl\/morag\/#website\",\"url\":\"https:\/\/pracownieorange.pl\/morag\/\",\"name\":\"Pracownia Orange Mor\u0105g\",\"description\":\"\",\"potentialAction\":[{\"@type\":\"SearchAction\",\"target\":{\"@type\":\"EntryPoint\",\"urlTemplate\":\"https:\/\/pracownieorange.pl\/morag\/?s={search_term_string}\"},\"query-input\":{\"@type\":\"PropertyValueSpecification\",\"valueRequired\":true,\"valueName\":\"search_term_string\"}}],\"inLanguage\":\"pl-PL\"}]}<\/script>\n<!-- \/ Yoast SEO plugin. -->","yoast_head_json":{"title":"Szwalnia Sztuki Podstawowej - szyjemy fartuszki - Pracownia Orange Mor\u0105g","robots":{"index":"index","follow":"follow","max-snippet":"max-snippet:-1","max-image-preview":"max-image-preview:large","max-video-preview":"max-video-preview:-1"},"canonical":"https:\/\/pracownieorange.pl\/morag\/news\/szwalnia-sztuki-podstawowej-szyjemy-fartuszki\/","og_locale":"pl_PL","og_type":"article","og_title":"Szwalnia Sztuki Podstawowej - szyjemy fartuszki - Pracownia Orange Mor\u0105g","og_description":"Cieszymy si\u0119, \u017ce mogli\u015bmy by\u0107 \u015bwiadkami kolejnych udanych warsztat\u00f3w krawieckich, [&hellip;]","og_url":"https:\/\/pracownieorange.pl\/morag\/news\/szwalnia-sztuki-podstawowej-szyjemy-fartuszki\/","og_site_name":"Pracownia Orange Mor\u0105g","article_modified_time":"2024-04-22T11:42:00+00:00","og_image":[{"width":1024,"height":768,"url":"https:\/\/pracownieorange.pl\/app\/uploads\/sites\/112\/2024\/04\/20240418_165621.jpg","type":"image\/jpeg"}],"twitter_card":"summary_large_image","twitter_misc":{"Est. reading time":"1 minuta"},"schema":{"@context":"https:\/\/schema.org","@graph":[{"@type":"WebPage","@id":"https:\/\/pracownieorange.pl\/morag\/news\/szwalnia-sztuki-podstawowej-szyjemy-fartuszki\/","url":"https:\/\/pracownieorange.pl\/morag\/news\/szwalnia-sztuki-podstawowej-szyjemy-fartuszki\/","name":"Szwalnia Sztuki Podstawowej - szyjemy fartuszki - Pracownia Orange Mor\u0105g","isPartOf":{"@id":"https:\/\/pracownieorange.pl\/morag\/#website"},"primaryImageOfPage":{"@id":"https:\/\/pracownieorange.pl\/morag\/news\/szwalnia-sztuki-podstawowej-szyjemy-fartuszki\/#primaryimage"},"image":{"@id":"https:\/\/pracownieorange.pl\/morag\/news\/szwalnia-sztuki-podstawowej-szyjemy-fartuszki\/#primaryimage"},"thumbnailUrl":"https:\/\/pracownieorange.pl\/app\/uploads\/sites\/112\/2024\/04\/20240418_165621.jpg","datePublished":"2024-04-19T12:12:43+00:00","dateModified":"2024-04-22T11:42:00+00:00","breadcrumb":{"@id":"https:\/\/pracownieorange.pl\/morag\/news\/szwalnia-sztuki-podstawowej-szyjemy-fartuszki\/#breadcrumb"},"inLanguage":"pl-PL","potentialAction":[{"@type":"ReadAction","target":["https:\/\/pracownieorange.pl\/morag\/news\/szwalnia-sztuki-podstawowej-szyjemy-fartuszki\/"]}]},{"@type":"ImageObject","inLanguage":"pl-PL","@id":"https:\/\/pracownieorange.pl\/morag\/news\/szwalnia-sztuki-podstawowej-szyjemy-fartuszki\/#primaryimage","url":"https:\/\/pracownieorange.pl\/app\/uploads\/sites\/112\/2024\/04\/20240418_165621.jpg","contentUrl":"https:\/\/pracownieorange.pl\/app\/uploads\/sites\/112\/2024\/04\/20240418_165621.jpg","width":1024,"height":768,"caption":"dwie kobiety siedz\u0105 ty\u0142em, szyj\u0105 na maszynach"},{"@type":"BreadcrumbList","@id":"https:\/\/pracownieorange.pl\/morag\/news\/szwalnia-sztuki-podstawowej-szyjemy-fartuszki\/#breadcrumb","itemListElement":[{"@type":"ListItem","position":1,"name":"Home","item":"https:\/\/pracownieorange.pl\/morag\/"},{"@type":"ListItem","position":2,"name":"Aktualno\u015bci","item":"https:\/\/pracownieorange.pl\/morag\/news\/"},{"@type":"ListItem","position":3,"name":"Szwalnia Sztuki Podstawowej &#8211; szyjemy fartuszki"}]},{"@type":"WebSite","@id":"https:\/\/pracownieorange.pl\/morag\/#website","url":"https:\/\/pracownieorange.pl\/morag\/","name":"Pracownia Orange Mor\u0105g","description":"","potentialAction":[{"@type":"SearchAction","target":{"@type":"EntryPoint","urlTemplate":"https:\/\/pracownieorange.pl\/morag\/?s={search_term_string}"},"query-input":{"@type":"PropertyValueSpecification","valueRequired":true,"valueName":"search_term_string"}}],"inLanguage":"pl-PL"}]}},"_links":{"self":[{"href":"https:\/\/pracownieorange.pl\/morag\/wp-json\/wp\/v2\/news\/604","targetHints":{"allow":["GET"]}}],"collection":[{"href":"https:\/\/pracownieorange.pl\/morag\/wp-json\/wp\/v2\/news"}],"about":[{"href":"https:\/\/pracownieorange.pl\/morag\/wp-json\/wp\/v2\/types\/news"}],"author":[{"embeddable":true,"href":"https:\/\/pracownieorange.pl\/morag\/wp-json\/wp\/v2\/users\/220"}],"replies":[{"embeddable":true,"href":"https:\/\/pracownieorange.pl\/morag\/wp-json\/wp\/v2\/comments?post=604"}],"wp:featuredmedia":[{"embeddable":true,"href":"https:\/\/pracownieorange.pl\/morag\/wp-json\/wp\/v2\/media\/608"}],"wp:attachment":[{"href":"https:\/\/pracownieorange.pl\/morag\/wp-json\/wp\/v2\/media?parent=604"}],"curies":[{"name":"wp","href":"https:\/\/api.w.org\/{rel}","templated":true}]}}