

{"id":581,"date":"2024-04-16T13:34:52","date_gmt":"2024-04-16T11:34:52","guid":{"rendered":"https:\/\/pracownieorange.pl\/morag\/?post_type=news&#038;p=581"},"modified":"2024-04-22T13:46:22","modified_gmt":"2024-04-22T11:46:22","slug":"prelekcja-o-pracowni-orange-na-wojewodzkiej-konferencji","status":"publish","type":"news","link":"https:\/\/pracownieorange.pl\/morag\/news\/prelekcja-o-pracowni-orange-na-wojewodzkiej-konferencji\/","title":{"rendered":"Prelekcja o Pracowni Orange na wojew\u00f3dzkiej konferencji"},"content":{"rendered":"<p>W zesz\u0142ym tygodniu mia\u0142y\u015bmy ogromn\u0105 przyjemno\u015b\u0107 uczestniczy\u0107 w dorocznej konferencji Wojew\u00f3dzkiej Biblioteki Publicznej w Olsztynie pt. \u201eCo za nami, co przed nami?\u201d organizowanej dla kadry zarz\u0105dzaj\u0105cej bibliotek publicznych wojew\u00f3dztwa warmi\u0144sko-mazurskiego. Nasza kole\u017canka Paulina mia\u0142a ogromn\u0105 przyjemno\u015b\u0107 wyst\u0105pi\u0107 na tej konferencji i opowiedzie\u0107 o historii powstawania Dzia\u0142u dla M\u0142odzie\u017cy NASTKA i Pracowni Orange oraz o tym jak obecnie funkcjonuj\u0105. To du\u017cy stres m\u00f3wi\u0107 do tak zacnego grona, ale kilka \u017carcik\u00f3w p\u00f3\u017aniej opowie\u015b\u0107 p\u0142yn\u0119\u0142a ju\u017c sama. Oczywi\u015bcie Paulina nie mog\u0142a si\u0119 powstrzyma\u0107, \u017ceby nie strzeli\u0107 swojego popisowego selfika, kt\u00f3rego cz\u0119sto robi gdy ma okazj\u0119 by\u0107 prelegentk\u0105. Wyst\u0105pienie zosta\u0142o pozytywnie odebrane o czym mo\u017ce \u015bwiadczy\u0107 fakt, \u017ce po zako\u0144czeniu konferencji wr\u0119cz utworzy\u0142a si\u0119 do nas kolejka aby pogratulowa\u0107 nam dzia\u0142a\u0144 i dopyta\u0107 o szczeg\u00f3\u0142y.<\/p>\n","protected":false},"excerpt":{"rendered":"<p>W zesz\u0142ym tygodniu mia\u0142y\u015bmy ogromn\u0105 przyjemno\u015b\u0107 uczestniczy\u0107 w dorocznej konferencji [&hellip;]<\/p>\n","protected":false},"author":220,"featured_media":591,"comment_status":"open","ping_status":"closed","template":"","class_list":["post-581","news","type-news","status-publish","has-post-thumbnail","hentry"],"acf":[],"yoast_head":"<!-- This site is optimized with the Yoast SEO plugin v24.5 - https:\/\/yoast.com\/wordpress\/plugins\/seo\/ -->\n<title>Prelekcja o Pracowni Orange na wojew\u00f3dzkiej konferencji - Pracownia Orange Mor\u0105g<\/title>\n<meta name=\"robots\" content=\"index, follow, max-snippet:-1, max-image-preview:large, max-video-preview:-1\" \/>\n<link rel=\"canonical\" href=\"https:\/\/pracownieorange.pl\/morag\/news\/prelekcja-o-pracowni-orange-na-wojewodzkiej-konferencji\/\" \/>\n<meta property=\"og:locale\" content=\"pl_PL\" \/>\n<meta property=\"og:type\" content=\"article\" \/>\n<meta property=\"og:title\" content=\"Prelekcja o Pracowni Orange na wojew\u00f3dzkiej konferencji - Pracownia Orange Mor\u0105g\" \/>\n<meta property=\"og:description\" content=\"W zesz\u0142ym tygodniu mia\u0142y\u015bmy ogromn\u0105 przyjemno\u015b\u0107 uczestniczy\u0107 w dorocznej konferencji [&hellip;]\" \/>\n<meta property=\"og:url\" content=\"https:\/\/pracownieorange.pl\/morag\/news\/prelekcja-o-pracowni-orange-na-wojewodzkiej-konferencji\/\" \/>\n<meta property=\"og:site_name\" content=\"Pracownia Orange Mor\u0105g\" \/>\n<meta property=\"article:modified_time\" content=\"2024-04-22T11:46:22+00:00\" \/>\n<meta property=\"og:image\" content=\"https:\/\/pracownieorange.pl\/app\/uploads\/sites\/112\/2024\/04\/a95a545b-3322-417d-bdf2-d202b8def5c4-e1713513959446.jpg\" \/>\n\t<meta property=\"og:image:width\" content=\"1365\" \/>\n\t<meta property=\"og:image:height\" content=\"1024\" \/>\n\t<meta property=\"og:image:type\" content=\"image\/jpeg\" \/>\n<meta name=\"twitter:card\" content=\"summary_large_image\" \/>\n<meta name=\"twitter:label1\" content=\"Est. reading time\" \/>\n\t<meta name=\"twitter:data1\" content=\"1 minuta\" \/>\n<script type=\"application\/ld+json\" class=\"yoast-schema-graph\">{\"@context\":\"https:\/\/schema.org\",\"@graph\":[{\"@type\":\"WebPage\",\"@id\":\"https:\/\/pracownieorange.pl\/morag\/news\/prelekcja-o-pracowni-orange-na-wojewodzkiej-konferencji\/\",\"url\":\"https:\/\/pracownieorange.pl\/morag\/news\/prelekcja-o-pracowni-orange-na-wojewodzkiej-konferencji\/\",\"name\":\"Prelekcja o Pracowni Orange na wojew\u00f3dzkiej konferencji - Pracownia Orange Mor\u0105g\",\"isPartOf\":{\"@id\":\"https:\/\/pracownieorange.pl\/morag\/#website\"},\"primaryImageOfPage\":{\"@id\":\"https:\/\/pracownieorange.pl\/morag\/news\/prelekcja-o-pracowni-orange-na-wojewodzkiej-konferencji\/#primaryimage\"},\"image\":{\"@id\":\"https:\/\/pracownieorange.pl\/morag\/news\/prelekcja-o-pracowni-orange-na-wojewodzkiej-konferencji\/#primaryimage\"},\"thumbnailUrl\":\"https:\/\/pracownieorange.pl\/app\/uploads\/sites\/112\/2024\/04\/a95a545b-3322-417d-bdf2-d202b8def5c4-e1713513959446.jpg\",\"datePublished\":\"2024-04-16T11:34:52+00:00\",\"dateModified\":\"2024-04-22T11:46:22+00:00\",\"breadcrumb\":{\"@id\":\"https:\/\/pracownieorange.pl\/morag\/news\/prelekcja-o-pracowni-orange-na-wojewodzkiej-konferencji\/#breadcrumb\"},\"inLanguage\":\"pl-PL\",\"potentialAction\":[{\"@type\":\"ReadAction\",\"target\":[\"https:\/\/pracownieorange.pl\/morag\/news\/prelekcja-o-pracowni-orange-na-wojewodzkiej-konferencji\/\"]}]},{\"@type\":\"ImageObject\",\"inLanguage\":\"pl-PL\",\"@id\":\"https:\/\/pracownieorange.pl\/morag\/news\/prelekcja-o-pracowni-orange-na-wojewodzkiej-konferencji\/#primaryimage\",\"url\":\"https:\/\/pracownieorange.pl\/app\/uploads\/sites\/112\/2024\/04\/a95a545b-3322-417d-bdf2-d202b8def5c4-e1713513959446.jpg\",\"contentUrl\":\"https:\/\/pracownieorange.pl\/app\/uploads\/sites\/112\/2024\/04\/a95a545b-3322-417d-bdf2-d202b8def5c4-e1713513959446.jpg\",\"width\":1365,\"height\":1024,\"caption\":\"Zdj\u0119cie selfie, na pierwszym planie u\u015bmiechni\u0119ta kobieta, za ni\u0105 grupa os\u00f3b siedzi na krzes\u0142ach i i gestami wyra\u017ca aprobat\u0119\"},{\"@type\":\"BreadcrumbList\",\"@id\":\"https:\/\/pracownieorange.pl\/morag\/news\/prelekcja-o-pracowni-orange-na-wojewodzkiej-konferencji\/#breadcrumb\",\"itemListElement\":[{\"@type\":\"ListItem\",\"position\":1,\"name\":\"Home\",\"item\":\"https:\/\/pracownieorange.pl\/morag\/\"},{\"@type\":\"ListItem\",\"position\":2,\"name\":\"Aktualno\u015bci\",\"item\":\"https:\/\/pracownieorange.pl\/morag\/news\/\"},{\"@type\":\"ListItem\",\"position\":3,\"name\":\"Prelekcja o Pracowni Orange na wojew\u00f3dzkiej konferencji\"}]},{\"@type\":\"WebSite\",\"@id\":\"https:\/\/pracownieorange.pl\/morag\/#website\",\"url\":\"https:\/\/pracownieorange.pl\/morag\/\",\"name\":\"Pracownia Orange Mor\u0105g\",\"description\":\"\",\"potentialAction\":[{\"@type\":\"SearchAction\",\"target\":{\"@type\":\"EntryPoint\",\"urlTemplate\":\"https:\/\/pracownieorange.pl\/morag\/?s={search_term_string}\"},\"query-input\":{\"@type\":\"PropertyValueSpecification\",\"valueRequired\":true,\"valueName\":\"search_term_string\"}}],\"inLanguage\":\"pl-PL\"}]}<\/script>\n<!-- \/ Yoast SEO plugin. -->","yoast_head_json":{"title":"Prelekcja o Pracowni Orange na wojew\u00f3dzkiej konferencji - Pracownia Orange Mor\u0105g","robots":{"index":"index","follow":"follow","max-snippet":"max-snippet:-1","max-image-preview":"max-image-preview:large","max-video-preview":"max-video-preview:-1"},"canonical":"https:\/\/pracownieorange.pl\/morag\/news\/prelekcja-o-pracowni-orange-na-wojewodzkiej-konferencji\/","og_locale":"pl_PL","og_type":"article","og_title":"Prelekcja o Pracowni Orange na wojew\u00f3dzkiej konferencji - Pracownia Orange Mor\u0105g","og_description":"W zesz\u0142ym tygodniu mia\u0142y\u015bmy ogromn\u0105 przyjemno\u015b\u0107 uczestniczy\u0107 w dorocznej konferencji [&hellip;]","og_url":"https:\/\/pracownieorange.pl\/morag\/news\/prelekcja-o-pracowni-orange-na-wojewodzkiej-konferencji\/","og_site_name":"Pracownia Orange Mor\u0105g","article_modified_time":"2024-04-22T11:46:22+00:00","og_image":[{"width":1365,"height":1024,"url":"https:\/\/pracownieorange.pl\/app\/uploads\/sites\/112\/2024\/04\/a95a545b-3322-417d-bdf2-d202b8def5c4-e1713513959446.jpg","type":"image\/jpeg"}],"twitter_card":"summary_large_image","twitter_misc":{"Est. reading time":"1 minuta"},"schema":{"@context":"https:\/\/schema.org","@graph":[{"@type":"WebPage","@id":"https:\/\/pracownieorange.pl\/morag\/news\/prelekcja-o-pracowni-orange-na-wojewodzkiej-konferencji\/","url":"https:\/\/pracownieorange.pl\/morag\/news\/prelekcja-o-pracowni-orange-na-wojewodzkiej-konferencji\/","name":"Prelekcja o Pracowni Orange na wojew\u00f3dzkiej konferencji - Pracownia Orange Mor\u0105g","isPartOf":{"@id":"https:\/\/pracownieorange.pl\/morag\/#website"},"primaryImageOfPage":{"@id":"https:\/\/pracownieorange.pl\/morag\/news\/prelekcja-o-pracowni-orange-na-wojewodzkiej-konferencji\/#primaryimage"},"image":{"@id":"https:\/\/pracownieorange.pl\/morag\/news\/prelekcja-o-pracowni-orange-na-wojewodzkiej-konferencji\/#primaryimage"},"thumbnailUrl":"https:\/\/pracownieorange.pl\/app\/uploads\/sites\/112\/2024\/04\/a95a545b-3322-417d-bdf2-d202b8def5c4-e1713513959446.jpg","datePublished":"2024-04-16T11:34:52+00:00","dateModified":"2024-04-22T11:46:22+00:00","breadcrumb":{"@id":"https:\/\/pracownieorange.pl\/morag\/news\/prelekcja-o-pracowni-orange-na-wojewodzkiej-konferencji\/#breadcrumb"},"inLanguage":"pl-PL","potentialAction":[{"@type":"ReadAction","target":["https:\/\/pracownieorange.pl\/morag\/news\/prelekcja-o-pracowni-orange-na-wojewodzkiej-konferencji\/"]}]},{"@type":"ImageObject","inLanguage":"pl-PL","@id":"https:\/\/pracownieorange.pl\/morag\/news\/prelekcja-o-pracowni-orange-na-wojewodzkiej-konferencji\/#primaryimage","url":"https:\/\/pracownieorange.pl\/app\/uploads\/sites\/112\/2024\/04\/a95a545b-3322-417d-bdf2-d202b8def5c4-e1713513959446.jpg","contentUrl":"https:\/\/pracownieorange.pl\/app\/uploads\/sites\/112\/2024\/04\/a95a545b-3322-417d-bdf2-d202b8def5c4-e1713513959446.jpg","width":1365,"height":1024,"caption":"Zdj\u0119cie selfie, na pierwszym planie u\u015bmiechni\u0119ta kobieta, za ni\u0105 grupa os\u00f3b siedzi na krzes\u0142ach i i gestami wyra\u017ca aprobat\u0119"},{"@type":"BreadcrumbList","@id":"https:\/\/pracownieorange.pl\/morag\/news\/prelekcja-o-pracowni-orange-na-wojewodzkiej-konferencji\/#breadcrumb","itemListElement":[{"@type":"ListItem","position":1,"name":"Home","item":"https:\/\/pracownieorange.pl\/morag\/"},{"@type":"ListItem","position":2,"name":"Aktualno\u015bci","item":"https:\/\/pracownieorange.pl\/morag\/news\/"},{"@type":"ListItem","position":3,"name":"Prelekcja o Pracowni Orange na wojew\u00f3dzkiej konferencji"}]},{"@type":"WebSite","@id":"https:\/\/pracownieorange.pl\/morag\/#website","url":"https:\/\/pracownieorange.pl\/morag\/","name":"Pracownia Orange Mor\u0105g","description":"","potentialAction":[{"@type":"SearchAction","target":{"@type":"EntryPoint","urlTemplate":"https:\/\/pracownieorange.pl\/morag\/?s={search_term_string}"},"query-input":{"@type":"PropertyValueSpecification","valueRequired":true,"valueName":"search_term_string"}}],"inLanguage":"pl-PL"}]}},"_links":{"self":[{"href":"https:\/\/pracownieorange.pl\/morag\/wp-json\/wp\/v2\/news\/581","targetHints":{"allow":["GET"]}}],"collection":[{"href":"https:\/\/pracownieorange.pl\/morag\/wp-json\/wp\/v2\/news"}],"about":[{"href":"https:\/\/pracownieorange.pl\/morag\/wp-json\/wp\/v2\/types\/news"}],"author":[{"embeddable":true,"href":"https:\/\/pracownieorange.pl\/morag\/wp-json\/wp\/v2\/users\/220"}],"replies":[{"embeddable":true,"href":"https:\/\/pracownieorange.pl\/morag\/wp-json\/wp\/v2\/comments?post=581"}],"wp:featuredmedia":[{"embeddable":true,"href":"https:\/\/pracownieorange.pl\/morag\/wp-json\/wp\/v2\/media\/591"}],"wp:attachment":[{"href":"https:\/\/pracownieorange.pl\/morag\/wp-json\/wp\/v2\/media?parent=581"}],"curies":[{"name":"wp","href":"https:\/\/api.w.org\/{rel}","templated":true}]}}