

{"id":2313,"date":"2025-07-11T19:36:53","date_gmt":"2025-07-11T17:36:53","guid":{"rendered":"https:\/\/pracownieorange.pl\/morag\/?post_type=news&#038;p=2313"},"modified":"2025-07-12T00:05:54","modified_gmt":"2025-07-11T22:05:54","slug":"dziesiaty-ostatni-dzien-warsztatow-ekokreacje-od-odpadow-do-sztuki","status":"publish","type":"news","link":"https:\/\/pracownieorange.pl\/morag\/news\/dziesiaty-ostatni-dzien-warsztatow-ekokreacje-od-odpadow-do-sztuki\/","title":{"rendered":"Dziesi\u0105ty, ostatni dzie\u0144 warsztat\u00f3w \u201eEkokreacje \u2013 od odpad\u00f3w do sztuki\u201d!"},"content":{"rendered":"<div class=\"xdj266r x14z9mp xat24cr x1lziwak x1vvkbs x126k92a\">\n<div dir=\"auto\">Dzi\u015b odby\u0142a si\u0119 druga cz\u0119\u015b\u0107 naszej wyj\u0105tkowej sesji zdj\u0119ciowej, kt\u00f3ra by\u0142a pi\u0119knym zwie\u0144czeniem ca\u0142ej tej niesamowitej, kreatywnej przygody.<\/div>\n<\/div>\n<div class=\"x14z9mp xat24cr x1lziwak x1vvkbs xtlvy1s x126k92a\">\n<div dir=\"auto\">Koordynatorka projektu\u2026 c\u00f3\u017c, a\u017c poczu\u0142a wzruszenie, bo jak tu si\u0119 nie wzruszy\u0107, widz\u0105c, jak m\u0142odzie\u017c \u015bwietnie poradzi\u0142a sobie na ka\u017cdym etapie \u2014 od projektowania, przez mozolne wykonanie, a\u017c po pozowanie przed obiektywem?<\/div>\n<\/div>\n<div class=\"x14z9mp xat24cr x1lziwak x1vvkbs xtlvy1s x126k92a\">\n<div dir=\"auto\">To by\u0142 naprawd\u0119 rewelacyjny projekt, pe\u0142en energii, odwagi i ogromu tw\u00f3rczej pasji.<\/div>\n<\/div>\n<div class=\"x14z9mp xat24cr x1lziwak x1vvkbs xtlvy1s x126k92a\">\n<div dir=\"auto\">Teraz z niecierpliwo\u015bci\u0105 czekamy na efekty w postaci wystawy, kt\u00f3r\u0105 ju\u017c wkr\u00f3tce zaprezentujemy w Galerii Mi\u0119dzy Ksi\u0105\u017ckami. Zobaczycie na niej, jak niesamowite rzeczy mo\u017cna stworzy\u0107 z \u201eodpad\u00f3w\u201d.<\/div>\n<\/div>\n<div class=\"x14z9mp xat24cr x1lziwak x1vvkbs xtlvy1s x126k92a\">\n<div dir=\"auto\"><\/div>\n<div dir=\"auto\">Projekt jest realizowany dzi\u0119ki wsparciu <span class=\"html-span xdj266r x14z9mp xat24cr x1lziwak xexx8yu xyri2b x18d9i69 x1c1uobl x1hl2dhg x16tdsg8 x1vvkbs\"><span class=\"xt0psk2\"><span class=\"xjp7ctv\">Fundacja Orange<\/span><\/span><\/span> w ramach programu ekogrant\u00f3w.<\/div>\n<\/div>\n","protected":false},"excerpt":{"rendered":"<p>Dzi\u015b odby\u0142a si\u0119 druga cz\u0119\u015b\u0107 naszej wyj\u0105tkowej sesji zdj\u0119ciowej, kt\u00f3ra [&hellip;]<\/p>\n","protected":false},"author":220,"featured_media":2311,"comment_status":"open","ping_status":"closed","template":"","class_list":["post-2313","news","type-news","status-publish","has-post-thumbnail","hentry"],"acf":[],"yoast_head":"<!-- This site is optimized with the Yoast SEO plugin v24.5 - https:\/\/yoast.com\/wordpress\/plugins\/seo\/ -->\n<title>Dziesi\u0105ty, ostatni dzie\u0144 warsztat\u00f3w \u201eEkokreacje \u2013 od odpad\u00f3w do sztuki\u201d! - Pracownia Orange Mor\u0105g<\/title>\n<meta name=\"robots\" content=\"index, follow, max-snippet:-1, max-image-preview:large, max-video-preview:-1\" \/>\n<link rel=\"canonical\" href=\"https:\/\/pracownieorange.pl\/morag\/news\/dziesiaty-ostatni-dzien-warsztatow-ekokreacje-od-odpadow-do-sztuki\/\" \/>\n<meta property=\"og:locale\" content=\"pl_PL\" \/>\n<meta property=\"og:type\" content=\"article\" \/>\n<meta property=\"og:title\" content=\"Dziesi\u0105ty, ostatni dzie\u0144 warsztat\u00f3w \u201eEkokreacje \u2013 od odpad\u00f3w do sztuki\u201d! - Pracownia Orange Mor\u0105g\" \/>\n<meta property=\"og:description\" content=\"Dzi\u015b odby\u0142a si\u0119 druga cz\u0119\u015b\u0107 naszej wyj\u0105tkowej sesji zdj\u0119ciowej, kt\u00f3ra [&hellip;]\" \/>\n<meta property=\"og:url\" content=\"https:\/\/pracownieorange.pl\/morag\/news\/dziesiaty-ostatni-dzien-warsztatow-ekokreacje-od-odpadow-do-sztuki\/\" \/>\n<meta property=\"og:site_name\" content=\"Pracownia Orange Mor\u0105g\" \/>\n<meta property=\"article:modified_time\" content=\"2025-07-11T22:05:54+00:00\" \/>\n<meta property=\"og:image\" content=\"https:\/\/pracownieorange.pl\/app\/uploads\/sites\/112\/2025\/07\/EkoKreacje-9-scaled.jpg\" \/>\n\t<meta property=\"og:image:width\" content=\"2560\" \/>\n\t<meta property=\"og:image:height\" content=\"1519\" \/>\n\t<meta property=\"og:image:type\" content=\"image\/jpeg\" \/>\n<meta name=\"twitter:card\" content=\"summary_large_image\" \/>\n<meta name=\"twitter:label1\" content=\"Est. reading time\" \/>\n\t<meta name=\"twitter:data1\" content=\"1 minuta\" \/>\n<script type=\"application\/ld+json\" class=\"yoast-schema-graph\">{\"@context\":\"https:\/\/schema.org\",\"@graph\":[{\"@type\":\"WebPage\",\"@id\":\"https:\/\/pracownieorange.pl\/morag\/news\/dziesiaty-ostatni-dzien-warsztatow-ekokreacje-od-odpadow-do-sztuki\/\",\"url\":\"https:\/\/pracownieorange.pl\/morag\/news\/dziesiaty-ostatni-dzien-warsztatow-ekokreacje-od-odpadow-do-sztuki\/\",\"name\":\"Dziesi\u0105ty, ostatni dzie\u0144 warsztat\u00f3w \u201eEkokreacje \u2013 od odpad\u00f3w do sztuki\u201d! - Pracownia Orange Mor\u0105g\",\"isPartOf\":{\"@id\":\"https:\/\/pracownieorange.pl\/morag\/#website\"},\"primaryImageOfPage\":{\"@id\":\"https:\/\/pracownieorange.pl\/morag\/news\/dziesiaty-ostatni-dzien-warsztatow-ekokreacje-od-odpadow-do-sztuki\/#primaryimage\"},\"image\":{\"@id\":\"https:\/\/pracownieorange.pl\/morag\/news\/dziesiaty-ostatni-dzien-warsztatow-ekokreacje-od-odpadow-do-sztuki\/#primaryimage\"},\"thumbnailUrl\":\"https:\/\/pracownieorange.pl\/app\/uploads\/sites\/112\/2025\/07\/EkoKreacje-9-scaled.jpg\",\"datePublished\":\"2025-07-11T17:36:53+00:00\",\"dateModified\":\"2025-07-11T22:05:54+00:00\",\"breadcrumb\":{\"@id\":\"https:\/\/pracownieorange.pl\/morag\/news\/dziesiaty-ostatni-dzien-warsztatow-ekokreacje-od-odpadow-do-sztuki\/#breadcrumb\"},\"inLanguage\":\"pl-PL\",\"potentialAction\":[{\"@type\":\"ReadAction\",\"target\":[\"https:\/\/pracownieorange.pl\/morag\/news\/dziesiaty-ostatni-dzien-warsztatow-ekokreacje-od-odpadow-do-sztuki\/\"]}]},{\"@type\":\"ImageObject\",\"inLanguage\":\"pl-PL\",\"@id\":\"https:\/\/pracownieorange.pl\/morag\/news\/dziesiaty-ostatni-dzien-warsztatow-ekokreacje-od-odpadow-do-sztuki\/#primaryimage\",\"url\":\"https:\/\/pracownieorange.pl\/app\/uploads\/sites\/112\/2025\/07\/EkoKreacje-9-scaled.jpg\",\"contentUrl\":\"https:\/\/pracownieorange.pl\/app\/uploads\/sites\/112\/2025\/07\/EkoKreacje-9-scaled.jpg\",\"width\":2560,\"height\":1519,\"caption\":\"rafika promuj\u0105ca Ekokreacje, dzie\u0144 10, z trzema modelkami w kreatywnych nakryciach g\u0142owy z recyklingowych materia\u0142\u00f3w.\"},{\"@type\":\"BreadcrumbList\",\"@id\":\"https:\/\/pracownieorange.pl\/morag\/news\/dziesiaty-ostatni-dzien-warsztatow-ekokreacje-od-odpadow-do-sztuki\/#breadcrumb\",\"itemListElement\":[{\"@type\":\"ListItem\",\"position\":1,\"name\":\"Home\",\"item\":\"https:\/\/pracownieorange.pl\/morag\/\"},{\"@type\":\"ListItem\",\"position\":2,\"name\":\"Aktualno\u015bci\",\"item\":\"https:\/\/pracownieorange.pl\/morag\/news\/\"},{\"@type\":\"ListItem\",\"position\":3,\"name\":\"Dziesi\u0105ty, ostatni dzie\u0144 warsztat\u00f3w \u201eEkokreacje \u2013 od odpad\u00f3w do sztuki\u201d!\"}]},{\"@type\":\"WebSite\",\"@id\":\"https:\/\/pracownieorange.pl\/morag\/#website\",\"url\":\"https:\/\/pracownieorange.pl\/morag\/\",\"name\":\"Pracownia Orange Mor\u0105g\",\"description\":\"\",\"potentialAction\":[{\"@type\":\"SearchAction\",\"target\":{\"@type\":\"EntryPoint\",\"urlTemplate\":\"https:\/\/pracownieorange.pl\/morag\/?s={search_term_string}\"},\"query-input\":{\"@type\":\"PropertyValueSpecification\",\"valueRequired\":true,\"valueName\":\"search_term_string\"}}],\"inLanguage\":\"pl-PL\"}]}<\/script>\n<!-- \/ Yoast SEO plugin. -->","yoast_head_json":{"title":"Dziesi\u0105ty, ostatni dzie\u0144 warsztat\u00f3w \u201eEkokreacje \u2013 od odpad\u00f3w do sztuki\u201d! - Pracownia Orange Mor\u0105g","robots":{"index":"index","follow":"follow","max-snippet":"max-snippet:-1","max-image-preview":"max-image-preview:large","max-video-preview":"max-video-preview:-1"},"canonical":"https:\/\/pracownieorange.pl\/morag\/news\/dziesiaty-ostatni-dzien-warsztatow-ekokreacje-od-odpadow-do-sztuki\/","og_locale":"pl_PL","og_type":"article","og_title":"Dziesi\u0105ty, ostatni dzie\u0144 warsztat\u00f3w \u201eEkokreacje \u2013 od odpad\u00f3w do sztuki\u201d! - Pracownia Orange Mor\u0105g","og_description":"Dzi\u015b odby\u0142a si\u0119 druga cz\u0119\u015b\u0107 naszej wyj\u0105tkowej sesji zdj\u0119ciowej, kt\u00f3ra [&hellip;]","og_url":"https:\/\/pracownieorange.pl\/morag\/news\/dziesiaty-ostatni-dzien-warsztatow-ekokreacje-od-odpadow-do-sztuki\/","og_site_name":"Pracownia Orange Mor\u0105g","article_modified_time":"2025-07-11T22:05:54+00:00","og_image":[{"width":2560,"height":1519,"url":"https:\/\/pracownieorange.pl\/app\/uploads\/sites\/112\/2025\/07\/EkoKreacje-9-scaled.jpg","type":"image\/jpeg"}],"twitter_card":"summary_large_image","twitter_misc":{"Est. reading time":"1 minuta"},"schema":{"@context":"https:\/\/schema.org","@graph":[{"@type":"WebPage","@id":"https:\/\/pracownieorange.pl\/morag\/news\/dziesiaty-ostatni-dzien-warsztatow-ekokreacje-od-odpadow-do-sztuki\/","url":"https:\/\/pracownieorange.pl\/morag\/news\/dziesiaty-ostatni-dzien-warsztatow-ekokreacje-od-odpadow-do-sztuki\/","name":"Dziesi\u0105ty, ostatni dzie\u0144 warsztat\u00f3w \u201eEkokreacje \u2013 od odpad\u00f3w do sztuki\u201d! - Pracownia Orange Mor\u0105g","isPartOf":{"@id":"https:\/\/pracownieorange.pl\/morag\/#website"},"primaryImageOfPage":{"@id":"https:\/\/pracownieorange.pl\/morag\/news\/dziesiaty-ostatni-dzien-warsztatow-ekokreacje-od-odpadow-do-sztuki\/#primaryimage"},"image":{"@id":"https:\/\/pracownieorange.pl\/morag\/news\/dziesiaty-ostatni-dzien-warsztatow-ekokreacje-od-odpadow-do-sztuki\/#primaryimage"},"thumbnailUrl":"https:\/\/pracownieorange.pl\/app\/uploads\/sites\/112\/2025\/07\/EkoKreacje-9-scaled.jpg","datePublished":"2025-07-11T17:36:53+00:00","dateModified":"2025-07-11T22:05:54+00:00","breadcrumb":{"@id":"https:\/\/pracownieorange.pl\/morag\/news\/dziesiaty-ostatni-dzien-warsztatow-ekokreacje-od-odpadow-do-sztuki\/#breadcrumb"},"inLanguage":"pl-PL","potentialAction":[{"@type":"ReadAction","target":["https:\/\/pracownieorange.pl\/morag\/news\/dziesiaty-ostatni-dzien-warsztatow-ekokreacje-od-odpadow-do-sztuki\/"]}]},{"@type":"ImageObject","inLanguage":"pl-PL","@id":"https:\/\/pracownieorange.pl\/morag\/news\/dziesiaty-ostatni-dzien-warsztatow-ekokreacje-od-odpadow-do-sztuki\/#primaryimage","url":"https:\/\/pracownieorange.pl\/app\/uploads\/sites\/112\/2025\/07\/EkoKreacje-9-scaled.jpg","contentUrl":"https:\/\/pracownieorange.pl\/app\/uploads\/sites\/112\/2025\/07\/EkoKreacje-9-scaled.jpg","width":2560,"height":1519,"caption":"rafika promuj\u0105ca Ekokreacje, dzie\u0144 10, z trzema modelkami w kreatywnych nakryciach g\u0142owy z recyklingowych materia\u0142\u00f3w."},{"@type":"BreadcrumbList","@id":"https:\/\/pracownieorange.pl\/morag\/news\/dziesiaty-ostatni-dzien-warsztatow-ekokreacje-od-odpadow-do-sztuki\/#breadcrumb","itemListElement":[{"@type":"ListItem","position":1,"name":"Home","item":"https:\/\/pracownieorange.pl\/morag\/"},{"@type":"ListItem","position":2,"name":"Aktualno\u015bci","item":"https:\/\/pracownieorange.pl\/morag\/news\/"},{"@type":"ListItem","position":3,"name":"Dziesi\u0105ty, ostatni dzie\u0144 warsztat\u00f3w \u201eEkokreacje \u2013 od odpad\u00f3w do sztuki\u201d!"}]},{"@type":"WebSite","@id":"https:\/\/pracownieorange.pl\/morag\/#website","url":"https:\/\/pracownieorange.pl\/morag\/","name":"Pracownia Orange Mor\u0105g","description":"","potentialAction":[{"@type":"SearchAction","target":{"@type":"EntryPoint","urlTemplate":"https:\/\/pracownieorange.pl\/morag\/?s={search_term_string}"},"query-input":{"@type":"PropertyValueSpecification","valueRequired":true,"valueName":"search_term_string"}}],"inLanguage":"pl-PL"}]}},"_links":{"self":[{"href":"https:\/\/pracownieorange.pl\/morag\/wp-json\/wp\/v2\/news\/2313","targetHints":{"allow":["GET"]}}],"collection":[{"href":"https:\/\/pracownieorange.pl\/morag\/wp-json\/wp\/v2\/news"}],"about":[{"href":"https:\/\/pracownieorange.pl\/morag\/wp-json\/wp\/v2\/types\/news"}],"author":[{"embeddable":true,"href":"https:\/\/pracownieorange.pl\/morag\/wp-json\/wp\/v2\/users\/220"}],"replies":[{"embeddable":true,"href":"https:\/\/pracownieorange.pl\/morag\/wp-json\/wp\/v2\/comments?post=2313"}],"wp:featuredmedia":[{"embeddable":true,"href":"https:\/\/pracownieorange.pl\/morag\/wp-json\/wp\/v2\/media\/2311"}],"wp:attachment":[{"href":"https:\/\/pracownieorange.pl\/morag\/wp-json\/wp\/v2\/media?parent=2313"}],"curies":[{"name":"wp","href":"https:\/\/api.w.org\/{rel}","templated":true}]}}