

{"id":2249,"date":"2025-07-03T22:26:40","date_gmt":"2025-07-03T20:26:40","guid":{"rendered":"https:\/\/pracownieorange.pl\/morag\/?post_type=news&#038;p=2249"},"modified":"2025-07-04T15:37:07","modified_gmt":"2025-07-04T13:37:07","slug":"czwarty-dzien-warsztatow-ekokreacje-od-odpadow-do-sztuki","status":"publish","type":"news","link":"https:\/\/pracownieorange.pl\/morag\/news\/czwarty-dzien-warsztatow-ekokreacje-od-odpadow-do-sztuki\/","title":{"rendered":"Czwarty dzie\u0144 warsztat\u00f3w \u201eEkokreacje \u2013 od odpad\u00f3w do sztuki\u201d!\u00a0"},"content":{"rendered":"<div class=\"xdj266r x14z9mp xat24cr x1lziwak x1vvkbs x126k92a\">\n<div dir=\"auto\">Dzi\u015b mo\u017cemy ju\u017c uchyli\u0107 r\u0105bka (recyklingowej) tajemnicy i zdradzi\u0107, co szykuj\u0105 nasze m\u0142ode artystyczne umys\u0142y. A uwierzcie \u2014 dzieje si\u0119 tyle, \u017ce a\u017c trudno nad\u0105\u017cy\u0107!<\/div>\n<div dir=\"auto\"><\/div>\n<div dir=\"auto\">Na pracownianych sto\u0142ach rosn\u0105 prawdziwe cuda:<\/div>\n<\/div>\n<div class=\"x14z9mp xat24cr x1lziwak x1vvkbs xtlvy1s x126k92a\">\n<ul>\n<li dir=\"auto\">Kot bawi\u0105cy si\u0119 sznurkiem \u2014 wygl\u0105da tak s\u0142odko, \u017ce a\u017c chce si\u0119 go pog\u0142aska\u0107.<\/li>\n<li dir=\"auto\">Wielki turban z warkocza ze szmatek \u2014 godny kr\u00f3lowej (albo przynajmniej galaktycznej ksi\u0119\u017cniczki)!<\/li>\n<li dir=\"auto\">Cylinder w stylu Steampunk \u2014 pe\u0142en z\u0119batek, \u0142a\u0144cuszk\u00f3w i tajemniczych detali.<\/li>\n<li dir=\"auto\">Kask z kocimi uszami \u2014 dla tych, kt\u00f3rzy chc\u0105 by\u0107 wojownikiem i mi\u0142o\u015bnikiem mruczenia w jednym.<\/li>\n<li dir=\"auto\">Korona z morskim motywem \u2014 idealna dla w\u0142adcy ocean\u00f3w (albo fanki Arielki).<\/li>\n<li dir=\"auto\">I wreszcie \u2014 mroczna kompozycja z czarnych kwiat\u00f3w, tak tajemnicza, \u017ce a\u017c s\u0142ycha\u0107 gotycki soundtrack w tle.<\/li>\n<\/ul>\n<\/div>\n<div class=\"x14z9mp xat24cr x1lziwak x1vvkbs xtlvy1s x126k92a\">\n<div dir=\"auto\">M\u0142odzie\u017c pracuje z niesamowit\u0105 energi\u0105, a wyobra\u017ania galopuje jak szalony jednoro\u017cec. Cho\u0107 r\u0119ce s\u0105 zm\u0119czone, a ubrania coraz bardziej \u201eartystycznie\u201d poplamione, zapa\u0142 wci\u0105\u017c nie ga\u015bnie.<\/div>\n<\/div>\n<div class=\"x14z9mp xat24cr x1lziwak x1vvkbs xtlvy1s x126k92a\">\n<div dir=\"auto\">Ju\u017c nied\u0142ugo wszystko ujrzy \u015bwiat\u0142o dzienne podczas sesji zdj\u0119ciowej \u2014 a p\u00f3ki co\u2026 \u015bled\u017acie nas dalej i zgadujcie, co jeszcze powstanie!<\/div>\n<div dir=\"auto\"><\/div>\n<div dir=\"auto\">Projekt jest realizowany dzi\u0119ki wsparciu <span class=\"html-span xdj266r x14z9mp xat24cr x1lziwak xexx8yu xyri2b x18d9i69 x1c1uobl x1hl2dhg x16tdsg8 x1vvkbs\"><span class=\"xt0psk2\"><span class=\"xjp7ctv\">Fundacja Orange<\/span><\/span><\/span> w ramach programu ekogrant\u00f3w.<\/div>\n<\/div>\n","protected":false},"excerpt":{"rendered":"<p>Dzi\u015b mo\u017cemy ju\u017c uchyli\u0107 r\u0105bka (recyklingowej) tajemnicy i zdradzi\u0107, co [&hellip;]<\/p>\n","protected":false},"author":220,"featured_media":2248,"comment_status":"open","ping_status":"closed","template":"","class_list":["post-2249","news","type-news","status-publish","has-post-thumbnail","hentry"],"acf":[],"yoast_head":"<!-- This site is optimized with the Yoast SEO plugin v24.5 - https:\/\/yoast.com\/wordpress\/plugins\/seo\/ -->\n<title>Czwarty dzie\u0144 warsztat\u00f3w \u201eEkokreacje \u2013 od odpad\u00f3w do sztuki\u201d!\u00a0 - Pracownia Orange Mor\u0105g<\/title>\n<meta name=\"robots\" content=\"index, follow, max-snippet:-1, max-image-preview:large, max-video-preview:-1\" \/>\n<link rel=\"canonical\" href=\"https:\/\/pracownieorange.pl\/morag\/news\/czwarty-dzien-warsztatow-ekokreacje-od-odpadow-do-sztuki\/\" \/>\n<meta property=\"og:locale\" content=\"pl_PL\" \/>\n<meta property=\"og:type\" content=\"article\" \/>\n<meta property=\"og:title\" content=\"Czwarty dzie\u0144 warsztat\u00f3w \u201eEkokreacje \u2013 od odpad\u00f3w do sztuki\u201d!\u00a0 - Pracownia Orange Mor\u0105g\" \/>\n<meta property=\"og:description\" content=\"Dzi\u015b mo\u017cemy ju\u017c uchyli\u0107 r\u0105bka (recyklingowej) tajemnicy i zdradzi\u0107, co [&hellip;]\" \/>\n<meta property=\"og:url\" content=\"https:\/\/pracownieorange.pl\/morag\/news\/czwarty-dzien-warsztatow-ekokreacje-od-odpadow-do-sztuki\/\" \/>\n<meta property=\"og:site_name\" content=\"Pracownia Orange Mor\u0105g\" \/>\n<meta property=\"article:modified_time\" content=\"2025-07-04T13:37:07+00:00\" \/>\n<meta property=\"og:image\" content=\"https:\/\/pracownieorange.pl\/app\/uploads\/sites\/112\/2025\/07\/EkoKreacje-3.jpg\" \/>\n\t<meta property=\"og:image:width\" content=\"1024\" \/>\n\t<meta property=\"og:image:height\" content=\"607\" \/>\n\t<meta property=\"og:image:type\" content=\"image\/jpeg\" \/>\n<meta name=\"twitter:card\" content=\"summary_large_image\" \/>\n<meta name=\"twitter:label1\" content=\"Est. reading time\" \/>\n\t<meta name=\"twitter:data1\" content=\"2 minuty\" \/>\n<script type=\"application\/ld+json\" class=\"yoast-schema-graph\">{\"@context\":\"https:\/\/schema.org\",\"@graph\":[{\"@type\":\"WebPage\",\"@id\":\"https:\/\/pracownieorange.pl\/morag\/news\/czwarty-dzien-warsztatow-ekokreacje-od-odpadow-do-sztuki\/\",\"url\":\"https:\/\/pracownieorange.pl\/morag\/news\/czwarty-dzien-warsztatow-ekokreacje-od-odpadow-do-sztuki\/\",\"name\":\"Czwarty dzie\u0144 warsztat\u00f3w \u201eEkokreacje \u2013 od odpad\u00f3w do sztuki\u201d!\u00a0 - Pracownia Orange Mor\u0105g\",\"isPartOf\":{\"@id\":\"https:\/\/pracownieorange.pl\/morag\/#website\"},\"primaryImageOfPage\":{\"@id\":\"https:\/\/pracownieorange.pl\/morag\/news\/czwarty-dzien-warsztatow-ekokreacje-od-odpadow-do-sztuki\/#primaryimage\"},\"image\":{\"@id\":\"https:\/\/pracownieorange.pl\/morag\/news\/czwarty-dzien-warsztatow-ekokreacje-od-odpadow-do-sztuki\/#primaryimage\"},\"thumbnailUrl\":\"https:\/\/pracownieorange.pl\/app\/uploads\/sites\/112\/2025\/07\/EkoKreacje-3.jpg\",\"datePublished\":\"2025-07-03T20:26:40+00:00\",\"dateModified\":\"2025-07-04T13:37:07+00:00\",\"breadcrumb\":{\"@id\":\"https:\/\/pracownieorange.pl\/morag\/news\/czwarty-dzien-warsztatow-ekokreacje-od-odpadow-do-sztuki\/#breadcrumb\"},\"inLanguage\":\"pl-PL\",\"potentialAction\":[{\"@type\":\"ReadAction\",\"target\":[\"https:\/\/pracownieorange.pl\/morag\/news\/czwarty-dzien-warsztatow-ekokreacje-od-odpadow-do-sztuki\/\"]}]},{\"@type\":\"ImageObject\",\"inLanguage\":\"pl-PL\",\"@id\":\"https:\/\/pracownieorange.pl\/morag\/news\/czwarty-dzien-warsztatow-ekokreacje-od-odpadow-do-sztuki\/#primaryimage\",\"url\":\"https:\/\/pracownieorange.pl\/app\/uploads\/sites\/112\/2025\/07\/EkoKreacje-3.jpg\",\"contentUrl\":\"https:\/\/pracownieorange.pl\/app\/uploads\/sites\/112\/2025\/07\/EkoKreacje-3.jpg\",\"width\":1024,\"height\":607,\"caption\":\"Plakat \u2018Ekokreacje \u2014 od odpad\u00f3w do sztuki, dzie\u0144 4\u2019; zdj\u0119cia kobiet w nakryciach g\u0142owy z kolorowych tkanin, folii b\u0105belkowej i plastikowych sztu\u0107c\u00f3w.\"},{\"@type\":\"BreadcrumbList\",\"@id\":\"https:\/\/pracownieorange.pl\/morag\/news\/czwarty-dzien-warsztatow-ekokreacje-od-odpadow-do-sztuki\/#breadcrumb\",\"itemListElement\":[{\"@type\":\"ListItem\",\"position\":1,\"name\":\"Home\",\"item\":\"https:\/\/pracownieorange.pl\/morag\/\"},{\"@type\":\"ListItem\",\"position\":2,\"name\":\"Aktualno\u015bci\",\"item\":\"https:\/\/pracownieorange.pl\/morag\/news\/\"},{\"@type\":\"ListItem\",\"position\":3,\"name\":\"Czwarty dzie\u0144 warsztat\u00f3w \u201eEkokreacje \u2013 od odpad\u00f3w do sztuki\u201d!\u00a0\"}]},{\"@type\":\"WebSite\",\"@id\":\"https:\/\/pracownieorange.pl\/morag\/#website\",\"url\":\"https:\/\/pracownieorange.pl\/morag\/\",\"name\":\"Pracownia Orange Mor\u0105g\",\"description\":\"\",\"potentialAction\":[{\"@type\":\"SearchAction\",\"target\":{\"@type\":\"EntryPoint\",\"urlTemplate\":\"https:\/\/pracownieorange.pl\/morag\/?s={search_term_string}\"},\"query-input\":{\"@type\":\"PropertyValueSpecification\",\"valueRequired\":true,\"valueName\":\"search_term_string\"}}],\"inLanguage\":\"pl-PL\"}]}<\/script>\n<!-- \/ Yoast SEO plugin. -->","yoast_head_json":{"title":"Czwarty dzie\u0144 warsztat\u00f3w \u201eEkokreacje \u2013 od odpad\u00f3w do sztuki\u201d!\u00a0 - Pracownia Orange Mor\u0105g","robots":{"index":"index","follow":"follow","max-snippet":"max-snippet:-1","max-image-preview":"max-image-preview:large","max-video-preview":"max-video-preview:-1"},"canonical":"https:\/\/pracownieorange.pl\/morag\/news\/czwarty-dzien-warsztatow-ekokreacje-od-odpadow-do-sztuki\/","og_locale":"pl_PL","og_type":"article","og_title":"Czwarty dzie\u0144 warsztat\u00f3w \u201eEkokreacje \u2013 od odpad\u00f3w do sztuki\u201d!\u00a0 - Pracownia Orange Mor\u0105g","og_description":"Dzi\u015b mo\u017cemy ju\u017c uchyli\u0107 r\u0105bka (recyklingowej) tajemnicy i zdradzi\u0107, co [&hellip;]","og_url":"https:\/\/pracownieorange.pl\/morag\/news\/czwarty-dzien-warsztatow-ekokreacje-od-odpadow-do-sztuki\/","og_site_name":"Pracownia Orange Mor\u0105g","article_modified_time":"2025-07-04T13:37:07+00:00","og_image":[{"width":1024,"height":607,"url":"https:\/\/pracownieorange.pl\/app\/uploads\/sites\/112\/2025\/07\/EkoKreacje-3.jpg","type":"image\/jpeg"}],"twitter_card":"summary_large_image","twitter_misc":{"Est. reading time":"2 minuty"},"schema":{"@context":"https:\/\/schema.org","@graph":[{"@type":"WebPage","@id":"https:\/\/pracownieorange.pl\/morag\/news\/czwarty-dzien-warsztatow-ekokreacje-od-odpadow-do-sztuki\/","url":"https:\/\/pracownieorange.pl\/morag\/news\/czwarty-dzien-warsztatow-ekokreacje-od-odpadow-do-sztuki\/","name":"Czwarty dzie\u0144 warsztat\u00f3w \u201eEkokreacje \u2013 od odpad\u00f3w do sztuki\u201d!\u00a0 - Pracownia Orange Mor\u0105g","isPartOf":{"@id":"https:\/\/pracownieorange.pl\/morag\/#website"},"primaryImageOfPage":{"@id":"https:\/\/pracownieorange.pl\/morag\/news\/czwarty-dzien-warsztatow-ekokreacje-od-odpadow-do-sztuki\/#primaryimage"},"image":{"@id":"https:\/\/pracownieorange.pl\/morag\/news\/czwarty-dzien-warsztatow-ekokreacje-od-odpadow-do-sztuki\/#primaryimage"},"thumbnailUrl":"https:\/\/pracownieorange.pl\/app\/uploads\/sites\/112\/2025\/07\/EkoKreacje-3.jpg","datePublished":"2025-07-03T20:26:40+00:00","dateModified":"2025-07-04T13:37:07+00:00","breadcrumb":{"@id":"https:\/\/pracownieorange.pl\/morag\/news\/czwarty-dzien-warsztatow-ekokreacje-od-odpadow-do-sztuki\/#breadcrumb"},"inLanguage":"pl-PL","potentialAction":[{"@type":"ReadAction","target":["https:\/\/pracownieorange.pl\/morag\/news\/czwarty-dzien-warsztatow-ekokreacje-od-odpadow-do-sztuki\/"]}]},{"@type":"ImageObject","inLanguage":"pl-PL","@id":"https:\/\/pracownieorange.pl\/morag\/news\/czwarty-dzien-warsztatow-ekokreacje-od-odpadow-do-sztuki\/#primaryimage","url":"https:\/\/pracownieorange.pl\/app\/uploads\/sites\/112\/2025\/07\/EkoKreacje-3.jpg","contentUrl":"https:\/\/pracownieorange.pl\/app\/uploads\/sites\/112\/2025\/07\/EkoKreacje-3.jpg","width":1024,"height":607,"caption":"Plakat \u2018Ekokreacje \u2014 od odpad\u00f3w do sztuki, dzie\u0144 4\u2019; zdj\u0119cia kobiet w nakryciach g\u0142owy z kolorowych tkanin, folii b\u0105belkowej i plastikowych sztu\u0107c\u00f3w."},{"@type":"BreadcrumbList","@id":"https:\/\/pracownieorange.pl\/morag\/news\/czwarty-dzien-warsztatow-ekokreacje-od-odpadow-do-sztuki\/#breadcrumb","itemListElement":[{"@type":"ListItem","position":1,"name":"Home","item":"https:\/\/pracownieorange.pl\/morag\/"},{"@type":"ListItem","position":2,"name":"Aktualno\u015bci","item":"https:\/\/pracownieorange.pl\/morag\/news\/"},{"@type":"ListItem","position":3,"name":"Czwarty dzie\u0144 warsztat\u00f3w \u201eEkokreacje \u2013 od odpad\u00f3w do sztuki\u201d!\u00a0"}]},{"@type":"WebSite","@id":"https:\/\/pracownieorange.pl\/morag\/#website","url":"https:\/\/pracownieorange.pl\/morag\/","name":"Pracownia Orange Mor\u0105g","description":"","potentialAction":[{"@type":"SearchAction","target":{"@type":"EntryPoint","urlTemplate":"https:\/\/pracownieorange.pl\/morag\/?s={search_term_string}"},"query-input":{"@type":"PropertyValueSpecification","valueRequired":true,"valueName":"search_term_string"}}],"inLanguage":"pl-PL"}]}},"_links":{"self":[{"href":"https:\/\/pracownieorange.pl\/morag\/wp-json\/wp\/v2\/news\/2249","targetHints":{"allow":["GET"]}}],"collection":[{"href":"https:\/\/pracownieorange.pl\/morag\/wp-json\/wp\/v2\/news"}],"about":[{"href":"https:\/\/pracownieorange.pl\/morag\/wp-json\/wp\/v2\/types\/news"}],"author":[{"embeddable":true,"href":"https:\/\/pracownieorange.pl\/morag\/wp-json\/wp\/v2\/users\/220"}],"replies":[{"embeddable":true,"href":"https:\/\/pracownieorange.pl\/morag\/wp-json\/wp\/v2\/comments?post=2249"}],"wp:featuredmedia":[{"embeddable":true,"href":"https:\/\/pracownieorange.pl\/morag\/wp-json\/wp\/v2\/media\/2248"}],"wp:attachment":[{"href":"https:\/\/pracownieorange.pl\/morag\/wp-json\/wp\/v2\/media?parent=2249"}],"curies":[{"name":"wp","href":"https:\/\/api.w.org\/{rel}","templated":true}]}}