

{"id":203,"date":"2023-12-13T14:29:47","date_gmt":"2023-12-13T13:29:47","guid":{"rendered":"https:\/\/pracownieorange.pl\/morag\/?post_type=news&#038;p=203"},"modified":"2023-12-14T22:41:43","modified_gmt":"2023-12-14T21:41:43","slug":"nocny-maraton-filmowy-z-harcerzami","status":"publish","type":"news","link":"https:\/\/pracownieorange.pl\/morag\/news\/nocny-maraton-filmowy-z-harcerzami\/","title":{"rendered":"Nocny Maraton Filmowy z Harcerzami"},"content":{"rendered":"<p>8. Mor\u0105ska Dru\u017cyna Harcerzy Starszych &#8217; FDDH &#8217; obchodzi\u0142a 8 rocznic\u0119 powstania. 30 druh\u00f3w wybra\u0142o nasz\u0105 bibliotek\u0119 oraz Pracowni\u0119 Orange na miejsce do \u015bwi\u0119towania. Zacz\u0119li od przej\u015bcia mobilnej gry miejskiej &#8222;Pradawne Dziedzictwo&#8221; po Mor\u0105gu, nast\u0119pnie w bibliotece by\u0142 moment na uroczyste \u015bwi\u0119towanie i zjedzenie tortu. Jedn\u0105 z atrakcji by\u0142o wykonanie pami\u0105tkowych breloczk\u00f3w w Makerspace Pracowni Orange. Ch\u0142opcy byli bardzo zainteresowani prac\u0105 plotera laserowego i cieszyli si\u0119, \u017ce mog\u0105 wykona\u0107 sobie breloczki z logo ZHP. Kolejne godziny sp\u0119dzili ogl\u0105daj\u0105c warto\u015bciowe filmy podczas Nocnego Maratonu Filmowego.<\/p>\n","protected":false},"excerpt":{"rendered":"<p>8. Mor\u0105ska Dru\u017cyna Harcerzy Starszych &#8217; FDDH &#8217; obchodzi\u0142a 8 [&hellip;]<\/p>\n","protected":false},"author":220,"featured_media":208,"comment_status":"open","ping_status":"closed","template":"","class_list":["post-203","news","type-news","status-publish","has-post-thumbnail","hentry"],"acf":[],"yoast_head":"<!-- This site is optimized with the Yoast SEO plugin v24.5 - https:\/\/yoast.com\/wordpress\/plugins\/seo\/ -->\n<title>Nocny Maraton Filmowy z Harcerzami - Pracownia Orange Mor\u0105g<\/title>\n<meta name=\"robots\" content=\"index, follow, max-snippet:-1, max-image-preview:large, max-video-preview:-1\" \/>\n<link rel=\"canonical\" href=\"https:\/\/pracownieorange.pl\/morag\/news\/nocny-maraton-filmowy-z-harcerzami\/\" \/>\n<meta property=\"og:locale\" content=\"pl_PL\" \/>\n<meta property=\"og:type\" content=\"article\" \/>\n<meta property=\"og:title\" content=\"Nocny Maraton Filmowy z Harcerzami - Pracownia Orange Mor\u0105g\" \/>\n<meta property=\"og:description\" content=\"8. Mor\u0105ska Dru\u017cyna Harcerzy Starszych &#8217; FDDH &#8217; obchodzi\u0142a 8 [&hellip;]\" \/>\n<meta property=\"og:url\" content=\"https:\/\/pracownieorange.pl\/morag\/news\/nocny-maraton-filmowy-z-harcerzami\/\" \/>\n<meta property=\"og:site_name\" content=\"Pracownia Orange Mor\u0105g\" \/>\n<meta property=\"article:modified_time\" content=\"2023-12-14T21:41:43+00:00\" \/>\n<meta property=\"og:image\" content=\"https:\/\/pracownieorange.pl\/app\/uploads\/sites\/112\/2023\/12\/IMG-20231119-WA0000.jpg\" \/>\n\t<meta property=\"og:image:width\" content=\"788\" \/>\n\t<meta property=\"og:image:height\" content=\"733\" \/>\n\t<meta property=\"og:image:type\" content=\"image\/jpeg\" \/>\n<meta name=\"twitter:card\" content=\"summary_large_image\" \/>\n<meta name=\"twitter:label1\" content=\"Est. reading time\" \/>\n\t<meta name=\"twitter:data1\" content=\"1 minuta\" \/>\n<script type=\"application\/ld+json\" class=\"yoast-schema-graph\">{\"@context\":\"https:\/\/schema.org\",\"@graph\":[{\"@type\":\"WebPage\",\"@id\":\"https:\/\/pracownieorange.pl\/morag\/news\/nocny-maraton-filmowy-z-harcerzami\/\",\"url\":\"https:\/\/pracownieorange.pl\/morag\/news\/nocny-maraton-filmowy-z-harcerzami\/\",\"name\":\"Nocny Maraton Filmowy z Harcerzami - Pracownia Orange Mor\u0105g\",\"isPartOf\":{\"@id\":\"https:\/\/pracownieorange.pl\/morag\/#website\"},\"primaryImageOfPage\":{\"@id\":\"https:\/\/pracownieorange.pl\/morag\/news\/nocny-maraton-filmowy-z-harcerzami\/#primaryimage\"},\"image\":{\"@id\":\"https:\/\/pracownieorange.pl\/morag\/news\/nocny-maraton-filmowy-z-harcerzami\/#primaryimage\"},\"thumbnailUrl\":\"https:\/\/pracownieorange.pl\/app\/uploads\/sites\/112\/2023\/12\/IMG-20231119-WA0000.jpg\",\"datePublished\":\"2023-12-13T13:29:47+00:00\",\"dateModified\":\"2023-12-14T21:41:43+00:00\",\"breadcrumb\":{\"@id\":\"https:\/\/pracownieorange.pl\/morag\/news\/nocny-maraton-filmowy-z-harcerzami\/#breadcrumb\"},\"inLanguage\":\"pl-PL\",\"potentialAction\":[{\"@type\":\"ReadAction\",\"target\":[\"https:\/\/pracownieorange.pl\/morag\/news\/nocny-maraton-filmowy-z-harcerzami\/\"]}]},{\"@type\":\"ImageObject\",\"inLanguage\":\"pl-PL\",\"@id\":\"https:\/\/pracownieorange.pl\/morag\/news\/nocny-maraton-filmowy-z-harcerzami\/#primaryimage\",\"url\":\"https:\/\/pracownieorange.pl\/app\/uploads\/sites\/112\/2023\/12\/IMG-20231119-WA0000.jpg\",\"contentUrl\":\"https:\/\/pracownieorange.pl\/app\/uploads\/sites\/112\/2023\/12\/IMG-20231119-WA0000.jpg\",\"width\":788,\"height\":733,\"caption\":\"Breloczek z logo ZHP ze sklejki\"},{\"@type\":\"BreadcrumbList\",\"@id\":\"https:\/\/pracownieorange.pl\/morag\/news\/nocny-maraton-filmowy-z-harcerzami\/#breadcrumb\",\"itemListElement\":[{\"@type\":\"ListItem\",\"position\":1,\"name\":\"Home\",\"item\":\"https:\/\/pracownieorange.pl\/morag\/\"},{\"@type\":\"ListItem\",\"position\":2,\"name\":\"Aktualno\u015bci\",\"item\":\"https:\/\/pracownieorange.pl\/morag\/news\/\"},{\"@type\":\"ListItem\",\"position\":3,\"name\":\"Nocny Maraton Filmowy z Harcerzami\"}]},{\"@type\":\"WebSite\",\"@id\":\"https:\/\/pracownieorange.pl\/morag\/#website\",\"url\":\"https:\/\/pracownieorange.pl\/morag\/\",\"name\":\"Pracownia Orange Mor\u0105g\",\"description\":\"\",\"potentialAction\":[{\"@type\":\"SearchAction\",\"target\":{\"@type\":\"EntryPoint\",\"urlTemplate\":\"https:\/\/pracownieorange.pl\/morag\/?s={search_term_string}\"},\"query-input\":{\"@type\":\"PropertyValueSpecification\",\"valueRequired\":true,\"valueName\":\"search_term_string\"}}],\"inLanguage\":\"pl-PL\"}]}<\/script>\n<!-- \/ Yoast SEO plugin. -->","yoast_head_json":{"title":"Nocny Maraton Filmowy z Harcerzami - Pracownia Orange Mor\u0105g","robots":{"index":"index","follow":"follow","max-snippet":"max-snippet:-1","max-image-preview":"max-image-preview:large","max-video-preview":"max-video-preview:-1"},"canonical":"https:\/\/pracownieorange.pl\/morag\/news\/nocny-maraton-filmowy-z-harcerzami\/","og_locale":"pl_PL","og_type":"article","og_title":"Nocny Maraton Filmowy z Harcerzami - Pracownia Orange Mor\u0105g","og_description":"8. Mor\u0105ska Dru\u017cyna Harcerzy Starszych &#8217; FDDH &#8217; obchodzi\u0142a 8 [&hellip;]","og_url":"https:\/\/pracownieorange.pl\/morag\/news\/nocny-maraton-filmowy-z-harcerzami\/","og_site_name":"Pracownia Orange Mor\u0105g","article_modified_time":"2023-12-14T21:41:43+00:00","og_image":[{"width":788,"height":733,"url":"https:\/\/pracownieorange.pl\/app\/uploads\/sites\/112\/2023\/12\/IMG-20231119-WA0000.jpg","type":"image\/jpeg"}],"twitter_card":"summary_large_image","twitter_misc":{"Est. reading time":"1 minuta"},"schema":{"@context":"https:\/\/schema.org","@graph":[{"@type":"WebPage","@id":"https:\/\/pracownieorange.pl\/morag\/news\/nocny-maraton-filmowy-z-harcerzami\/","url":"https:\/\/pracownieorange.pl\/morag\/news\/nocny-maraton-filmowy-z-harcerzami\/","name":"Nocny Maraton Filmowy z Harcerzami - Pracownia Orange Mor\u0105g","isPartOf":{"@id":"https:\/\/pracownieorange.pl\/morag\/#website"},"primaryImageOfPage":{"@id":"https:\/\/pracownieorange.pl\/morag\/news\/nocny-maraton-filmowy-z-harcerzami\/#primaryimage"},"image":{"@id":"https:\/\/pracownieorange.pl\/morag\/news\/nocny-maraton-filmowy-z-harcerzami\/#primaryimage"},"thumbnailUrl":"https:\/\/pracownieorange.pl\/app\/uploads\/sites\/112\/2023\/12\/IMG-20231119-WA0000.jpg","datePublished":"2023-12-13T13:29:47+00:00","dateModified":"2023-12-14T21:41:43+00:00","breadcrumb":{"@id":"https:\/\/pracownieorange.pl\/morag\/news\/nocny-maraton-filmowy-z-harcerzami\/#breadcrumb"},"inLanguage":"pl-PL","potentialAction":[{"@type":"ReadAction","target":["https:\/\/pracownieorange.pl\/morag\/news\/nocny-maraton-filmowy-z-harcerzami\/"]}]},{"@type":"ImageObject","inLanguage":"pl-PL","@id":"https:\/\/pracownieorange.pl\/morag\/news\/nocny-maraton-filmowy-z-harcerzami\/#primaryimage","url":"https:\/\/pracownieorange.pl\/app\/uploads\/sites\/112\/2023\/12\/IMG-20231119-WA0000.jpg","contentUrl":"https:\/\/pracownieorange.pl\/app\/uploads\/sites\/112\/2023\/12\/IMG-20231119-WA0000.jpg","width":788,"height":733,"caption":"Breloczek z logo ZHP ze sklejki"},{"@type":"BreadcrumbList","@id":"https:\/\/pracownieorange.pl\/morag\/news\/nocny-maraton-filmowy-z-harcerzami\/#breadcrumb","itemListElement":[{"@type":"ListItem","position":1,"name":"Home","item":"https:\/\/pracownieorange.pl\/morag\/"},{"@type":"ListItem","position":2,"name":"Aktualno\u015bci","item":"https:\/\/pracownieorange.pl\/morag\/news\/"},{"@type":"ListItem","position":3,"name":"Nocny Maraton Filmowy z Harcerzami"}]},{"@type":"WebSite","@id":"https:\/\/pracownieorange.pl\/morag\/#website","url":"https:\/\/pracownieorange.pl\/morag\/","name":"Pracownia Orange Mor\u0105g","description":"","potentialAction":[{"@type":"SearchAction","target":{"@type":"EntryPoint","urlTemplate":"https:\/\/pracownieorange.pl\/morag\/?s={search_term_string}"},"query-input":{"@type":"PropertyValueSpecification","valueRequired":true,"valueName":"search_term_string"}}],"inLanguage":"pl-PL"}]}},"_links":{"self":[{"href":"https:\/\/pracownieorange.pl\/morag\/wp-json\/wp\/v2\/news\/203","targetHints":{"allow":["GET"]}}],"collection":[{"href":"https:\/\/pracownieorange.pl\/morag\/wp-json\/wp\/v2\/news"}],"about":[{"href":"https:\/\/pracownieorange.pl\/morag\/wp-json\/wp\/v2\/types\/news"}],"author":[{"embeddable":true,"href":"https:\/\/pracownieorange.pl\/morag\/wp-json\/wp\/v2\/users\/220"}],"replies":[{"embeddable":true,"href":"https:\/\/pracownieorange.pl\/morag\/wp-json\/wp\/v2\/comments?post=203"}],"wp:featuredmedia":[{"embeddable":true,"href":"https:\/\/pracownieorange.pl\/morag\/wp-json\/wp\/v2\/media\/208"}],"wp:attachment":[{"href":"https:\/\/pracownieorange.pl\/morag\/wp-json\/wp\/v2\/media?parent=203"}],"curies":[{"name":"wp","href":"https:\/\/api.w.org\/{rel}","templated":true}]}}