

{"id":1968,"date":"2025-03-18T12:26:18","date_gmt":"2025-03-18T11:26:18","guid":{"rendered":"https:\/\/pracownieorange.pl\/morag\/?post_type=news&#038;p=1968"},"modified":"2025-03-18T20:43:16","modified_gmt":"2025-03-18T19:43:16","slug":"wernisaz-wystawy-slady-duszy-i-warsztat-wielkanocny","status":"publish","type":"news","link":"https:\/\/pracownieorange.pl\/morag\/news\/wernisaz-wystawy-slady-duszy-i-warsztat-wielkanocny\/","title":{"rendered":"Wernisa\u017c wystawy \u015alady Duszy i warsztat wielkanocny"},"content":{"rendered":"<p>W Mor\u0105skiej Pracowni Orange, mieli\u015bmy przyjemno\u015b\u0107 go\u015bci\u0107 klas\u0119 7 ze Szko\u0142y Podstawowej nr 2, kt\u00f3ra przyby\u0142a, aby uczestniczy\u0107 w niezwyk\u0142ym wydarzeniu \u0142\u0105cz\u0105cym sztuk\u0119 z nowoczesnymi technologiami. Uczniowie przyszli na wernisa\u017c wystawy <a href=\"https:\/\/www.bibliotekamorag.pl\/2025\/03\/slady-duszy-wystawa-igi-zrobczynskiej-w-nastce\/\">\u201e\u015alady Duszy\u201d<\/a>\u00a0swojej kole\u017canki, Igi Zrobczy\u0144skiej, kt\u00f3rej prace s\u0105 aktualnie prezentowane w Galerii Mi\u0119dzy Ksi\u0105\u017ckami a\u017c do ko\u0144ca marca, wzbudzaj\u0105c zachwyt i podziw dzi\u0119ki jej niezwyk\u0142emu talentowi. Atmosfera by\u0142a pe\u0142na artystycznej inspiracji, a drobny pocz\u0119stunek przygotowany przez Ig\u0119 doda\u0142 wydarzeniu autentycznego klimatu prawdziwego wernisa\u017cu. Nast\u0119pnie m\u0142odzie\u017c przyst\u0105pi\u0142a do warsztat\u00f3w techniczno-plastycznych, podczas kt\u00f3rych uczestnicy wykonali ozdobne koszyczki ze sklejki, idealne zar\u00f3wno na \u015bwi\u0105teczne s\u0142odko\u015bci, jak i jako wyj\u0105tkowa dekoracja. P\u00f3\u0142produkty, przygotowane na nowoczesnym ploterze laserowym, umo\u017cliwi\u0142y m\u0142odym tw\u00f3rcom zapoznanie si\u0119 z zasadami \u0142\u0105czenia tradycyjnych technik r\u0119kodzielniczych z wykorzystaniem wsp\u00f3\u0142czesnych technologii. W kameralnej, pe\u0142nej tw\u00f3rczej energii atmosferze, ka\u017cdy z uczestnik\u00f3w m\u00f3g\u0142 wyrazi\u0107 swoj\u0105 kreatywno\u015b\u0107, tworz\u0105c niepowtarzalne ozdoby, kt\u00f3re na zawsze pozostan\u0105 pi\u0119knym wspomnieniem z wielkanocnych przygotowa\u0144. Dzi\u0119kujemy serdecznie Idze za udost\u0119pnienie swojej wystawy oraz uczniom za aktywny udzia\u0142, dzi\u0119ki kt\u00f3remu to wydarzenie sta\u0142o si\u0119 niezapomnian\u0105 lekcj\u0105 sztuki, pasji i nowoczesnych technologii.<\/p>\n","protected":false},"excerpt":{"rendered":"<p>W Mor\u0105skiej Pracowni Orange, mieli\u015bmy przyjemno\u015b\u0107 go\u015bci\u0107 klas\u0119 7 ze [&hellip;]<\/p>\n","protected":false},"author":220,"featured_media":1969,"comment_status":"open","ping_status":"closed","template":"","class_list":["post-1968","news","type-news","status-publish","has-post-thumbnail","hentry"],"acf":[],"yoast_head":"<!-- This site is optimized with the Yoast SEO plugin v24.5 - https:\/\/yoast.com\/wordpress\/plugins\/seo\/ -->\n<title>Wernisa\u017c wystawy \u015alady Duszy i warsztat wielkanocny - Pracownia Orange Mor\u0105g<\/title>\n<meta name=\"robots\" content=\"index, follow, max-snippet:-1, max-image-preview:large, max-video-preview:-1\" \/>\n<link rel=\"canonical\" href=\"https:\/\/pracownieorange.pl\/morag\/news\/wernisaz-wystawy-slady-duszy-i-warsztat-wielkanocny\/\" \/>\n<meta property=\"og:locale\" content=\"pl_PL\" \/>\n<meta property=\"og:type\" content=\"article\" \/>\n<meta property=\"og:title\" content=\"Wernisa\u017c wystawy \u015alady Duszy i warsztat wielkanocny - Pracownia Orange Mor\u0105g\" \/>\n<meta property=\"og:description\" content=\"W Mor\u0105skiej Pracowni Orange, mieli\u015bmy przyjemno\u015b\u0107 go\u015bci\u0107 klas\u0119 7 ze [&hellip;]\" \/>\n<meta property=\"og:url\" content=\"https:\/\/pracownieorange.pl\/morag\/news\/wernisaz-wystawy-slady-duszy-i-warsztat-wielkanocny\/\" \/>\n<meta property=\"og:site_name\" content=\"Pracownia Orange Mor\u0105g\" \/>\n<meta property=\"article:modified_time\" content=\"2025-03-18T19:43:16+00:00\" \/>\n<meta property=\"og:image\" content=\"https:\/\/pracownieorange.pl\/app\/uploads\/sites\/112\/2025\/03\/8ef7ac7b-2228-4801-b542-7ede705b6647.jpg\" \/>\n\t<meta property=\"og:image:width\" content=\"1024\" \/>\n\t<meta property=\"og:image:height\" content=\"768\" \/>\n\t<meta property=\"og:image:type\" content=\"image\/jpeg\" \/>\n<meta name=\"twitter:card\" content=\"summary_large_image\" \/>\n<meta name=\"twitter:label1\" content=\"Est. reading time\" \/>\n\t<meta name=\"twitter:data1\" content=\"2 minuty\" \/>\n<script type=\"application\/ld+json\" class=\"yoast-schema-graph\">{\"@context\":\"https:\/\/schema.org\",\"@graph\":[{\"@type\":\"WebPage\",\"@id\":\"https:\/\/pracownieorange.pl\/morag\/news\/wernisaz-wystawy-slady-duszy-i-warsztat-wielkanocny\/\",\"url\":\"https:\/\/pracownieorange.pl\/morag\/news\/wernisaz-wystawy-slady-duszy-i-warsztat-wielkanocny\/\",\"name\":\"Wernisa\u017c wystawy \u015alady Duszy i warsztat wielkanocny - Pracownia Orange Mor\u0105g\",\"isPartOf\":{\"@id\":\"https:\/\/pracownieorange.pl\/morag\/#website\"},\"primaryImageOfPage\":{\"@id\":\"https:\/\/pracownieorange.pl\/morag\/news\/wernisaz-wystawy-slady-duszy-i-warsztat-wielkanocny\/#primaryimage\"},\"image\":{\"@id\":\"https:\/\/pracownieorange.pl\/morag\/news\/wernisaz-wystawy-slady-duszy-i-warsztat-wielkanocny\/#primaryimage\"},\"thumbnailUrl\":\"https:\/\/pracownieorange.pl\/app\/uploads\/sites\/112\/2025\/03\/8ef7ac7b-2228-4801-b542-7ede705b6647.jpg\",\"datePublished\":\"2025-03-18T11:26:18+00:00\",\"dateModified\":\"2025-03-18T19:43:16+00:00\",\"breadcrumb\":{\"@id\":\"https:\/\/pracownieorange.pl\/morag\/news\/wernisaz-wystawy-slady-duszy-i-warsztat-wielkanocny\/#breadcrumb\"},\"inLanguage\":\"pl-PL\",\"potentialAction\":[{\"@type\":\"ReadAction\",\"target\":[\"https:\/\/pracownieorange.pl\/morag\/news\/wernisaz-wystawy-slady-duszy-i-warsztat-wielkanocny\/\"]}]},{\"@type\":\"ImageObject\",\"inLanguage\":\"pl-PL\",\"@id\":\"https:\/\/pracownieorange.pl\/morag\/news\/wernisaz-wystawy-slady-duszy-i-warsztat-wielkanocny\/#primaryimage\",\"url\":\"https:\/\/pracownieorange.pl\/app\/uploads\/sites\/112\/2025\/03\/8ef7ac7b-2228-4801-b542-7ede705b6647.jpg\",\"contentUrl\":\"https:\/\/pracownieorange.pl\/app\/uploads\/sites\/112\/2025\/03\/8ef7ac7b-2228-4801-b542-7ede705b6647.jpg\",\"width\":1024,\"height\":768,\"caption\":\"Grupa uczni\u00f3w, zgromadzona w bibliotece. W tle wida\u0107 rega\u0142y wype\u0142nione ksi\u0105\u017ckami, nad nimi na \u015bcianie napis Pracownia Orange, a na niekt\u00f3rych p\u00f3\u0142kach wyeksponowane s\u0105 dzie\u0142a sztuki. Osoby stoj\u0105 i wydaj\u0105 si\u0119 s\u0142ucha\u0107 kogo\u015b, kto m\u00f3wi. Scena sugeruje zwiedzanie galerii.\"},{\"@type\":\"BreadcrumbList\",\"@id\":\"https:\/\/pracownieorange.pl\/morag\/news\/wernisaz-wystawy-slady-duszy-i-warsztat-wielkanocny\/#breadcrumb\",\"itemListElement\":[{\"@type\":\"ListItem\",\"position\":1,\"name\":\"Home\",\"item\":\"https:\/\/pracownieorange.pl\/morag\/\"},{\"@type\":\"ListItem\",\"position\":2,\"name\":\"Aktualno\u015bci\",\"item\":\"https:\/\/pracownieorange.pl\/morag\/news\/\"},{\"@type\":\"ListItem\",\"position\":3,\"name\":\"Wernisa\u017c wystawy \u015alady Duszy i warsztat wielkanocny\"}]},{\"@type\":\"WebSite\",\"@id\":\"https:\/\/pracownieorange.pl\/morag\/#website\",\"url\":\"https:\/\/pracownieorange.pl\/morag\/\",\"name\":\"Pracownia Orange Mor\u0105g\",\"description\":\"\",\"potentialAction\":[{\"@type\":\"SearchAction\",\"target\":{\"@type\":\"EntryPoint\",\"urlTemplate\":\"https:\/\/pracownieorange.pl\/morag\/?s={search_term_string}\"},\"query-input\":{\"@type\":\"PropertyValueSpecification\",\"valueRequired\":true,\"valueName\":\"search_term_string\"}}],\"inLanguage\":\"pl-PL\"}]}<\/script>\n<!-- \/ Yoast SEO plugin. -->","yoast_head_json":{"title":"Wernisa\u017c wystawy \u015alady Duszy i warsztat wielkanocny - Pracownia Orange Mor\u0105g","robots":{"index":"index","follow":"follow","max-snippet":"max-snippet:-1","max-image-preview":"max-image-preview:large","max-video-preview":"max-video-preview:-1"},"canonical":"https:\/\/pracownieorange.pl\/morag\/news\/wernisaz-wystawy-slady-duszy-i-warsztat-wielkanocny\/","og_locale":"pl_PL","og_type":"article","og_title":"Wernisa\u017c wystawy \u015alady Duszy i warsztat wielkanocny - Pracownia Orange Mor\u0105g","og_description":"W Mor\u0105skiej Pracowni Orange, mieli\u015bmy przyjemno\u015b\u0107 go\u015bci\u0107 klas\u0119 7 ze [&hellip;]","og_url":"https:\/\/pracownieorange.pl\/morag\/news\/wernisaz-wystawy-slady-duszy-i-warsztat-wielkanocny\/","og_site_name":"Pracownia Orange Mor\u0105g","article_modified_time":"2025-03-18T19:43:16+00:00","og_image":[{"width":1024,"height":768,"url":"https:\/\/pracownieorange.pl\/app\/uploads\/sites\/112\/2025\/03\/8ef7ac7b-2228-4801-b542-7ede705b6647.jpg","type":"image\/jpeg"}],"twitter_card":"summary_large_image","twitter_misc":{"Est. reading time":"2 minuty"},"schema":{"@context":"https:\/\/schema.org","@graph":[{"@type":"WebPage","@id":"https:\/\/pracownieorange.pl\/morag\/news\/wernisaz-wystawy-slady-duszy-i-warsztat-wielkanocny\/","url":"https:\/\/pracownieorange.pl\/morag\/news\/wernisaz-wystawy-slady-duszy-i-warsztat-wielkanocny\/","name":"Wernisa\u017c wystawy \u015alady Duszy i warsztat wielkanocny - Pracownia Orange Mor\u0105g","isPartOf":{"@id":"https:\/\/pracownieorange.pl\/morag\/#website"},"primaryImageOfPage":{"@id":"https:\/\/pracownieorange.pl\/morag\/news\/wernisaz-wystawy-slady-duszy-i-warsztat-wielkanocny\/#primaryimage"},"image":{"@id":"https:\/\/pracownieorange.pl\/morag\/news\/wernisaz-wystawy-slady-duszy-i-warsztat-wielkanocny\/#primaryimage"},"thumbnailUrl":"https:\/\/pracownieorange.pl\/app\/uploads\/sites\/112\/2025\/03\/8ef7ac7b-2228-4801-b542-7ede705b6647.jpg","datePublished":"2025-03-18T11:26:18+00:00","dateModified":"2025-03-18T19:43:16+00:00","breadcrumb":{"@id":"https:\/\/pracownieorange.pl\/morag\/news\/wernisaz-wystawy-slady-duszy-i-warsztat-wielkanocny\/#breadcrumb"},"inLanguage":"pl-PL","potentialAction":[{"@type":"ReadAction","target":["https:\/\/pracownieorange.pl\/morag\/news\/wernisaz-wystawy-slady-duszy-i-warsztat-wielkanocny\/"]}]},{"@type":"ImageObject","inLanguage":"pl-PL","@id":"https:\/\/pracownieorange.pl\/morag\/news\/wernisaz-wystawy-slady-duszy-i-warsztat-wielkanocny\/#primaryimage","url":"https:\/\/pracownieorange.pl\/app\/uploads\/sites\/112\/2025\/03\/8ef7ac7b-2228-4801-b542-7ede705b6647.jpg","contentUrl":"https:\/\/pracownieorange.pl\/app\/uploads\/sites\/112\/2025\/03\/8ef7ac7b-2228-4801-b542-7ede705b6647.jpg","width":1024,"height":768,"caption":"Grupa uczni\u00f3w, zgromadzona w bibliotece. W tle wida\u0107 rega\u0142y wype\u0142nione ksi\u0105\u017ckami, nad nimi na \u015bcianie napis Pracownia Orange, a na niekt\u00f3rych p\u00f3\u0142kach wyeksponowane s\u0105 dzie\u0142a sztuki. Osoby stoj\u0105 i wydaj\u0105 si\u0119 s\u0142ucha\u0107 kogo\u015b, kto m\u00f3wi. Scena sugeruje zwiedzanie galerii."},{"@type":"BreadcrumbList","@id":"https:\/\/pracownieorange.pl\/morag\/news\/wernisaz-wystawy-slady-duszy-i-warsztat-wielkanocny\/#breadcrumb","itemListElement":[{"@type":"ListItem","position":1,"name":"Home","item":"https:\/\/pracownieorange.pl\/morag\/"},{"@type":"ListItem","position":2,"name":"Aktualno\u015bci","item":"https:\/\/pracownieorange.pl\/morag\/news\/"},{"@type":"ListItem","position":3,"name":"Wernisa\u017c wystawy \u015alady Duszy i warsztat wielkanocny"}]},{"@type":"WebSite","@id":"https:\/\/pracownieorange.pl\/morag\/#website","url":"https:\/\/pracownieorange.pl\/morag\/","name":"Pracownia Orange Mor\u0105g","description":"","potentialAction":[{"@type":"SearchAction","target":{"@type":"EntryPoint","urlTemplate":"https:\/\/pracownieorange.pl\/morag\/?s={search_term_string}"},"query-input":{"@type":"PropertyValueSpecification","valueRequired":true,"valueName":"search_term_string"}}],"inLanguage":"pl-PL"}]}},"_links":{"self":[{"href":"https:\/\/pracownieorange.pl\/morag\/wp-json\/wp\/v2\/news\/1968","targetHints":{"allow":["GET"]}}],"collection":[{"href":"https:\/\/pracownieorange.pl\/morag\/wp-json\/wp\/v2\/news"}],"about":[{"href":"https:\/\/pracownieorange.pl\/morag\/wp-json\/wp\/v2\/types\/news"}],"author":[{"embeddable":true,"href":"https:\/\/pracownieorange.pl\/morag\/wp-json\/wp\/v2\/users\/220"}],"replies":[{"embeddable":true,"href":"https:\/\/pracownieorange.pl\/morag\/wp-json\/wp\/v2\/comments?post=1968"}],"wp:featuredmedia":[{"embeddable":true,"href":"https:\/\/pracownieorange.pl\/morag\/wp-json\/wp\/v2\/media\/1969"}],"wp:attachment":[{"href":"https:\/\/pracownieorange.pl\/morag\/wp-json\/wp\/v2\/media?parent=1968"}],"curies":[{"name":"wp","href":"https:\/\/api.w.org\/{rel}","templated":true}]}}