

{"id":1967,"date":"2025-03-07T16:53:23","date_gmt":"2025-03-07T15:53:23","guid":{"rendered":"https:\/\/pracownieorange.pl\/morag\/?post_type=news&#038;p=1967"},"modified":"2025-03-07T20:54:26","modified_gmt":"2025-03-07T19:54:26","slug":"targi-edukacji-i-pracy","status":"publish","type":"news","link":"https:\/\/pracownieorange.pl\/morag\/news\/targi-edukacji-i-pracy\/","title":{"rendered":"Targi Edukacji i Pracy"},"content":{"rendered":"<p data-start=\"52\" data-end=\"396\">Dzisiaj nasze przedstawicielki \u2013 Paulina i Karolina z Dzia\u0142u dla M\u0142odzie\u017cy NASTKA \u2013 mia\u0142y przyjemno\u015b\u0107 reprezentowa\u0107 nasz\u0105 bibliotek\u0119 i Pracowni\u0119 Orange podczas II Mor\u0105skich Targ\u00f3w Edukacji i Pracy organizowanych przez Zesp\u00f3\u0142 Szk\u00f3\u0142 Zawodowych i Og\u00f3lnokszta\u0142c\u0105cych i Zesp\u00f3\u0142 Szk\u00f3\u0142 Licealnych w Mor\u0105gu. To wyj\u0105tkowe wydarzenie pozwoli\u0142o nam na bezpo\u015bredni kontakt z m\u0142odzie\u017c\u0105 oraz zaprezentowanie szerokiej gamy atrakcji, kt\u00f3re przygotowali\u015bmy specjalnie na t\u0119 okazj\u0119.<\/p>\n<h4 data-start=\"398\" data-end=\"433\">Co przygotowali\u015bmy na stoisku?<\/h4>\n<p data-start=\"435\" data-end=\"476\">Podczas targ\u00f3w odwiedzaj\u0105cy mieli okazj\u0119:<\/p>\n<ul data-start=\"477\" data-end=\"1433\">\n<li data-start=\"477\" data-end=\"601\"><strong data-start=\"479\" data-end=\"501\">Porozmawia\u0107 z nami<\/strong> \u2013 opowiedzieli\u015bmy o naszej ofercie, planach oraz mo\u017cliwo\u015bciach, jakie daje wsp\u00f3\u0142praca z bibliotek\u0105 i Pracowni\u0105.<\/li>\n<li data-start=\"602\" data-end=\"727\"><strong data-start=\"604\" data-end=\"636\">Zapozna\u0107 si\u0119 z bogat\u0105 ofert\u0105<\/strong> \u2013 prezentowali\u015bmy ksi\u0105\u017cki, gry oraz inne materia\u0142y, kt\u00f3re s\u0105 u nas dost\u0119pne.<\/li>\n<li data-start=\"728\" data-end=\"843\"><strong data-start=\"730\" data-end=\"766\">Obserwowa\u0107 dzia\u0142anie drukarki 3D<\/strong> \u2013 nowoczesna technologia, kt\u00f3ra wzbudzi\u0142a zainteresowanie wielu uczestnik\u00f3w.<\/li>\n<li data-start=\"844\" data-end=\"1004\"><strong data-start=\"846\" data-end=\"872\">Wypisa\u0107 swoje \u017cyczenia<\/strong> \u2013 ka\u017cdy m\u00f3g\u0142 wypowiedzie\u0107 si\u0119 na temat przysz\u0142ych dzia\u0142a\u0144 naszej plac\u00f3wki, a swoje propozycje wpisa\u0107 do specjalnej Ksi\u0119gi \u017bycze\u0144.<\/li>\n<li data-start=\"1005\" data-end=\"1146\"><strong data-start=\"1007\" data-end=\"1032\">Skorzysta\u0107 z gogli VR<\/strong> \u2013 wirtualna rzeczywisto\u015b\u0107 okaza\u0142a si\u0119 niezapomnian\u0105 atrakcj\u0105, kt\u00f3ra przenios\u0142a uczestnik\u00f3w w zupe\u0142nie nowy \u015bwiat.<\/li>\n<li data-start=\"1147\" data-end=\"1331\"><strong data-start=\"1149\" data-end=\"1181\">Stworzy\u0107 autorskie przypinki<\/strong> \u2013 najwi\u0119ksz\u0105 atrakcj\u0105 naszego stoiska by\u0142y przypinki, kt\u00f3re mo\u017cna by\u0142o samodzielnie wykona\u0107. Zaprezentowane wzory idealnie trafi\u0142y w gusta m\u0142odzie\u017cy.<\/li>\n<li data-start=\"1332\" data-end=\"1433\"><strong data-start=\"1334\" data-end=\"1355\">Otrzyma\u0107 upominek<\/strong> \u2013 dla zapalonych czytelnik\u00f3w przygotowali\u015bmy magnetyczne zak\u0142adki do ksi\u0105\u017cek.<\/li>\n<\/ul>\n<p data-start=\"1455\" data-end=\"1749\">Jeste\u015bmy niezmiernie wdzi\u0119czni wszystkim, kt\u00f3rzy odwiedzili nasze stoisko. Wasze u\u015bmiechy, mi\u0142e s\u0142owa oraz entuzjazm dodaj\u0105 nam energii do dalszej pracy i tworzenia kolejnych inspiruj\u0105cych inicjatyw. Dzi\u0119kujemy za wsp\u00f3lnie sp\u0119dzony czas i serdecznie zapraszamy do odwiedzenia naszej biblioteki!<\/p>\n<p data-start=\"1751\" data-end=\"1791\" data-is-last-node=\"\" data-is-only-node=\"\">Do zobaczenia na kolejnych wydarzeniach!<\/p>\n","protected":false},"excerpt":{"rendered":"<p>Dzisiaj nasze przedstawicielki \u2013 Paulina i Karolina z Dzia\u0142u dla [&hellip;]<\/p>\n","protected":false},"author":220,"featured_media":1963,"comment_status":"open","ping_status":"closed","template":"","class_list":["post-1967","news","type-news","status-publish","has-post-thumbnail","hentry"],"acf":[],"yoast_head":"<!-- This site is optimized with the Yoast SEO plugin v24.5 - https:\/\/yoast.com\/wordpress\/plugins\/seo\/ -->\n<title>Targi Edukacji i Pracy - Pracownia Orange Mor\u0105g<\/title>\n<meta name=\"robots\" content=\"index, follow, max-snippet:-1, max-image-preview:large, max-video-preview:-1\" \/>\n<link rel=\"canonical\" href=\"https:\/\/pracownieorange.pl\/morag\/news\/targi-edukacji-i-pracy\/\" \/>\n<meta property=\"og:locale\" content=\"pl_PL\" \/>\n<meta property=\"og:type\" content=\"article\" \/>\n<meta property=\"og:title\" content=\"Targi Edukacji i Pracy - Pracownia Orange Mor\u0105g\" \/>\n<meta property=\"og:description\" content=\"Dzisiaj nasze przedstawicielki \u2013 Paulina i Karolina z Dzia\u0142u dla [&hellip;]\" \/>\n<meta property=\"og:url\" content=\"https:\/\/pracownieorange.pl\/morag\/news\/targi-edukacji-i-pracy\/\" \/>\n<meta property=\"og:site_name\" content=\"Pracownia Orange Mor\u0105g\" \/>\n<meta property=\"article:modified_time\" content=\"2025-03-07T19:54:26+00:00\" \/>\n<meta property=\"og:image\" content=\"https:\/\/pracownieorange.pl\/app\/uploads\/sites\/112\/2025\/03\/482728054_1453471148960974_8214512897017341662_n.jpg\" \/>\n\t<meta property=\"og:image:width\" content=\"2016\" \/>\n\t<meta property=\"og:image:height\" content=\"1512\" \/>\n\t<meta property=\"og:image:type\" content=\"image\/jpeg\" \/>\n<meta name=\"twitter:card\" content=\"summary_large_image\" \/>\n<meta name=\"twitter:label1\" content=\"Est. reading time\" \/>\n\t<meta name=\"twitter:data1\" content=\"2 minuty\" \/>\n<script type=\"application\/ld+json\" class=\"yoast-schema-graph\">{\"@context\":\"https:\/\/schema.org\",\"@graph\":[{\"@type\":\"WebPage\",\"@id\":\"https:\/\/pracownieorange.pl\/morag\/news\/targi-edukacji-i-pracy\/\",\"url\":\"https:\/\/pracownieorange.pl\/morag\/news\/targi-edukacji-i-pracy\/\",\"name\":\"Targi Edukacji i Pracy - Pracownia Orange Mor\u0105g\",\"isPartOf\":{\"@id\":\"https:\/\/pracownieorange.pl\/morag\/#website\"},\"primaryImageOfPage\":{\"@id\":\"https:\/\/pracownieorange.pl\/morag\/news\/targi-edukacji-i-pracy\/#primaryimage\"},\"image\":{\"@id\":\"https:\/\/pracownieorange.pl\/morag\/news\/targi-edukacji-i-pracy\/#primaryimage\"},\"thumbnailUrl\":\"https:\/\/pracownieorange.pl\/app\/uploads\/sites\/112\/2025\/03\/482728054_1453471148960974_8214512897017341662_n.jpg\",\"datePublished\":\"2025-03-07T15:53:23+00:00\",\"dateModified\":\"2025-03-07T19:54:26+00:00\",\"breadcrumb\":{\"@id\":\"https:\/\/pracownieorange.pl\/morag\/news\/targi-edukacji-i-pracy\/#breadcrumb\"},\"inLanguage\":\"pl-PL\",\"potentialAction\":[{\"@type\":\"ReadAction\",\"target\":[\"https:\/\/pracownieorange.pl\/morag\/news\/targi-edukacji-i-pracy\/\"]}]},{\"@type\":\"ImageObject\",\"inLanguage\":\"pl-PL\",\"@id\":\"https:\/\/pracownieorange.pl\/morag\/news\/targi-edukacji-i-pracy\/#primaryimage\",\"url\":\"https:\/\/pracownieorange.pl\/app\/uploads\/sites\/112\/2025\/03\/482728054_1453471148960974_8214512897017341662_n.jpg\",\"contentUrl\":\"https:\/\/pracownieorange.pl\/app\/uploads\/sites\/112\/2025\/03\/482728054_1453471148960974_8214512897017341662_n.jpg\",\"width\":2016,\"height\":1512,\"caption\":\"Zdj\u0119cie przedstawia dwie osoby trzymaj\u0105ce du\u017cy wyci\u0119ty kadr w stylu Instagram. Na ramce znajduje si\u0119 tekst \\\"biblioteka_morag\\\" u g\u00f3ry oraz \\\"1,000,000 polubie\u0144\\\" na dole. S\u0105 tak\u017ce hashtagi #bibliotekamorag, #mbpmorag, #\u017cyj, #czytaj, #bawi\u0119, #kochaj oraz adres strony www.bibliotekamorag.pl.. Obie osoby maj\u0105 na sobie czarne koszulki z napisem \\\"\u017bYJ CZYTAJ MY\u015aL BAW SI\u0118 KOCHAJ.\\\" W tle widoczny jest baner \\\"Miejska Biblioteka Publiczna w Mor\u0105gu\\\" oraz rega\u0142 z r\u00f3\u017cnymi ksi\u0105\u017ckami i materia\u0142ami.\"},{\"@type\":\"BreadcrumbList\",\"@id\":\"https:\/\/pracownieorange.pl\/morag\/news\/targi-edukacji-i-pracy\/#breadcrumb\",\"itemListElement\":[{\"@type\":\"ListItem\",\"position\":1,\"name\":\"Home\",\"item\":\"https:\/\/pracownieorange.pl\/morag\/\"},{\"@type\":\"ListItem\",\"position\":2,\"name\":\"Aktualno\u015bci\",\"item\":\"https:\/\/pracownieorange.pl\/morag\/news\/\"},{\"@type\":\"ListItem\",\"position\":3,\"name\":\"Targi Edukacji i Pracy\"}]},{\"@type\":\"WebSite\",\"@id\":\"https:\/\/pracownieorange.pl\/morag\/#website\",\"url\":\"https:\/\/pracownieorange.pl\/morag\/\",\"name\":\"Pracownia Orange Mor\u0105g\",\"description\":\"\",\"potentialAction\":[{\"@type\":\"SearchAction\",\"target\":{\"@type\":\"EntryPoint\",\"urlTemplate\":\"https:\/\/pracownieorange.pl\/morag\/?s={search_term_string}\"},\"query-input\":{\"@type\":\"PropertyValueSpecification\",\"valueRequired\":true,\"valueName\":\"search_term_string\"}}],\"inLanguage\":\"pl-PL\"}]}<\/script>\n<!-- \/ Yoast SEO plugin. -->","yoast_head_json":{"title":"Targi Edukacji i Pracy - Pracownia Orange Mor\u0105g","robots":{"index":"index","follow":"follow","max-snippet":"max-snippet:-1","max-image-preview":"max-image-preview:large","max-video-preview":"max-video-preview:-1"},"canonical":"https:\/\/pracownieorange.pl\/morag\/news\/targi-edukacji-i-pracy\/","og_locale":"pl_PL","og_type":"article","og_title":"Targi Edukacji i Pracy - Pracownia Orange Mor\u0105g","og_description":"Dzisiaj nasze przedstawicielki \u2013 Paulina i Karolina z Dzia\u0142u dla [&hellip;]","og_url":"https:\/\/pracownieorange.pl\/morag\/news\/targi-edukacji-i-pracy\/","og_site_name":"Pracownia Orange Mor\u0105g","article_modified_time":"2025-03-07T19:54:26+00:00","og_image":[{"width":2016,"height":1512,"url":"https:\/\/pracownieorange.pl\/app\/uploads\/sites\/112\/2025\/03\/482728054_1453471148960974_8214512897017341662_n.jpg","type":"image\/jpeg"}],"twitter_card":"summary_large_image","twitter_misc":{"Est. reading time":"2 minuty"},"schema":{"@context":"https:\/\/schema.org","@graph":[{"@type":"WebPage","@id":"https:\/\/pracownieorange.pl\/morag\/news\/targi-edukacji-i-pracy\/","url":"https:\/\/pracownieorange.pl\/morag\/news\/targi-edukacji-i-pracy\/","name":"Targi Edukacji i Pracy - Pracownia Orange Mor\u0105g","isPartOf":{"@id":"https:\/\/pracownieorange.pl\/morag\/#website"},"primaryImageOfPage":{"@id":"https:\/\/pracownieorange.pl\/morag\/news\/targi-edukacji-i-pracy\/#primaryimage"},"image":{"@id":"https:\/\/pracownieorange.pl\/morag\/news\/targi-edukacji-i-pracy\/#primaryimage"},"thumbnailUrl":"https:\/\/pracownieorange.pl\/app\/uploads\/sites\/112\/2025\/03\/482728054_1453471148960974_8214512897017341662_n.jpg","datePublished":"2025-03-07T15:53:23+00:00","dateModified":"2025-03-07T19:54:26+00:00","breadcrumb":{"@id":"https:\/\/pracownieorange.pl\/morag\/news\/targi-edukacji-i-pracy\/#breadcrumb"},"inLanguage":"pl-PL","potentialAction":[{"@type":"ReadAction","target":["https:\/\/pracownieorange.pl\/morag\/news\/targi-edukacji-i-pracy\/"]}]},{"@type":"ImageObject","inLanguage":"pl-PL","@id":"https:\/\/pracownieorange.pl\/morag\/news\/targi-edukacji-i-pracy\/#primaryimage","url":"https:\/\/pracownieorange.pl\/app\/uploads\/sites\/112\/2025\/03\/482728054_1453471148960974_8214512897017341662_n.jpg","contentUrl":"https:\/\/pracownieorange.pl\/app\/uploads\/sites\/112\/2025\/03\/482728054_1453471148960974_8214512897017341662_n.jpg","width":2016,"height":1512,"caption":"Zdj\u0119cie przedstawia dwie osoby trzymaj\u0105ce du\u017cy wyci\u0119ty kadr w stylu Instagram. Na ramce znajduje si\u0119 tekst \"biblioteka_morag\" u g\u00f3ry oraz \"1,000,000 polubie\u0144\" na dole. S\u0105 tak\u017ce hashtagi #bibliotekamorag, #mbpmorag, #\u017cyj, #czytaj, #bawi\u0119, #kochaj oraz adres strony www.bibliotekamorag.pl.. Obie osoby maj\u0105 na sobie czarne koszulki z napisem \"\u017bYJ CZYTAJ MY\u015aL BAW SI\u0118 KOCHAJ.\" W tle widoczny jest baner \"Miejska Biblioteka Publiczna w Mor\u0105gu\" oraz rega\u0142 z r\u00f3\u017cnymi ksi\u0105\u017ckami i materia\u0142ami."},{"@type":"BreadcrumbList","@id":"https:\/\/pracownieorange.pl\/morag\/news\/targi-edukacji-i-pracy\/#breadcrumb","itemListElement":[{"@type":"ListItem","position":1,"name":"Home","item":"https:\/\/pracownieorange.pl\/morag\/"},{"@type":"ListItem","position":2,"name":"Aktualno\u015bci","item":"https:\/\/pracownieorange.pl\/morag\/news\/"},{"@type":"ListItem","position":3,"name":"Targi Edukacji i Pracy"}]},{"@type":"WebSite","@id":"https:\/\/pracownieorange.pl\/morag\/#website","url":"https:\/\/pracownieorange.pl\/morag\/","name":"Pracownia Orange Mor\u0105g","description":"","potentialAction":[{"@type":"SearchAction","target":{"@type":"EntryPoint","urlTemplate":"https:\/\/pracownieorange.pl\/morag\/?s={search_term_string}"},"query-input":{"@type":"PropertyValueSpecification","valueRequired":true,"valueName":"search_term_string"}}],"inLanguage":"pl-PL"}]}},"_links":{"self":[{"href":"https:\/\/pracownieorange.pl\/morag\/wp-json\/wp\/v2\/news\/1967","targetHints":{"allow":["GET"]}}],"collection":[{"href":"https:\/\/pracownieorange.pl\/morag\/wp-json\/wp\/v2\/news"}],"about":[{"href":"https:\/\/pracownieorange.pl\/morag\/wp-json\/wp\/v2\/types\/news"}],"author":[{"embeddable":true,"href":"https:\/\/pracownieorange.pl\/morag\/wp-json\/wp\/v2\/users\/220"}],"replies":[{"embeddable":true,"href":"https:\/\/pracownieorange.pl\/morag\/wp-json\/wp\/v2\/comments?post=1967"}],"wp:featuredmedia":[{"embeddable":true,"href":"https:\/\/pracownieorange.pl\/morag\/wp-json\/wp\/v2\/media\/1963"}],"wp:attachment":[{"href":"https:\/\/pracownieorange.pl\/morag\/wp-json\/wp\/v2\/media?parent=1967"}],"curies":[{"name":"wp","href":"https:\/\/api.w.org\/{rel}","templated":true}]}}