

{"id":1950,"date":"2025-03-06T22:01:16","date_gmt":"2025-03-06T21:01:16","guid":{"rendered":"https:\/\/pracownieorange.pl\/morag\/?post_type=news&#038;p=1950"},"modified":"2025-03-06T22:55:23","modified_gmt":"2025-03-06T21:55:23","slug":"szwalnia-sztuki-podstawowej-szyjemy-podkladki-pod-talerz-w-ksztalcie-wiosennego-liscia","status":"publish","type":"news","link":"https:\/\/pracownieorange.pl\/morag\/news\/szwalnia-sztuki-podstawowej-szyjemy-podkladki-pod-talerz-w-ksztalcie-wiosennego-liscia\/","title":{"rendered":"Szwalnia Sztuki Podstawowej &#8211; szyjemy podk\u0142adki pod talerz w kszta\u0142cie wiosennego li\u015bcia"},"content":{"rendered":"<p data-start=\"0\" data-end=\"51\"><strong data-start=\"0\" data-end=\"44\">Szwalnia Sztuki Podstawowej zn\u00f3w dzia\u0142a!<\/strong><\/p>\n<p data-start=\"53\" data-end=\"249\">W Pracowni Orange ponownie ruszy\u0142y warsztaty krawieckie w ramach cyklu <strong data-start=\"124\" data-end=\"155\">Szwalnia Sztuki Podstawowej<\/strong>. Tym razem tematem przewodnim by\u0142a <strong data-start=\"191\" data-end=\"201\">wiosna<\/strong> \u2013 pe\u0142na \u015bwie\u017co\u015bci, kolor\u00f3w i nowych pomys\u0142\u00f3w.<\/p>\n<p data-start=\"251\" data-end=\"526\">Podczas spotkania uczestnicy szyli <strong data-start=\"286\" data-end=\"305\">wiosenne li\u015bcie<\/strong>, kt\u00f3re mog\u0105 pe\u0142ni\u0107 r\u00f3\u017cne funkcje: <strong data-start=\"340\" data-end=\"400\">podk\u0142adek pod talerze, serwetek pod \u015bwi\u0105teczne dekoracje<\/strong> lub po prostu ozdobnych element\u00f3w wn\u0119trza. Ka\u017cdy projekt by\u0142 wyj\u0105tkowy \u2013 pe\u0142en detali, kolor\u00f3w i indywidualnego charakteru.<\/p>\n<p data-start=\"528\" data-end=\"771\">Tw\u00f3rcza atmosfera i zaanga\u017cowanie uczestnik\u00f3w sprawi\u0142y, \u017ce warsztaty zn\u00f3w sta\u0142y si\u0119 przestrzeni\u0105 do rozwijania pasji i umiej\u0119tno\u015bci. Wiosna to idealny czas na nowe inspiracje \u2013 a w Pracowni Orange nie brakuje pomys\u0142\u00f3w na kreatywne dzia\u0142ania!<\/p>\n","protected":false},"excerpt":{"rendered":"<p>Szwalnia Sztuki Podstawowej zn\u00f3w dzia\u0142a! W Pracowni Orange ponownie ruszy\u0142y [&hellip;]<\/p>\n","protected":false},"author":220,"featured_media":1952,"comment_status":"open","ping_status":"closed","template":"","class_list":["post-1950","news","type-news","status-publish","has-post-thumbnail","hentry"],"acf":[],"yoast_head":"<!-- This site is optimized with the Yoast SEO plugin v24.5 - https:\/\/yoast.com\/wordpress\/plugins\/seo\/ -->\n<title>Szwalnia Sztuki Podstawowej - szyjemy podk\u0142adki pod talerz w kszta\u0142cie wiosennego li\u015bcia - Pracownia Orange Mor\u0105g<\/title>\n<meta name=\"robots\" content=\"index, follow, max-snippet:-1, max-image-preview:large, max-video-preview:-1\" \/>\n<link rel=\"canonical\" href=\"https:\/\/pracownieorange.pl\/morag\/news\/szwalnia-sztuki-podstawowej-szyjemy-podkladki-pod-talerz-w-ksztalcie-wiosennego-liscia\/\" \/>\n<meta property=\"og:locale\" content=\"pl_PL\" \/>\n<meta property=\"og:type\" content=\"article\" \/>\n<meta property=\"og:title\" content=\"Szwalnia Sztuki Podstawowej - szyjemy podk\u0142adki pod talerz w kszta\u0142cie wiosennego li\u015bcia - Pracownia Orange Mor\u0105g\" \/>\n<meta property=\"og:description\" content=\"Szwalnia Sztuki Podstawowej zn\u00f3w dzia\u0142a! W Pracowni Orange ponownie ruszy\u0142y [&hellip;]\" \/>\n<meta property=\"og:url\" content=\"https:\/\/pracownieorange.pl\/morag\/news\/szwalnia-sztuki-podstawowej-szyjemy-podkladki-pod-talerz-w-ksztalcie-wiosennego-liscia\/\" \/>\n<meta property=\"og:site_name\" content=\"Pracownia Orange Mor\u0105g\" \/>\n<meta property=\"article:modified_time\" content=\"2025-03-06T21:55:23+00:00\" \/>\n<meta property=\"og:image\" content=\"https:\/\/pracownieorange.pl\/app\/uploads\/sites\/112\/2025\/03\/482243529_1184769489925359_2386861585908140904_n.jpg\" \/>\n\t<meta property=\"og:image:width\" content=\"2016\" \/>\n\t<meta property=\"og:image:height\" content=\"1512\" \/>\n\t<meta property=\"og:image:type\" content=\"image\/jpeg\" \/>\n<meta name=\"twitter:card\" content=\"summary_large_image\" \/>\n<meta name=\"twitter:label1\" content=\"Est. reading time\" \/>\n\t<meta name=\"twitter:data1\" content=\"1 minuta\" \/>\n<script type=\"application\/ld+json\" class=\"yoast-schema-graph\">{\"@context\":\"https:\/\/schema.org\",\"@graph\":[{\"@type\":\"WebPage\",\"@id\":\"https:\/\/pracownieorange.pl\/morag\/news\/szwalnia-sztuki-podstawowej-szyjemy-podkladki-pod-talerz-w-ksztalcie-wiosennego-liscia\/\",\"url\":\"https:\/\/pracownieorange.pl\/morag\/news\/szwalnia-sztuki-podstawowej-szyjemy-podkladki-pod-talerz-w-ksztalcie-wiosennego-liscia\/\",\"name\":\"Szwalnia Sztuki Podstawowej - szyjemy podk\u0142adki pod talerz w kszta\u0142cie wiosennego li\u015bcia - Pracownia Orange Mor\u0105g\",\"isPartOf\":{\"@id\":\"https:\/\/pracownieorange.pl\/morag\/#website\"},\"primaryImageOfPage\":{\"@id\":\"https:\/\/pracownieorange.pl\/morag\/news\/szwalnia-sztuki-podstawowej-szyjemy-podkladki-pod-talerz-w-ksztalcie-wiosennego-liscia\/#primaryimage\"},\"image\":{\"@id\":\"https:\/\/pracownieorange.pl\/morag\/news\/szwalnia-sztuki-podstawowej-szyjemy-podkladki-pod-talerz-w-ksztalcie-wiosennego-liscia\/#primaryimage\"},\"thumbnailUrl\":\"https:\/\/pracownieorange.pl\/app\/uploads\/sites\/112\/2025\/03\/482243529_1184769489925359_2386861585908140904_n.jpg\",\"datePublished\":\"2025-03-06T21:01:16+00:00\",\"dateModified\":\"2025-03-06T21:55:23+00:00\",\"breadcrumb\":{\"@id\":\"https:\/\/pracownieorange.pl\/morag\/news\/szwalnia-sztuki-podstawowej-szyjemy-podkladki-pod-talerz-w-ksztalcie-wiosennego-liscia\/#breadcrumb\"},\"inLanguage\":\"pl-PL\",\"potentialAction\":[{\"@type\":\"ReadAction\",\"target\":[\"https:\/\/pracownieorange.pl\/morag\/news\/szwalnia-sztuki-podstawowej-szyjemy-podkladki-pod-talerz-w-ksztalcie-wiosennego-liscia\/\"]}]},{\"@type\":\"ImageObject\",\"inLanguage\":\"pl-PL\",\"@id\":\"https:\/\/pracownieorange.pl\/morag\/news\/szwalnia-sztuki-podstawowej-szyjemy-podkladki-pod-talerz-w-ksztalcie-wiosennego-liscia\/#primaryimage\",\"url\":\"https:\/\/pracownieorange.pl\/app\/uploads\/sites\/112\/2025\/03\/482243529_1184769489925359_2386861585908140904_n.jpg\",\"contentUrl\":\"https:\/\/pracownieorange.pl\/app\/uploads\/sites\/112\/2025\/03\/482243529_1184769489925359_2386861585908140904_n.jpg\",\"width\":2016,\"height\":1512,\"caption\":\"Na zdj\u0119ciu wida\u0107 maszyn\u0119 do szycia marki Juno ustawion\u0105 na bia\u0142ym stole. Obok maszyny znajduje si\u0119 zielony materia\u0142 w kszta\u0142cie li\u015bcia, kt\u00f3ry prawdopodobnie jest w trakcie szycia. Na stole le\u017c\u0105 r\u00f3wnie\u017c okulary, br\u0105zowa torebka, zielona ni\u0107, no\u017cyczki oraz kawa\u0142ek bia\u0142ego papieru. Obok sto\u0142u stoi pomara\u0144czowe krzes\u0142o.\"},{\"@type\":\"BreadcrumbList\",\"@id\":\"https:\/\/pracownieorange.pl\/morag\/news\/szwalnia-sztuki-podstawowej-szyjemy-podkladki-pod-talerz-w-ksztalcie-wiosennego-liscia\/#breadcrumb\",\"itemListElement\":[{\"@type\":\"ListItem\",\"position\":1,\"name\":\"Home\",\"item\":\"https:\/\/pracownieorange.pl\/morag\/\"},{\"@type\":\"ListItem\",\"position\":2,\"name\":\"Aktualno\u015bci\",\"item\":\"https:\/\/pracownieorange.pl\/morag\/news\/\"},{\"@type\":\"ListItem\",\"position\":3,\"name\":\"Szwalnia Sztuki Podstawowej &#8211; szyjemy podk\u0142adki pod talerz w kszta\u0142cie wiosennego li\u015bcia\"}]},{\"@type\":\"WebSite\",\"@id\":\"https:\/\/pracownieorange.pl\/morag\/#website\",\"url\":\"https:\/\/pracownieorange.pl\/morag\/\",\"name\":\"Pracownia Orange Mor\u0105g\",\"description\":\"\",\"potentialAction\":[{\"@type\":\"SearchAction\",\"target\":{\"@type\":\"EntryPoint\",\"urlTemplate\":\"https:\/\/pracownieorange.pl\/morag\/?s={search_term_string}\"},\"query-input\":{\"@type\":\"PropertyValueSpecification\",\"valueRequired\":true,\"valueName\":\"search_term_string\"}}],\"inLanguage\":\"pl-PL\"}]}<\/script>\n<!-- \/ Yoast SEO plugin. -->","yoast_head_json":{"title":"Szwalnia Sztuki Podstawowej - szyjemy podk\u0142adki pod talerz w kszta\u0142cie wiosennego li\u015bcia - Pracownia Orange Mor\u0105g","robots":{"index":"index","follow":"follow","max-snippet":"max-snippet:-1","max-image-preview":"max-image-preview:large","max-video-preview":"max-video-preview:-1"},"canonical":"https:\/\/pracownieorange.pl\/morag\/news\/szwalnia-sztuki-podstawowej-szyjemy-podkladki-pod-talerz-w-ksztalcie-wiosennego-liscia\/","og_locale":"pl_PL","og_type":"article","og_title":"Szwalnia Sztuki Podstawowej - szyjemy podk\u0142adki pod talerz w kszta\u0142cie wiosennego li\u015bcia - Pracownia Orange Mor\u0105g","og_description":"Szwalnia Sztuki Podstawowej zn\u00f3w dzia\u0142a! W Pracowni Orange ponownie ruszy\u0142y [&hellip;]","og_url":"https:\/\/pracownieorange.pl\/morag\/news\/szwalnia-sztuki-podstawowej-szyjemy-podkladki-pod-talerz-w-ksztalcie-wiosennego-liscia\/","og_site_name":"Pracownia Orange Mor\u0105g","article_modified_time":"2025-03-06T21:55:23+00:00","og_image":[{"width":2016,"height":1512,"url":"https:\/\/pracownieorange.pl\/app\/uploads\/sites\/112\/2025\/03\/482243529_1184769489925359_2386861585908140904_n.jpg","type":"image\/jpeg"}],"twitter_card":"summary_large_image","twitter_misc":{"Est. reading time":"1 minuta"},"schema":{"@context":"https:\/\/schema.org","@graph":[{"@type":"WebPage","@id":"https:\/\/pracownieorange.pl\/morag\/news\/szwalnia-sztuki-podstawowej-szyjemy-podkladki-pod-talerz-w-ksztalcie-wiosennego-liscia\/","url":"https:\/\/pracownieorange.pl\/morag\/news\/szwalnia-sztuki-podstawowej-szyjemy-podkladki-pod-talerz-w-ksztalcie-wiosennego-liscia\/","name":"Szwalnia Sztuki Podstawowej - szyjemy podk\u0142adki pod talerz w kszta\u0142cie wiosennego li\u015bcia - Pracownia Orange Mor\u0105g","isPartOf":{"@id":"https:\/\/pracownieorange.pl\/morag\/#website"},"primaryImageOfPage":{"@id":"https:\/\/pracownieorange.pl\/morag\/news\/szwalnia-sztuki-podstawowej-szyjemy-podkladki-pod-talerz-w-ksztalcie-wiosennego-liscia\/#primaryimage"},"image":{"@id":"https:\/\/pracownieorange.pl\/morag\/news\/szwalnia-sztuki-podstawowej-szyjemy-podkladki-pod-talerz-w-ksztalcie-wiosennego-liscia\/#primaryimage"},"thumbnailUrl":"https:\/\/pracownieorange.pl\/app\/uploads\/sites\/112\/2025\/03\/482243529_1184769489925359_2386861585908140904_n.jpg","datePublished":"2025-03-06T21:01:16+00:00","dateModified":"2025-03-06T21:55:23+00:00","breadcrumb":{"@id":"https:\/\/pracownieorange.pl\/morag\/news\/szwalnia-sztuki-podstawowej-szyjemy-podkladki-pod-talerz-w-ksztalcie-wiosennego-liscia\/#breadcrumb"},"inLanguage":"pl-PL","potentialAction":[{"@type":"ReadAction","target":["https:\/\/pracownieorange.pl\/morag\/news\/szwalnia-sztuki-podstawowej-szyjemy-podkladki-pod-talerz-w-ksztalcie-wiosennego-liscia\/"]}]},{"@type":"ImageObject","inLanguage":"pl-PL","@id":"https:\/\/pracownieorange.pl\/morag\/news\/szwalnia-sztuki-podstawowej-szyjemy-podkladki-pod-talerz-w-ksztalcie-wiosennego-liscia\/#primaryimage","url":"https:\/\/pracownieorange.pl\/app\/uploads\/sites\/112\/2025\/03\/482243529_1184769489925359_2386861585908140904_n.jpg","contentUrl":"https:\/\/pracownieorange.pl\/app\/uploads\/sites\/112\/2025\/03\/482243529_1184769489925359_2386861585908140904_n.jpg","width":2016,"height":1512,"caption":"Na zdj\u0119ciu wida\u0107 maszyn\u0119 do szycia marki Juno ustawion\u0105 na bia\u0142ym stole. Obok maszyny znajduje si\u0119 zielony materia\u0142 w kszta\u0142cie li\u015bcia, kt\u00f3ry prawdopodobnie jest w trakcie szycia. Na stole le\u017c\u0105 r\u00f3wnie\u017c okulary, br\u0105zowa torebka, zielona ni\u0107, no\u017cyczki oraz kawa\u0142ek bia\u0142ego papieru. Obok sto\u0142u stoi pomara\u0144czowe krzes\u0142o."},{"@type":"BreadcrumbList","@id":"https:\/\/pracownieorange.pl\/morag\/news\/szwalnia-sztuki-podstawowej-szyjemy-podkladki-pod-talerz-w-ksztalcie-wiosennego-liscia\/#breadcrumb","itemListElement":[{"@type":"ListItem","position":1,"name":"Home","item":"https:\/\/pracownieorange.pl\/morag\/"},{"@type":"ListItem","position":2,"name":"Aktualno\u015bci","item":"https:\/\/pracownieorange.pl\/morag\/news\/"},{"@type":"ListItem","position":3,"name":"Szwalnia Sztuki Podstawowej &#8211; szyjemy podk\u0142adki pod talerz w kszta\u0142cie wiosennego li\u015bcia"}]},{"@type":"WebSite","@id":"https:\/\/pracownieorange.pl\/morag\/#website","url":"https:\/\/pracownieorange.pl\/morag\/","name":"Pracownia Orange Mor\u0105g","description":"","potentialAction":[{"@type":"SearchAction","target":{"@type":"EntryPoint","urlTemplate":"https:\/\/pracownieorange.pl\/morag\/?s={search_term_string}"},"query-input":{"@type":"PropertyValueSpecification","valueRequired":true,"valueName":"search_term_string"}}],"inLanguage":"pl-PL"}]}},"_links":{"self":[{"href":"https:\/\/pracownieorange.pl\/morag\/wp-json\/wp\/v2\/news\/1950","targetHints":{"allow":["GET"]}}],"collection":[{"href":"https:\/\/pracownieorange.pl\/morag\/wp-json\/wp\/v2\/news"}],"about":[{"href":"https:\/\/pracownieorange.pl\/morag\/wp-json\/wp\/v2\/types\/news"}],"author":[{"embeddable":true,"href":"https:\/\/pracownieorange.pl\/morag\/wp-json\/wp\/v2\/users\/220"}],"replies":[{"embeddable":true,"href":"https:\/\/pracownieorange.pl\/morag\/wp-json\/wp\/v2\/comments?post=1950"}],"wp:featuredmedia":[{"embeddable":true,"href":"https:\/\/pracownieorange.pl\/morag\/wp-json\/wp\/v2\/media\/1952"}],"wp:attachment":[{"href":"https:\/\/pracownieorange.pl\/morag\/wp-json\/wp\/v2\/media?parent=1950"}],"curies":[{"name":"wp","href":"https:\/\/api.w.org\/{rel}","templated":true}]}}