

{"id":1892,"date":"2025-02-07T15:49:32","date_gmt":"2025-02-07T14:49:32","guid":{"rendered":"https:\/\/pracownieorange.pl\/morag\/?post_type=news&#038;p=1892"},"modified":"2025-02-09T03:28:23","modified_gmt":"2025-02-09T02:28:23","slug":"ferie-w-pracowni-orange-kreatywnosc-energia-i-wspolnota","status":"publish","type":"news","link":"https:\/\/pracownieorange.pl\/morag\/news\/ferie-w-pracowni-orange-kreatywnosc-energia-i-wspolnota\/","title":{"rendered":"Ferie w Pracowni Orange \u2013 Kreatywno\u015b\u0107, Energia i Wsp\u00f3lnota!"},"content":{"rendered":"<div class=\"flex max-w-full flex-col flex-grow\">\n<div class=\"min-h-8 text-message flex w-full flex-col items-end gap-2 whitespace-normal break-words text-start [.text-message+&amp;]:mt-5\" dir=\"auto\" data-message-author-role=\"assistant\" data-message-id=\"2994d34e-320d-4cb5-94bb-cf680659b086\" data-message-model-slug=\"o3-mini\">\n<div class=\"flex w-full flex-col gap-1 empty:hidden first:pt-[3px]\">\n<div class=\"markdown prose w-full break-words dark:prose-invert light\">\n<p>Ferie w Mor\u0105skiej Pracowni Orange to prawdziwy zastrzyk pozytywnej energii, kreatywno\u015bci i spotka\u0144, kt\u00f3re na d\u0142ugo zapadaj\u0105 w pami\u0119\u0107! Przez dwa tygodnie pe\u0142ne inspiruj\u0105cych warsztat\u00f3w i spontanicznych rozm\u00f3w odwiedzi\u0142o nas a\u017c <strong>518 os\u00f3b<\/strong> \u2013 to ponad 50 m\u0142odych ludzi dziennie, kt\u00f3rzy z entuzjazmem korzystali z naszej przestrzeni.<\/p>\n<p><strong>Tydzie\u0144 Pe\u0142en Inspiracji<\/strong><\/p>\n<p>Ju\u017c w pierwszym tygodniu ruszy\u0142a seria warsztat\u00f3w motywacyjno-technicznych pt. <strong>\u201eW twoich r\u0119kach &#8211; warsztaty sprawczo\u015bci\u201d<\/strong>. Uczestnicy nie tylko zdobywali nowe umiej\u0119tno\u015bci, ale przede wszystkim odkrywali w sobie potencja\u0142 do dzia\u0142ania i pozytywnego wp\u0142ywania na swoje \u017cycie. Dodatkowo, emocje si\u0119gn\u0119\u0142y zenitu podczas <strong>Turnieju FC25<\/strong>, kt\u00f3ry zgromadzi\u0142 fan\u00f3w zdrowej rywalizacji i sportowej pasji. Energia, kt\u00f3ra unosi\u0142a si\u0119 w powietrzu, by\u0142a naprawd\u0119 zara\u017aliwa!<\/p>\n<p><strong>Kreatywno\u015b\u0107 w Ka\u017cdym Detalu<\/strong><\/p>\n<p>Drugi tydzie\u0144 przyni\u00f3s\u0142 kolejne niespodzianki \u2013 na tapecie by\u0142y warsztaty, kt\u00f3re rozbudzi\u0142y artystyczne zmys\u0142y:<\/p>\n<ul>\n<li><strong>Warsztaty robienia papierowych lamp<\/strong> \u2013 uczestnicy stworzyli unikalne, dekoracyjne lampy, kt\u00f3re nadaj\u0105 wn\u0119trzom niezwyk\u0142y klimat.<\/li>\n<li><strong>Warsztaty tworzenia notes\u00f3w z motywem sowy<\/strong> \u2013 ma\u0142e dzie\u0142a sztuki, idealne do zapisywania wszystkich inspiruj\u0105cych my\u015bli.<\/li>\n<\/ul>\n<p><strong>Magnes na M\u0142odzie\u017c<\/strong><\/p>\n<p>Nasza Pracownia Orange okaza\u0142a si\u0119 miejscem, kt\u00f3re przyci\u0105ga t\u0142umy \u2013 tak bardzo, \u017ce cz\u0119sto ju\u017c mi\u0119dzy warsztatami tworzy\u0142a si\u0119 kolejka przed drzwiami, gdy uczestnicy nie mogli si\u0119 doczeka\u0107 kolejnej dawki kreatywno\u015bci i wsp\u00f3lnej zabawy. Momentami na jednym wieszaku na kurtki brakowa\u0142o miejsca, wi\u0119c musieli\u015bmy donie\u015b\u0107 drugi. To w\u0142a\u015bnie te chwile pokazuj\u0105, jak bardzo m\u0142odzie\u017c ceni sobie mo\u017cliwo\u015b\u0107 sp\u0119dzania czasu w przestrzeni, kt\u00f3ra \u0142\u0105czy nauk\u0119, tw\u00f3rczo\u015b\u0107 i relaks.<\/p>\n<p><strong>Wielo\u015b\u0107 Form Wypoczynku<\/strong><\/p>\n<p>Opr\u00f3cz warsztat\u00f3w, nasi go\u015bcie mieli okazj\u0119 korzysta\u0107 z wielu innych atrakcji:<\/p>\n<ul>\n<li><strong>Gry na konsolach i komputerach<\/strong> \u2013 zdrowa rywalizacja i wsp\u00f3lna zabawa,<\/li>\n<li><strong>Czytanie ksi\u0105\u017cek<\/strong> \u2013 idealny moment na wyciszenie i przeniesienie si\u0119 w \u015bwiat literatury,<\/li>\n<li><strong>Makerspace<\/strong> \u2013 miejsce, gdzie pomys\u0142owo\u015b\u0107 nie zna granic,<\/li>\n<li><strong>Gry planszowe<\/strong> \u2013 wsp\u00f3lne rozgrywki buduj\u0105ce nowe przyja\u017anie i integruj\u0105ce uczestnik\u00f3w.<\/li>\n<\/ul>\n<p><strong>Podsumowanie<\/strong><\/p>\n<p>Jeste\u015bmy ogromnie dumni, \u017ce Pracownia Orange sta\u0142a si\u0119 przestrzeni\u0105, w kt\u00f3rej m\u0142odzie\u017c mo\u017ce by\u0107 sob\u0105, rozwija\u0107 swoje pasje i nawi\u0105zywa\u0107 nowe znajomo\u015bci. Te ferie pokaza\u0142y, \u017ce kreatywno\u015b\u0107 i wsp\u00f3lnota potrafi\u0105 zdzia\u0142a\u0107 cuda \u2013 dzi\u0119kujemy ka\u017cdemu, kto by\u0142 cz\u0119\u015bci\u0105 tego niesamowitego czasu!<\/p>\n<p>Ju\u017c teraz czekamy na kolejne inicjatywy i pomys\u0142y, kt\u00f3re pozwol\u0105 nam dalej inspirowa\u0107 i integrowa\u0107 m\u0142odych ludzi. Do zobaczenia w Pracowni Orange!<\/p>\n<\/div>\n<\/div>\n<\/div>\n<\/div>\n","protected":false},"excerpt":{"rendered":"<p>Ferie w Mor\u0105skiej Pracowni Orange to prawdziwy zastrzyk pozytywnej energii, [&hellip;]<\/p>\n","protected":false},"author":220,"featured_media":1893,"comment_status":"open","ping_status":"closed","template":"","class_list":["post-1892","news","type-news","status-publish","has-post-thumbnail","hentry"],"acf":[],"yoast_head":"<!-- This site is optimized with the Yoast SEO plugin v24.5 - https:\/\/yoast.com\/wordpress\/plugins\/seo\/ -->\n<title>Ferie w Pracowni Orange \u2013 Kreatywno\u015b\u0107, Energia i Wsp\u00f3lnota! - Pracownia Orange Mor\u0105g<\/title>\n<meta name=\"robots\" content=\"index, follow, max-snippet:-1, max-image-preview:large, max-video-preview:-1\" \/>\n<link rel=\"canonical\" href=\"https:\/\/pracownieorange.pl\/morag\/news\/ferie-w-pracowni-orange-kreatywnosc-energia-i-wspolnota\/\" \/>\n<meta property=\"og:locale\" content=\"pl_PL\" \/>\n<meta property=\"og:type\" content=\"article\" \/>\n<meta property=\"og:title\" content=\"Ferie w Pracowni Orange \u2013 Kreatywno\u015b\u0107, Energia i Wsp\u00f3lnota! - Pracownia Orange Mor\u0105g\" \/>\n<meta property=\"og:description\" content=\"Ferie w Mor\u0105skiej Pracowni Orange to prawdziwy zastrzyk pozytywnej energii, [&hellip;]\" \/>\n<meta property=\"og:url\" content=\"https:\/\/pracownieorange.pl\/morag\/news\/ferie-w-pracowni-orange-kreatywnosc-energia-i-wspolnota\/\" \/>\n<meta property=\"og:site_name\" content=\"Pracownia Orange Mor\u0105g\" \/>\n<meta property=\"article:modified_time\" content=\"2025-02-09T02:28:23+00:00\" \/>\n<meta property=\"og:image\" content=\"https:\/\/pracownieorange.pl\/app\/uploads\/sites\/112\/2025\/02\/8c1c3a93-e20e-4d4d-8433-37fd30c204ca.jpg\" \/>\n\t<meta property=\"og:image:width\" content=\"2016\" \/>\n\t<meta property=\"og:image:height\" content=\"1512\" \/>\n\t<meta property=\"og:image:type\" content=\"image\/jpeg\" \/>\n<meta name=\"twitter:card\" content=\"summary_large_image\" \/>\n<meta name=\"twitter:label1\" content=\"Est. reading time\" \/>\n\t<meta name=\"twitter:data1\" content=\"3 minuty\" \/>\n<script type=\"application\/ld+json\" class=\"yoast-schema-graph\">{\"@context\":\"https:\/\/schema.org\",\"@graph\":[{\"@type\":\"WebPage\",\"@id\":\"https:\/\/pracownieorange.pl\/morag\/news\/ferie-w-pracowni-orange-kreatywnosc-energia-i-wspolnota\/\",\"url\":\"https:\/\/pracownieorange.pl\/morag\/news\/ferie-w-pracowni-orange-kreatywnosc-energia-i-wspolnota\/\",\"name\":\"Ferie w Pracowni Orange \u2013 Kreatywno\u015b\u0107, Energia i Wsp\u00f3lnota! - Pracownia Orange Mor\u0105g\",\"isPartOf\":{\"@id\":\"https:\/\/pracownieorange.pl\/morag\/#website\"},\"primaryImageOfPage\":{\"@id\":\"https:\/\/pracownieorange.pl\/morag\/news\/ferie-w-pracowni-orange-kreatywnosc-energia-i-wspolnota\/#primaryimage\"},\"image\":{\"@id\":\"https:\/\/pracownieorange.pl\/morag\/news\/ferie-w-pracowni-orange-kreatywnosc-energia-i-wspolnota\/#primaryimage\"},\"thumbnailUrl\":\"https:\/\/pracownieorange.pl\/app\/uploads\/sites\/112\/2025\/02\/8c1c3a93-e20e-4d4d-8433-37fd30c204ca.jpg\",\"datePublished\":\"2025-02-07T14:49:32+00:00\",\"dateModified\":\"2025-02-09T02:28:23+00:00\",\"breadcrumb\":{\"@id\":\"https:\/\/pracownieorange.pl\/morag\/news\/ferie-w-pracowni-orange-kreatywnosc-energia-i-wspolnota\/#breadcrumb\"},\"inLanguage\":\"pl-PL\",\"potentialAction\":[{\"@type\":\"ReadAction\",\"target\":[\"https:\/\/pracownieorange.pl\/morag\/news\/ferie-w-pracowni-orange-kreatywnosc-energia-i-wspolnota\/\"]}]},{\"@type\":\"ImageObject\",\"inLanguage\":\"pl-PL\",\"@id\":\"https:\/\/pracownieorange.pl\/morag\/news\/ferie-w-pracowni-orange-kreatywnosc-energia-i-wspolnota\/#primaryimage\",\"url\":\"https:\/\/pracownieorange.pl\/app\/uploads\/sites\/112\/2025\/02\/8c1c3a93-e20e-4d4d-8433-37fd30c204ca.jpg\",\"contentUrl\":\"https:\/\/pracownieorange.pl\/app\/uploads\/sites\/112\/2025\/02\/8c1c3a93-e20e-4d4d-8433-37fd30c204ca.jpg\",\"width\":2016,\"height\":1512,\"caption\":\"grupa m\u0142odzie\u017cy siedzi przy stolikach, niekt\u00f3rzy graj\u0105 na komputerach inni siedz\u0105 na pufach i graj\u0105 w cymbergaja i pi\u0142karzyki\"},{\"@type\":\"BreadcrumbList\",\"@id\":\"https:\/\/pracownieorange.pl\/morag\/news\/ferie-w-pracowni-orange-kreatywnosc-energia-i-wspolnota\/#breadcrumb\",\"itemListElement\":[{\"@type\":\"ListItem\",\"position\":1,\"name\":\"Home\",\"item\":\"https:\/\/pracownieorange.pl\/morag\/\"},{\"@type\":\"ListItem\",\"position\":2,\"name\":\"Aktualno\u015bci\",\"item\":\"https:\/\/pracownieorange.pl\/morag\/news\/\"},{\"@type\":\"ListItem\",\"position\":3,\"name\":\"Ferie w Pracowni Orange \u2013 Kreatywno\u015b\u0107, Energia i Wsp\u00f3lnota!\"}]},{\"@type\":\"WebSite\",\"@id\":\"https:\/\/pracownieorange.pl\/morag\/#website\",\"url\":\"https:\/\/pracownieorange.pl\/morag\/\",\"name\":\"Pracownia Orange Mor\u0105g\",\"description\":\"\",\"potentialAction\":[{\"@type\":\"SearchAction\",\"target\":{\"@type\":\"EntryPoint\",\"urlTemplate\":\"https:\/\/pracownieorange.pl\/morag\/?s={search_term_string}\"},\"query-input\":{\"@type\":\"PropertyValueSpecification\",\"valueRequired\":true,\"valueName\":\"search_term_string\"}}],\"inLanguage\":\"pl-PL\"}]}<\/script>\n<!-- \/ Yoast SEO plugin. -->","yoast_head_json":{"title":"Ferie w Pracowni Orange \u2013 Kreatywno\u015b\u0107, Energia i Wsp\u00f3lnota! - Pracownia Orange Mor\u0105g","robots":{"index":"index","follow":"follow","max-snippet":"max-snippet:-1","max-image-preview":"max-image-preview:large","max-video-preview":"max-video-preview:-1"},"canonical":"https:\/\/pracownieorange.pl\/morag\/news\/ferie-w-pracowni-orange-kreatywnosc-energia-i-wspolnota\/","og_locale":"pl_PL","og_type":"article","og_title":"Ferie w Pracowni Orange \u2013 Kreatywno\u015b\u0107, Energia i Wsp\u00f3lnota! - Pracownia Orange Mor\u0105g","og_description":"Ferie w Mor\u0105skiej Pracowni Orange to prawdziwy zastrzyk pozytywnej energii, [&hellip;]","og_url":"https:\/\/pracownieorange.pl\/morag\/news\/ferie-w-pracowni-orange-kreatywnosc-energia-i-wspolnota\/","og_site_name":"Pracownia Orange Mor\u0105g","article_modified_time":"2025-02-09T02:28:23+00:00","og_image":[{"width":2016,"height":1512,"url":"https:\/\/pracownieorange.pl\/app\/uploads\/sites\/112\/2025\/02\/8c1c3a93-e20e-4d4d-8433-37fd30c204ca.jpg","type":"image\/jpeg"}],"twitter_card":"summary_large_image","twitter_misc":{"Est. reading time":"3 minuty"},"schema":{"@context":"https:\/\/schema.org","@graph":[{"@type":"WebPage","@id":"https:\/\/pracownieorange.pl\/morag\/news\/ferie-w-pracowni-orange-kreatywnosc-energia-i-wspolnota\/","url":"https:\/\/pracownieorange.pl\/morag\/news\/ferie-w-pracowni-orange-kreatywnosc-energia-i-wspolnota\/","name":"Ferie w Pracowni Orange \u2013 Kreatywno\u015b\u0107, Energia i Wsp\u00f3lnota! - Pracownia Orange Mor\u0105g","isPartOf":{"@id":"https:\/\/pracownieorange.pl\/morag\/#website"},"primaryImageOfPage":{"@id":"https:\/\/pracownieorange.pl\/morag\/news\/ferie-w-pracowni-orange-kreatywnosc-energia-i-wspolnota\/#primaryimage"},"image":{"@id":"https:\/\/pracownieorange.pl\/morag\/news\/ferie-w-pracowni-orange-kreatywnosc-energia-i-wspolnota\/#primaryimage"},"thumbnailUrl":"https:\/\/pracownieorange.pl\/app\/uploads\/sites\/112\/2025\/02\/8c1c3a93-e20e-4d4d-8433-37fd30c204ca.jpg","datePublished":"2025-02-07T14:49:32+00:00","dateModified":"2025-02-09T02:28:23+00:00","breadcrumb":{"@id":"https:\/\/pracownieorange.pl\/morag\/news\/ferie-w-pracowni-orange-kreatywnosc-energia-i-wspolnota\/#breadcrumb"},"inLanguage":"pl-PL","potentialAction":[{"@type":"ReadAction","target":["https:\/\/pracownieorange.pl\/morag\/news\/ferie-w-pracowni-orange-kreatywnosc-energia-i-wspolnota\/"]}]},{"@type":"ImageObject","inLanguage":"pl-PL","@id":"https:\/\/pracownieorange.pl\/morag\/news\/ferie-w-pracowni-orange-kreatywnosc-energia-i-wspolnota\/#primaryimage","url":"https:\/\/pracownieorange.pl\/app\/uploads\/sites\/112\/2025\/02\/8c1c3a93-e20e-4d4d-8433-37fd30c204ca.jpg","contentUrl":"https:\/\/pracownieorange.pl\/app\/uploads\/sites\/112\/2025\/02\/8c1c3a93-e20e-4d4d-8433-37fd30c204ca.jpg","width":2016,"height":1512,"caption":"grupa m\u0142odzie\u017cy siedzi przy stolikach, niekt\u00f3rzy graj\u0105 na komputerach inni siedz\u0105 na pufach i graj\u0105 w cymbergaja i pi\u0142karzyki"},{"@type":"BreadcrumbList","@id":"https:\/\/pracownieorange.pl\/morag\/news\/ferie-w-pracowni-orange-kreatywnosc-energia-i-wspolnota\/#breadcrumb","itemListElement":[{"@type":"ListItem","position":1,"name":"Home","item":"https:\/\/pracownieorange.pl\/morag\/"},{"@type":"ListItem","position":2,"name":"Aktualno\u015bci","item":"https:\/\/pracownieorange.pl\/morag\/news\/"},{"@type":"ListItem","position":3,"name":"Ferie w Pracowni Orange \u2013 Kreatywno\u015b\u0107, Energia i Wsp\u00f3lnota!"}]},{"@type":"WebSite","@id":"https:\/\/pracownieorange.pl\/morag\/#website","url":"https:\/\/pracownieorange.pl\/morag\/","name":"Pracownia Orange Mor\u0105g","description":"","potentialAction":[{"@type":"SearchAction","target":{"@type":"EntryPoint","urlTemplate":"https:\/\/pracownieorange.pl\/morag\/?s={search_term_string}"},"query-input":{"@type":"PropertyValueSpecification","valueRequired":true,"valueName":"search_term_string"}}],"inLanguage":"pl-PL"}]}},"_links":{"self":[{"href":"https:\/\/pracownieorange.pl\/morag\/wp-json\/wp\/v2\/news\/1892","targetHints":{"allow":["GET"]}}],"collection":[{"href":"https:\/\/pracownieorange.pl\/morag\/wp-json\/wp\/v2\/news"}],"about":[{"href":"https:\/\/pracownieorange.pl\/morag\/wp-json\/wp\/v2\/types\/news"}],"author":[{"embeddable":true,"href":"https:\/\/pracownieorange.pl\/morag\/wp-json\/wp\/v2\/users\/220"}],"replies":[{"embeddable":true,"href":"https:\/\/pracownieorange.pl\/morag\/wp-json\/wp\/v2\/comments?post=1892"}],"wp:featuredmedia":[{"embeddable":true,"href":"https:\/\/pracownieorange.pl\/morag\/wp-json\/wp\/v2\/media\/1893"}],"wp:attachment":[{"href":"https:\/\/pracownieorange.pl\/morag\/wp-json\/wp\/v2\/media?parent=1892"}],"curies":[{"name":"wp","href":"https:\/\/api.w.org\/{rel}","templated":true}]}}