

{"id":1891,"date":"2025-02-06T17:47:22","date_gmt":"2025-02-06T16:47:22","guid":{"rendered":"https:\/\/pracownieorange.pl\/morag\/?post_type=news&#038;p=1891"},"modified":"2025-02-09T03:27:07","modified_gmt":"2025-02-09T02:27:07","slug":"notesy-z-sowa","status":"publish","type":"news","link":"https:\/\/pracownieorange.pl\/morag\/news\/notesy-z-sowa\/","title":{"rendered":"Notesy z sow\u0105"},"content":{"rendered":"<p data-pm-slice=\"1 1 []\">Dzi\u015b w Mor\u0105skiej Pracowni Orange odby\u0142y si\u0119 niezwyk\u0142e warsztaty tworzenia ok\u0142adek notes\u00f3w w kszta\u0142cie sowy z gliny! To wydarzenie przyci\u0105gn\u0119\u0142o dziesi\u0119ciu uczestnik\u00f3w \u2013 zar\u00f3wno dzieci, jak i doros\u0142ych \u2013 kt\u00f3rzy z entuzjazmem podj\u0119li si\u0119 kreatywnego wyzwania.<\/p>\n<p>Zaj\u0119cia okaza\u0142y si\u0119 prawdziwym sprawdzianem cierpliwo\u015bci i umiej\u0119tno\u015bci manualnych. Tworzenie ok\u0142adek wymaga\u0142o precyzji, dok\u0142adno\u015bci oraz du\u017cego zaanga\u017cowania. Uczestnicy pracowali z glin\u0105 samoutwardzaln\u0105, klejem w p\u0142ynie i farbami, dzi\u0119ki czemu ka\u017cdy notes nabra\u0142 indywidualnego charakteru. Powsta\u0142o dziesi\u0119\u0107 unikalnych ok\u0142adek, ka\u017cda z nich wyj\u0105tkowa i niepowtarzalna.<\/p>\n<p>Pod czujnym okiem prowadz\u0105cych uczestnicy krok po kroku formowali gliniane elementy, nadawali im odpowiednie kszta\u0142ty i tekstury, a nast\u0119pnie malowali, tworz\u0105c barwne oraz efektowne projekty. Cho\u0107 zadanie nie nale\u017ca\u0142o do naj\u0142atwiejszych, wszyscy wykazali si\u0119 ogromn\u0105 wytrwa\u0142o\u015bci\u0105 i kreatywno\u015bci\u0105. Efekty ko\u0144cowe by\u0142y imponuj\u0105ce \u2013 kolorowe, estetyczne i pe\u0142ne charakteru notesy z motywem sowy.<\/p>\n<p>Atmosfera podczas warsztat\u00f3w by\u0142a fantastyczna \u2013 uczestnicy dzielili si\u0119 pomys\u0142ami, wspierali si\u0119 nawzajem i cieszyli si\u0119 mo\u017cliwo\u015bci\u0105 tworzenia czego\u015b wyj\u0105tkowego. By\u0142o du\u017co \u015bmiechu, pozytywnej energii i satysfakcji z w\u0142asnej pracy. Ka\u017cdy uczestnik m\u00f3g\u0142 zabra\u0107 sw\u00f3j notes do domu jako pami\u0105tk\u0119 i dow\u00f3d swoich artystycznych zdolno\u015bci.<\/p>\n<p>Dzi\u0119kujemy wszystkim, kt\u00f3rzy wzi\u0119li udzia\u0142 w warsztatach! Mamy nadziej\u0119, \u017ce by\u0142 to dla Was inspiruj\u0105cy czas i \u017ce jeszcze nie raz spotkamy si\u0119 na kolejnych kreatywnych zaj\u0119ciach. Do zobaczenia w Pracowni Orange!<\/p>\n<p>Wi\u0119cej zdj\u0119\u0107 na naszej facebookowej <a href=\"https:\/\/www.facebook.com\/bibliotekamorag\/posts\/pfbid02Fonnm7rLN1sNjdykbr5Re4UoV1VCLwMeeYgkW9BDr59Hwwhxdh6wevisPjGiJxCEl?rdid=0kFwPwmrap2OmSBw#\">relacji<\/a><\/p>\n","protected":false},"excerpt":{"rendered":"<p>Dzi\u015b w Mor\u0105skiej Pracowni Orange odby\u0142y si\u0119 niezwyk\u0142e warsztaty tworzenia [&hellip;]<\/p>\n","protected":false},"author":220,"featured_media":1881,"comment_status":"open","ping_status":"closed","template":"","class_list":["post-1891","news","type-news","status-publish","has-post-thumbnail","hentry"],"acf":[],"yoast_head":"<!-- This site is optimized with the Yoast SEO plugin v24.5 - https:\/\/yoast.com\/wordpress\/plugins\/seo\/ -->\n<title>Notesy z sow\u0105 - Pracownia Orange Mor\u0105g<\/title>\n<meta name=\"robots\" content=\"index, follow, max-snippet:-1, max-image-preview:large, max-video-preview:-1\" \/>\n<link rel=\"canonical\" href=\"https:\/\/pracownieorange.pl\/morag\/news\/notesy-z-sowa\/\" \/>\n<meta property=\"og:locale\" content=\"pl_PL\" \/>\n<meta property=\"og:type\" content=\"article\" \/>\n<meta property=\"og:title\" content=\"Notesy z sow\u0105 - Pracownia Orange Mor\u0105g\" \/>\n<meta property=\"og:description\" content=\"Dzi\u015b w Mor\u0105skiej Pracowni Orange odby\u0142y si\u0119 niezwyk\u0142e warsztaty tworzenia [&hellip;]\" \/>\n<meta property=\"og:url\" content=\"https:\/\/pracownieorange.pl\/morag\/news\/notesy-z-sowa\/\" \/>\n<meta property=\"og:site_name\" content=\"Pracownia Orange Mor\u0105g\" \/>\n<meta property=\"article:modified_time\" content=\"2025-02-09T02:27:07+00:00\" \/>\n<meta property=\"og:image\" content=\"https:\/\/pracownieorange.pl\/app\/uploads\/sites\/112\/2025\/02\/475268682_1046047337331027_2888889412199944492_n.jpg\" \/>\n\t<meta property=\"og:image:width\" content=\"1024\" \/>\n\t<meta property=\"og:image:height\" content=\"1365\" \/>\n\t<meta property=\"og:image:type\" content=\"image\/jpeg\" \/>\n<meta name=\"twitter:card\" content=\"summary_large_image\" \/>\n<meta name=\"twitter:label1\" content=\"Est. reading time\" \/>\n\t<meta name=\"twitter:data1\" content=\"2 minuty\" \/>\n<script type=\"application\/ld+json\" class=\"yoast-schema-graph\">{\"@context\":\"https:\/\/schema.org\",\"@graph\":[{\"@type\":\"WebPage\",\"@id\":\"https:\/\/pracownieorange.pl\/morag\/news\/notesy-z-sowa\/\",\"url\":\"https:\/\/pracownieorange.pl\/morag\/news\/notesy-z-sowa\/\",\"name\":\"Notesy z sow\u0105 - Pracownia Orange Mor\u0105g\",\"isPartOf\":{\"@id\":\"https:\/\/pracownieorange.pl\/morag\/#website\"},\"primaryImageOfPage\":{\"@id\":\"https:\/\/pracownieorange.pl\/morag\/news\/notesy-z-sowa\/#primaryimage\"},\"image\":{\"@id\":\"https:\/\/pracownieorange.pl\/morag\/news\/notesy-z-sowa\/#primaryimage\"},\"thumbnailUrl\":\"https:\/\/pracownieorange.pl\/app\/uploads\/sites\/112\/2025\/02\/475268682_1046047337331027_2888889412199944492_n.jpg\",\"datePublished\":\"2025-02-06T16:47:22+00:00\",\"dateModified\":\"2025-02-09T02:27:07+00:00\",\"breadcrumb\":{\"@id\":\"https:\/\/pracownieorange.pl\/morag\/news\/notesy-z-sowa\/#breadcrumb\"},\"inLanguage\":\"pl-PL\",\"potentialAction\":[{\"@type\":\"ReadAction\",\"target\":[\"https:\/\/pracownieorange.pl\/morag\/news\/notesy-z-sowa\/\"]}]},{\"@type\":\"ImageObject\",\"inLanguage\":\"pl-PL\",\"@id\":\"https:\/\/pracownieorange.pl\/morag\/news\/notesy-z-sowa\/#primaryimage\",\"url\":\"https:\/\/pracownieorange.pl\/app\/uploads\/sites\/112\/2025\/02\/475268682_1046047337331027_2888889412199944492_n.jpg\",\"contentUrl\":\"https:\/\/pracownieorange.pl\/app\/uploads\/sites\/112\/2025\/02\/475268682_1046047337331027_2888889412199944492_n.jpg\",\"width\":1024,\"height\":1365,\"caption\":\"ch\u0142opak trzyma notes ozdobiony sow\u0105 z gliny\"},{\"@type\":\"BreadcrumbList\",\"@id\":\"https:\/\/pracownieorange.pl\/morag\/news\/notesy-z-sowa\/#breadcrumb\",\"itemListElement\":[{\"@type\":\"ListItem\",\"position\":1,\"name\":\"Home\",\"item\":\"https:\/\/pracownieorange.pl\/morag\/\"},{\"@type\":\"ListItem\",\"position\":2,\"name\":\"Aktualno\u015bci\",\"item\":\"https:\/\/pracownieorange.pl\/morag\/news\/\"},{\"@type\":\"ListItem\",\"position\":3,\"name\":\"Notesy z sow\u0105\"}]},{\"@type\":\"WebSite\",\"@id\":\"https:\/\/pracownieorange.pl\/morag\/#website\",\"url\":\"https:\/\/pracownieorange.pl\/morag\/\",\"name\":\"Pracownia Orange Mor\u0105g\",\"description\":\"\",\"potentialAction\":[{\"@type\":\"SearchAction\",\"target\":{\"@type\":\"EntryPoint\",\"urlTemplate\":\"https:\/\/pracownieorange.pl\/morag\/?s={search_term_string}\"},\"query-input\":{\"@type\":\"PropertyValueSpecification\",\"valueRequired\":true,\"valueName\":\"search_term_string\"}}],\"inLanguage\":\"pl-PL\"}]}<\/script>\n<!-- \/ Yoast SEO plugin. -->","yoast_head_json":{"title":"Notesy z sow\u0105 - Pracownia Orange Mor\u0105g","robots":{"index":"index","follow":"follow","max-snippet":"max-snippet:-1","max-image-preview":"max-image-preview:large","max-video-preview":"max-video-preview:-1"},"canonical":"https:\/\/pracownieorange.pl\/morag\/news\/notesy-z-sowa\/","og_locale":"pl_PL","og_type":"article","og_title":"Notesy z sow\u0105 - Pracownia Orange Mor\u0105g","og_description":"Dzi\u015b w Mor\u0105skiej Pracowni Orange odby\u0142y si\u0119 niezwyk\u0142e warsztaty tworzenia [&hellip;]","og_url":"https:\/\/pracownieorange.pl\/morag\/news\/notesy-z-sowa\/","og_site_name":"Pracownia Orange Mor\u0105g","article_modified_time":"2025-02-09T02:27:07+00:00","og_image":[{"width":1024,"height":1365,"url":"https:\/\/pracownieorange.pl\/app\/uploads\/sites\/112\/2025\/02\/475268682_1046047337331027_2888889412199944492_n.jpg","type":"image\/jpeg"}],"twitter_card":"summary_large_image","twitter_misc":{"Est. reading time":"2 minuty"},"schema":{"@context":"https:\/\/schema.org","@graph":[{"@type":"WebPage","@id":"https:\/\/pracownieorange.pl\/morag\/news\/notesy-z-sowa\/","url":"https:\/\/pracownieorange.pl\/morag\/news\/notesy-z-sowa\/","name":"Notesy z sow\u0105 - Pracownia Orange Mor\u0105g","isPartOf":{"@id":"https:\/\/pracownieorange.pl\/morag\/#website"},"primaryImageOfPage":{"@id":"https:\/\/pracownieorange.pl\/morag\/news\/notesy-z-sowa\/#primaryimage"},"image":{"@id":"https:\/\/pracownieorange.pl\/morag\/news\/notesy-z-sowa\/#primaryimage"},"thumbnailUrl":"https:\/\/pracownieorange.pl\/app\/uploads\/sites\/112\/2025\/02\/475268682_1046047337331027_2888889412199944492_n.jpg","datePublished":"2025-02-06T16:47:22+00:00","dateModified":"2025-02-09T02:27:07+00:00","breadcrumb":{"@id":"https:\/\/pracownieorange.pl\/morag\/news\/notesy-z-sowa\/#breadcrumb"},"inLanguage":"pl-PL","potentialAction":[{"@type":"ReadAction","target":["https:\/\/pracownieorange.pl\/morag\/news\/notesy-z-sowa\/"]}]},{"@type":"ImageObject","inLanguage":"pl-PL","@id":"https:\/\/pracownieorange.pl\/morag\/news\/notesy-z-sowa\/#primaryimage","url":"https:\/\/pracownieorange.pl\/app\/uploads\/sites\/112\/2025\/02\/475268682_1046047337331027_2888889412199944492_n.jpg","contentUrl":"https:\/\/pracownieorange.pl\/app\/uploads\/sites\/112\/2025\/02\/475268682_1046047337331027_2888889412199944492_n.jpg","width":1024,"height":1365,"caption":"ch\u0142opak trzyma notes ozdobiony sow\u0105 z gliny"},{"@type":"BreadcrumbList","@id":"https:\/\/pracownieorange.pl\/morag\/news\/notesy-z-sowa\/#breadcrumb","itemListElement":[{"@type":"ListItem","position":1,"name":"Home","item":"https:\/\/pracownieorange.pl\/morag\/"},{"@type":"ListItem","position":2,"name":"Aktualno\u015bci","item":"https:\/\/pracownieorange.pl\/morag\/news\/"},{"@type":"ListItem","position":3,"name":"Notesy z sow\u0105"}]},{"@type":"WebSite","@id":"https:\/\/pracownieorange.pl\/morag\/#website","url":"https:\/\/pracownieorange.pl\/morag\/","name":"Pracownia Orange Mor\u0105g","description":"","potentialAction":[{"@type":"SearchAction","target":{"@type":"EntryPoint","urlTemplate":"https:\/\/pracownieorange.pl\/morag\/?s={search_term_string}"},"query-input":{"@type":"PropertyValueSpecification","valueRequired":true,"valueName":"search_term_string"}}],"inLanguage":"pl-PL"}]}},"_links":{"self":[{"href":"https:\/\/pracownieorange.pl\/morag\/wp-json\/wp\/v2\/news\/1891","targetHints":{"allow":["GET"]}}],"collection":[{"href":"https:\/\/pracownieorange.pl\/morag\/wp-json\/wp\/v2\/news"}],"about":[{"href":"https:\/\/pracownieorange.pl\/morag\/wp-json\/wp\/v2\/types\/news"}],"author":[{"embeddable":true,"href":"https:\/\/pracownieorange.pl\/morag\/wp-json\/wp\/v2\/users\/220"}],"replies":[{"embeddable":true,"href":"https:\/\/pracownieorange.pl\/morag\/wp-json\/wp\/v2\/comments?post=1891"}],"wp:featuredmedia":[{"embeddable":true,"href":"https:\/\/pracownieorange.pl\/morag\/wp-json\/wp\/v2\/media\/1881"}],"wp:attachment":[{"href":"https:\/\/pracownieorange.pl\/morag\/wp-json\/wp\/v2\/media?parent=1891"}],"curies":[{"name":"wp","href":"https:\/\/api.w.org\/{rel}","templated":true}]}}