

{"id":1765,"date":"2025-01-29T17:35:00","date_gmt":"2025-01-29T16:35:00","guid":{"rendered":"https:\/\/pracownieorange.pl\/morag\/?post_type=news&#038;p=1765"},"modified":"2025-01-29T18:39:20","modified_gmt":"2025-01-29T17:39:20","slug":"w-twoich-rekach-warsztaty-sprawczosci-mlodziezowi-liderzy-pracowni-orange-linoryt","status":"publish","type":"news","link":"https:\/\/pracownieorange.pl\/morag\/news\/w-twoich-rekach-warsztaty-sprawczosci-mlodziezowi-liderzy-pracowni-orange-linoryt\/","title":{"rendered":"W twoich r\u0119kach \u2013 warsztaty sprawczo\u015bci \u2013 \u201cM\u0142odzie\u017cowi liderzy Pracowni Orange\u201d + linoryt"},"content":{"rendered":"<p>Trzeci dzie\u0144 warsztat\u00f3w feryjnych z cyklu <em>W Twoich R\u0119kach: Warsztaty Sprawczo\u015bci<\/em> w Mor\u0105skiej Pracowni Orange up\u0142yn\u0105\u0142 pod znakiem liderstwa i kreatywno\u015bci. Dzisiejszy temat \u2013 <em>M\u0142odzie\u017cowi Liderzy Pracowni Orange<\/em> \u2013 pozwoli\u0142 uczestnikom pozna\u0107 program grantowy Fundacji Orange oraz zg\u0142\u0119bi\u0107 tajniki linorytu.<\/p>\n<p>Na rozgrzewk\u0119 uruchomili\u015bmy cia\u0142o i umys\u0142 poprzez dynamiczne zabawy integracyjne. Nast\u0119pnie m\u0142odzie\u017c zapozna\u0142a si\u0119 z ide\u0105 Programu M\u0142odzie\u017cowych Lider\u00f3w i Liderek Pracowni Orange \u2013 inicjatywy, kt\u00f3ra daje m\u0142odym ludziom szans\u0119 na realizacj\u0119 autorskich projekt\u00f3w. Go\u015bciem specjalnym by\u0142a Gabrysia Rowicka \u2013 laureatka zesz\u0142orocznego grantu, kt\u00f3ra z sukcesem poprowadzi\u0142a w Pracowni cykl warsztat\u00f3w <em>Artystyczna Przysta\u0144<\/em>.<\/p>\n<p>Gabrysia przeprowadzi\u0142a z uczestnikami fascynuj\u0105ce warsztaty z linorytu. M\u0142odzi arty\u015bci w\u0142asnor\u0119cznie przygotowywali matryce, by nast\u0119pnie odbija\u0107 je na papierze, tworz\u0105c oryginalne grafiki lub ozdabiaj\u0105c papierowe torebki. Tw\u00f3rcza atmosfera sprzyja\u0142a eksperymentom i wymianie pomys\u0142\u00f3w.<\/p>\n<p>To jednak nie koniec atrakcji! Ch\u0119tni mogli wykona\u0107 w\u0142asn\u0105 przypink\u0119 \u2013 z wizerunkiem Nastkusia lub zupe\u0142nie autorskim wzorem. Dzie\u0144 zwie\u0144czy\u0142a pe\u0142na emocji rozgrywka w bingo, w kt\u00f3rej na zwyci\u0119zc\u00f3w czeka\u0142y ciekawe nagrody.<\/p>\n<p>Jutro kolejny ekscytuj\u0105cy dzie\u0144 warsztat\u00f3w \u2013 ju\u017c nie mo\u017cemy si\u0119 doczeka\u0107, co przyniesie!<\/p>\n","protected":false},"excerpt":{"rendered":"<p>Trzeci dzie\u0144 warsztat\u00f3w feryjnych z cyklu W Twoich R\u0119kach: Warsztaty [&hellip;]<\/p>\n","protected":false},"author":220,"featured_media":1766,"comment_status":"open","ping_status":"closed","template":"","class_list":["post-1765","news","type-news","status-publish","has-post-thumbnail","hentry"],"acf":[],"yoast_head":"<!-- This site is optimized with the Yoast SEO plugin v24.5 - https:\/\/yoast.com\/wordpress\/plugins\/seo\/ -->\n<title>W twoich r\u0119kach \u2013 warsztaty sprawczo\u015bci \u2013 \u201cM\u0142odzie\u017cowi liderzy Pracowni Orange\u201d + linoryt - Pracownia Orange Mor\u0105g<\/title>\n<meta name=\"robots\" content=\"index, follow, max-snippet:-1, max-image-preview:large, max-video-preview:-1\" \/>\n<link rel=\"canonical\" href=\"https:\/\/pracownieorange.pl\/morag\/news\/w-twoich-rekach-warsztaty-sprawczosci-mlodziezowi-liderzy-pracowni-orange-linoryt\/\" \/>\n<meta property=\"og:locale\" content=\"pl_PL\" \/>\n<meta property=\"og:type\" content=\"article\" \/>\n<meta property=\"og:title\" content=\"W twoich r\u0119kach \u2013 warsztaty sprawczo\u015bci \u2013 \u201cM\u0142odzie\u017cowi liderzy Pracowni Orange\u201d + linoryt - Pracownia Orange Mor\u0105g\" \/>\n<meta property=\"og:description\" content=\"Trzeci dzie\u0144 warsztat\u00f3w feryjnych z cyklu W Twoich R\u0119kach: Warsztaty [&hellip;]\" \/>\n<meta property=\"og:url\" content=\"https:\/\/pracownieorange.pl\/morag\/news\/w-twoich-rekach-warsztaty-sprawczosci-mlodziezowi-liderzy-pracowni-orange-linoryt\/\" \/>\n<meta property=\"og:site_name\" content=\"Pracownia Orange Mor\u0105g\" \/>\n<meta property=\"article:modified_time\" content=\"2025-01-29T17:39:20+00:00\" \/>\n<meta property=\"og:image\" content=\"https:\/\/pracownieorange.pl\/app\/uploads\/sites\/112\/2025\/01\/474640325_444371661975309_5406049347747654932_n.jpg\" \/>\n\t<meta property=\"og:image:width\" content=\"2016\" \/>\n\t<meta property=\"og:image:height\" content=\"1512\" \/>\n\t<meta property=\"og:image:type\" content=\"image\/jpeg\" \/>\n<meta name=\"twitter:card\" content=\"summary_large_image\" \/>\n<meta name=\"twitter:label1\" content=\"Est. reading time\" \/>\n\t<meta name=\"twitter:data1\" content=\"2 minuty\" \/>\n<script type=\"application\/ld+json\" class=\"yoast-schema-graph\">{\"@context\":\"https:\/\/schema.org\",\"@graph\":[{\"@type\":\"WebPage\",\"@id\":\"https:\/\/pracownieorange.pl\/morag\/news\/w-twoich-rekach-warsztaty-sprawczosci-mlodziezowi-liderzy-pracowni-orange-linoryt\/\",\"url\":\"https:\/\/pracownieorange.pl\/morag\/news\/w-twoich-rekach-warsztaty-sprawczosci-mlodziezowi-liderzy-pracowni-orange-linoryt\/\",\"name\":\"W twoich r\u0119kach \u2013 warsztaty sprawczo\u015bci \u2013 \u201cM\u0142odzie\u017cowi liderzy Pracowni Orange\u201d + linoryt - Pracownia Orange Mor\u0105g\",\"isPartOf\":{\"@id\":\"https:\/\/pracownieorange.pl\/morag\/#website\"},\"primaryImageOfPage\":{\"@id\":\"https:\/\/pracownieorange.pl\/morag\/news\/w-twoich-rekach-warsztaty-sprawczosci-mlodziezowi-liderzy-pracowni-orange-linoryt\/#primaryimage\"},\"image\":{\"@id\":\"https:\/\/pracownieorange.pl\/morag\/news\/w-twoich-rekach-warsztaty-sprawczosci-mlodziezowi-liderzy-pracowni-orange-linoryt\/#primaryimage\"},\"thumbnailUrl\":\"https:\/\/pracownieorange.pl\/app\/uploads\/sites\/112\/2025\/01\/474640325_444371661975309_5406049347747654932_n.jpg\",\"datePublished\":\"2025-01-29T16:35:00+00:00\",\"dateModified\":\"2025-01-29T17:39:20+00:00\",\"breadcrumb\":{\"@id\":\"https:\/\/pracownieorange.pl\/morag\/news\/w-twoich-rekach-warsztaty-sprawczosci-mlodziezowi-liderzy-pracowni-orange-linoryt\/#breadcrumb\"},\"inLanguage\":\"pl-PL\",\"potentialAction\":[{\"@type\":\"ReadAction\",\"target\":[\"https:\/\/pracownieorange.pl\/morag\/news\/w-twoich-rekach-warsztaty-sprawczosci-mlodziezowi-liderzy-pracowni-orange-linoryt\/\"]}]},{\"@type\":\"ImageObject\",\"inLanguage\":\"pl-PL\",\"@id\":\"https:\/\/pracownieorange.pl\/morag\/news\/w-twoich-rekach-warsztaty-sprawczosci-mlodziezowi-liderzy-pracowni-orange-linoryt\/#primaryimage\",\"url\":\"https:\/\/pracownieorange.pl\/app\/uploads\/sites\/112\/2025\/01\/474640325_444371661975309_5406049347747654932_n.jpg\",\"contentUrl\":\"https:\/\/pracownieorange.pl\/app\/uploads\/sites\/112\/2025\/01\/474640325_444371661975309_5406049347747654932_n.jpg\",\"width\":2016,\"height\":1512,\"caption\":\"Grupa m\u0142odzie\u017cy siedzi przy sto\u0142ach, przed sob\u0105 maja zielone podk\u0142adki i inne przybory, po \u015brodku stoi kobieta\"},{\"@type\":\"BreadcrumbList\",\"@id\":\"https:\/\/pracownieorange.pl\/morag\/news\/w-twoich-rekach-warsztaty-sprawczosci-mlodziezowi-liderzy-pracowni-orange-linoryt\/#breadcrumb\",\"itemListElement\":[{\"@type\":\"ListItem\",\"position\":1,\"name\":\"Home\",\"item\":\"https:\/\/pracownieorange.pl\/morag\/\"},{\"@type\":\"ListItem\",\"position\":2,\"name\":\"Aktualno\u015bci\",\"item\":\"https:\/\/pracownieorange.pl\/morag\/news\/\"},{\"@type\":\"ListItem\",\"position\":3,\"name\":\"W twoich r\u0119kach \u2013 warsztaty sprawczo\u015bci \u2013 \u201cM\u0142odzie\u017cowi liderzy Pracowni Orange\u201d + linoryt\"}]},{\"@type\":\"WebSite\",\"@id\":\"https:\/\/pracownieorange.pl\/morag\/#website\",\"url\":\"https:\/\/pracownieorange.pl\/morag\/\",\"name\":\"Pracownia Orange Mor\u0105g\",\"description\":\"\",\"potentialAction\":[{\"@type\":\"SearchAction\",\"target\":{\"@type\":\"EntryPoint\",\"urlTemplate\":\"https:\/\/pracownieorange.pl\/morag\/?s={search_term_string}\"},\"query-input\":{\"@type\":\"PropertyValueSpecification\",\"valueRequired\":true,\"valueName\":\"search_term_string\"}}],\"inLanguage\":\"pl-PL\"}]}<\/script>\n<!-- \/ Yoast SEO plugin. -->","yoast_head_json":{"title":"W twoich r\u0119kach \u2013 warsztaty sprawczo\u015bci \u2013 \u201cM\u0142odzie\u017cowi liderzy Pracowni Orange\u201d + linoryt - Pracownia Orange Mor\u0105g","robots":{"index":"index","follow":"follow","max-snippet":"max-snippet:-1","max-image-preview":"max-image-preview:large","max-video-preview":"max-video-preview:-1"},"canonical":"https:\/\/pracownieorange.pl\/morag\/news\/w-twoich-rekach-warsztaty-sprawczosci-mlodziezowi-liderzy-pracowni-orange-linoryt\/","og_locale":"pl_PL","og_type":"article","og_title":"W twoich r\u0119kach \u2013 warsztaty sprawczo\u015bci \u2013 \u201cM\u0142odzie\u017cowi liderzy Pracowni Orange\u201d + linoryt - Pracownia Orange Mor\u0105g","og_description":"Trzeci dzie\u0144 warsztat\u00f3w feryjnych z cyklu W Twoich R\u0119kach: Warsztaty [&hellip;]","og_url":"https:\/\/pracownieorange.pl\/morag\/news\/w-twoich-rekach-warsztaty-sprawczosci-mlodziezowi-liderzy-pracowni-orange-linoryt\/","og_site_name":"Pracownia Orange Mor\u0105g","article_modified_time":"2025-01-29T17:39:20+00:00","og_image":[{"width":2016,"height":1512,"url":"https:\/\/pracownieorange.pl\/app\/uploads\/sites\/112\/2025\/01\/474640325_444371661975309_5406049347747654932_n.jpg","type":"image\/jpeg"}],"twitter_card":"summary_large_image","twitter_misc":{"Est. reading time":"2 minuty"},"schema":{"@context":"https:\/\/schema.org","@graph":[{"@type":"WebPage","@id":"https:\/\/pracownieorange.pl\/morag\/news\/w-twoich-rekach-warsztaty-sprawczosci-mlodziezowi-liderzy-pracowni-orange-linoryt\/","url":"https:\/\/pracownieorange.pl\/morag\/news\/w-twoich-rekach-warsztaty-sprawczosci-mlodziezowi-liderzy-pracowni-orange-linoryt\/","name":"W twoich r\u0119kach \u2013 warsztaty sprawczo\u015bci \u2013 \u201cM\u0142odzie\u017cowi liderzy Pracowni Orange\u201d + linoryt - Pracownia Orange Mor\u0105g","isPartOf":{"@id":"https:\/\/pracownieorange.pl\/morag\/#website"},"primaryImageOfPage":{"@id":"https:\/\/pracownieorange.pl\/morag\/news\/w-twoich-rekach-warsztaty-sprawczosci-mlodziezowi-liderzy-pracowni-orange-linoryt\/#primaryimage"},"image":{"@id":"https:\/\/pracownieorange.pl\/morag\/news\/w-twoich-rekach-warsztaty-sprawczosci-mlodziezowi-liderzy-pracowni-orange-linoryt\/#primaryimage"},"thumbnailUrl":"https:\/\/pracownieorange.pl\/app\/uploads\/sites\/112\/2025\/01\/474640325_444371661975309_5406049347747654932_n.jpg","datePublished":"2025-01-29T16:35:00+00:00","dateModified":"2025-01-29T17:39:20+00:00","breadcrumb":{"@id":"https:\/\/pracownieorange.pl\/morag\/news\/w-twoich-rekach-warsztaty-sprawczosci-mlodziezowi-liderzy-pracowni-orange-linoryt\/#breadcrumb"},"inLanguage":"pl-PL","potentialAction":[{"@type":"ReadAction","target":["https:\/\/pracownieorange.pl\/morag\/news\/w-twoich-rekach-warsztaty-sprawczosci-mlodziezowi-liderzy-pracowni-orange-linoryt\/"]}]},{"@type":"ImageObject","inLanguage":"pl-PL","@id":"https:\/\/pracownieorange.pl\/morag\/news\/w-twoich-rekach-warsztaty-sprawczosci-mlodziezowi-liderzy-pracowni-orange-linoryt\/#primaryimage","url":"https:\/\/pracownieorange.pl\/app\/uploads\/sites\/112\/2025\/01\/474640325_444371661975309_5406049347747654932_n.jpg","contentUrl":"https:\/\/pracownieorange.pl\/app\/uploads\/sites\/112\/2025\/01\/474640325_444371661975309_5406049347747654932_n.jpg","width":2016,"height":1512,"caption":"Grupa m\u0142odzie\u017cy siedzi przy sto\u0142ach, przed sob\u0105 maja zielone podk\u0142adki i inne przybory, po \u015brodku stoi kobieta"},{"@type":"BreadcrumbList","@id":"https:\/\/pracownieorange.pl\/morag\/news\/w-twoich-rekach-warsztaty-sprawczosci-mlodziezowi-liderzy-pracowni-orange-linoryt\/#breadcrumb","itemListElement":[{"@type":"ListItem","position":1,"name":"Home","item":"https:\/\/pracownieorange.pl\/morag\/"},{"@type":"ListItem","position":2,"name":"Aktualno\u015bci","item":"https:\/\/pracownieorange.pl\/morag\/news\/"},{"@type":"ListItem","position":3,"name":"W twoich r\u0119kach \u2013 warsztaty sprawczo\u015bci \u2013 \u201cM\u0142odzie\u017cowi liderzy Pracowni Orange\u201d + linoryt"}]},{"@type":"WebSite","@id":"https:\/\/pracownieorange.pl\/morag\/#website","url":"https:\/\/pracownieorange.pl\/morag\/","name":"Pracownia Orange Mor\u0105g","description":"","potentialAction":[{"@type":"SearchAction","target":{"@type":"EntryPoint","urlTemplate":"https:\/\/pracownieorange.pl\/morag\/?s={search_term_string}"},"query-input":{"@type":"PropertyValueSpecification","valueRequired":true,"valueName":"search_term_string"}}],"inLanguage":"pl-PL"}]}},"_links":{"self":[{"href":"https:\/\/pracownieorange.pl\/morag\/wp-json\/wp\/v2\/news\/1765","targetHints":{"allow":["GET"]}}],"collection":[{"href":"https:\/\/pracownieorange.pl\/morag\/wp-json\/wp\/v2\/news"}],"about":[{"href":"https:\/\/pracownieorange.pl\/morag\/wp-json\/wp\/v2\/types\/news"}],"author":[{"embeddable":true,"href":"https:\/\/pracownieorange.pl\/morag\/wp-json\/wp\/v2\/users\/220"}],"replies":[{"embeddable":true,"href":"https:\/\/pracownieorange.pl\/morag\/wp-json\/wp\/v2\/comments?post=1765"}],"wp:featuredmedia":[{"embeddable":true,"href":"https:\/\/pracownieorange.pl\/morag\/wp-json\/wp\/v2\/media\/1766"}],"wp:attachment":[{"href":"https:\/\/pracownieorange.pl\/morag\/wp-json\/wp\/v2\/media?parent=1765"}],"curies":[{"name":"wp","href":"https:\/\/api.w.org\/{rel}","templated":true}]}}