

{"id":1742,"date":"2025-01-27T16:04:37","date_gmt":"2025-01-27T15:04:37","guid":{"rendered":"https:\/\/pracownieorange.pl\/morag\/?post_type=news&#038;p=1742"},"modified":"2025-01-27T16:49:59","modified_gmt":"2025-01-27T15:49:59","slug":"w-twoich-rekach-warsztaty-sprawczosci-poczucie-sprawczosci-a-gogle-vr","status":"publish","type":"news","link":"https:\/\/pracownieorange.pl\/morag\/news\/w-twoich-rekach-warsztaty-sprawczosci-poczucie-sprawczosci-a-gogle-vr\/","title":{"rendered":"W twoich r\u0119kach &#8211; warsztaty sprawczo\u015bci &#8211; \u201cPoczucie sprawczo\u015bci a gogle VR\u201d"},"content":{"rendered":"<div class=\"xdj266r x11i5rnm xat24cr x1mh8g0r x1vvkbs x126k92a\">\n<div dir=\"auto\">Ferie zimowe w Dziale dla M\u0142odzie\u017cy NASTKA\/Pracowni Orange rozpocz\u0119te! Podczas dzisiejszych warsztat\u00f3w uczestnicy uczyli si\u0119, jak lepiej zarz\u0105dza\u0107 czasem i uwierzy\u0107 we w\u0142asne mo\u017cliwo\u015bci. Spotkanie rozpocz\u0119li\u015bmy od kilku zabaw na rozruszanie towarzystwa. Nast\u0119pnie przeszli\u015bmy do inspiruj\u0105cych historii wyj\u0105tkowych ludzi, takich jak Sally Ride czy Walt Disney, by wsp\u00f3lnie odkry\u0107, jakie cechy i dzia\u0142ania prowadz\u0105 do sukcesu. Praktyczny eksperyment z wype\u0142nianiem czasu za pomoc\u0105 kulek i ziarenek ry\u017cu pokaza\u0142, jak wa\u017cne jest skupienie si\u0119 najpierw na najwa\u017cniejszych zadaniach \u2013 reszta zmie\u015bci si\u0119 sama! Du\u017ce emocje przynios\u0142o do\u015bwiadczenie VR. Uczestnicy mieli okazj\u0119 przenie\u015b\u0107 si\u0119 na Mi\u0119dzynarodow\u0105 Stacj\u0119 Kosmiczn\u0105, spacerowa\u0107 w przestrzeni kosmicznej i poczu\u0107 si\u0119 jak prawdziwy kosmonauta. Na zako\u0144czenie ka\u017cdy wykona\u0142 sw\u00f3j personalizowany przybornik z motywacyjn\u0105 tabliczk\u0105 zaprojektowan\u0105 w programie graficznym i wyci\u0119t\u0105 na ploterze laserowym, kt\u00f3ra b\u0119dzie codziennie przypomina\u0107, \u017ce wszystko jest mo\u017cliwe. Kreatywno\u015b\u0107 i zaanga\u017cowanie uczestnik\u00f3w by\u0142y niesamowite!<\/div>\n<div dir=\"auto\">\n<p>Scenariusz zaj\u0119\u0107 z naszymi modyfikacjami zosta\u0142 zrealizowany na bazie inspiracji &#8222;Poczucie sprawczo\u015bci a gogle VR&#8221; dost\u0119pnej na platformie Pracowni Orange.<\/p>\n<p class=\"singlePost__type\">\n<\/div>\n<\/div>\n","protected":false},"excerpt":{"rendered":"<p>Ferie zimowe w Dziale dla M\u0142odzie\u017cy NASTKA\/Pracowni Orange rozpocz\u0119te! Podczas [&hellip;]<\/p>\n","protected":false},"author":195,"featured_media":1748,"comment_status":"open","ping_status":"closed","template":"","class_list":["post-1742","news","type-news","status-publish","has-post-thumbnail","hentry"],"acf":[],"yoast_head":"<!-- This site is optimized with the Yoast SEO plugin v24.5 - https:\/\/yoast.com\/wordpress\/plugins\/seo\/ -->\n<title>W twoich r\u0119kach - warsztaty sprawczo\u015bci - \u201cPoczucie sprawczo\u015bci a gogle VR\u201d - Pracownia Orange Mor\u0105g<\/title>\n<meta name=\"robots\" content=\"index, follow, max-snippet:-1, max-image-preview:large, max-video-preview:-1\" \/>\n<link rel=\"canonical\" href=\"https:\/\/pracownieorange.pl\/morag\/news\/w-twoich-rekach-warsztaty-sprawczosci-poczucie-sprawczosci-a-gogle-vr\/\" \/>\n<meta property=\"og:locale\" content=\"pl_PL\" \/>\n<meta property=\"og:type\" content=\"article\" \/>\n<meta property=\"og:title\" content=\"W twoich r\u0119kach - warsztaty sprawczo\u015bci - \u201cPoczucie sprawczo\u015bci a gogle VR\u201d - Pracownia Orange Mor\u0105g\" \/>\n<meta property=\"og:description\" content=\"Ferie zimowe w Dziale dla M\u0142odzie\u017cy NASTKA\/Pracowni Orange rozpocz\u0119te! Podczas [&hellip;]\" \/>\n<meta property=\"og:url\" content=\"https:\/\/pracownieorange.pl\/morag\/news\/w-twoich-rekach-warsztaty-sprawczosci-poczucie-sprawczosci-a-gogle-vr\/\" \/>\n<meta property=\"og:site_name\" content=\"Pracownia Orange Mor\u0105g\" \/>\n<meta property=\"article:modified_time\" content=\"2025-01-27T15:49:59+00:00\" \/>\n<meta property=\"og:image\" content=\"https:\/\/pracownieorange.pl\/app\/uploads\/sites\/112\/2025\/01\/374e7ee2-6344-4c88-be52-a7ea99e8a886.jpg\" \/>\n\t<meta property=\"og:image:width\" content=\"1024\" \/>\n\t<meta property=\"og:image:height\" content=\"768\" \/>\n\t<meta property=\"og:image:type\" content=\"image\/jpeg\" \/>\n<meta name=\"twitter:card\" content=\"summary_large_image\" \/>\n<meta name=\"twitter:label1\" content=\"Est. reading time\" \/>\n\t<meta name=\"twitter:data1\" content=\"2 minuty\" \/>\n<script type=\"application\/ld+json\" class=\"yoast-schema-graph\">{\"@context\":\"https:\/\/schema.org\",\"@graph\":[{\"@type\":\"WebPage\",\"@id\":\"https:\/\/pracownieorange.pl\/morag\/news\/w-twoich-rekach-warsztaty-sprawczosci-poczucie-sprawczosci-a-gogle-vr\/\",\"url\":\"https:\/\/pracownieorange.pl\/morag\/news\/w-twoich-rekach-warsztaty-sprawczosci-poczucie-sprawczosci-a-gogle-vr\/\",\"name\":\"W twoich r\u0119kach - warsztaty sprawczo\u015bci - \u201cPoczucie sprawczo\u015bci a gogle VR\u201d - Pracownia Orange Mor\u0105g\",\"isPartOf\":{\"@id\":\"https:\/\/pracownieorange.pl\/morag\/#website\"},\"primaryImageOfPage\":{\"@id\":\"https:\/\/pracownieorange.pl\/morag\/news\/w-twoich-rekach-warsztaty-sprawczosci-poczucie-sprawczosci-a-gogle-vr\/#primaryimage\"},\"image\":{\"@id\":\"https:\/\/pracownieorange.pl\/morag\/news\/w-twoich-rekach-warsztaty-sprawczosci-poczucie-sprawczosci-a-gogle-vr\/#primaryimage\"},\"thumbnailUrl\":\"https:\/\/pracownieorange.pl\/app\/uploads\/sites\/112\/2025\/01\/374e7ee2-6344-4c88-be52-a7ea99e8a886.jpg\",\"datePublished\":\"2025-01-27T15:04:37+00:00\",\"dateModified\":\"2025-01-27T15:49:59+00:00\",\"breadcrumb\":{\"@id\":\"https:\/\/pracownieorange.pl\/morag\/news\/w-twoich-rekach-warsztaty-sprawczosci-poczucie-sprawczosci-a-gogle-vr\/#breadcrumb\"},\"inLanguage\":\"pl-PL\",\"potentialAction\":[{\"@type\":\"ReadAction\",\"target\":[\"https:\/\/pracownieorange.pl\/morag\/news\/w-twoich-rekach-warsztaty-sprawczosci-poczucie-sprawczosci-a-gogle-vr\/\"]}]},{\"@type\":\"ImageObject\",\"inLanguage\":\"pl-PL\",\"@id\":\"https:\/\/pracownieorange.pl\/morag\/news\/w-twoich-rekach-warsztaty-sprawczosci-poczucie-sprawczosci-a-gogle-vr\/#primaryimage\",\"url\":\"https:\/\/pracownieorange.pl\/app\/uploads\/sites\/112\/2025\/01\/374e7ee2-6344-4c88-be52-a7ea99e8a886.jpg\",\"contentUrl\":\"https:\/\/pracownieorange.pl\/app\/uploads\/sites\/112\/2025\/01\/374e7ee2-6344-4c88-be52-a7ea99e8a886.jpg\",\"width\":1024,\"height\":768,\"caption\":\"grupa nastolatk\u00f3w siedz\u0105ca na poduchach i krzes\u0142ach siedzi zwr\u00f3cona w stron\u0119 kobiety siedz\u0105cej obok telewizora z wy\u015bwietlan\u0105 prezentacj\u0105\"},{\"@type\":\"BreadcrumbList\",\"@id\":\"https:\/\/pracownieorange.pl\/morag\/news\/w-twoich-rekach-warsztaty-sprawczosci-poczucie-sprawczosci-a-gogle-vr\/#breadcrumb\",\"itemListElement\":[{\"@type\":\"ListItem\",\"position\":1,\"name\":\"Home\",\"item\":\"https:\/\/pracownieorange.pl\/morag\/\"},{\"@type\":\"ListItem\",\"position\":2,\"name\":\"Aktualno\u015bci\",\"item\":\"https:\/\/pracownieorange.pl\/morag\/news\/\"},{\"@type\":\"ListItem\",\"position\":3,\"name\":\"W twoich r\u0119kach &#8211; warsztaty sprawczo\u015bci &#8211; \u201cPoczucie sprawczo\u015bci a gogle VR\u201d\"}]},{\"@type\":\"WebSite\",\"@id\":\"https:\/\/pracownieorange.pl\/morag\/#website\",\"url\":\"https:\/\/pracownieorange.pl\/morag\/\",\"name\":\"Pracownia Orange Mor\u0105g\",\"description\":\"\",\"potentialAction\":[{\"@type\":\"SearchAction\",\"target\":{\"@type\":\"EntryPoint\",\"urlTemplate\":\"https:\/\/pracownieorange.pl\/morag\/?s={search_term_string}\"},\"query-input\":{\"@type\":\"PropertyValueSpecification\",\"valueRequired\":true,\"valueName\":\"search_term_string\"}}],\"inLanguage\":\"pl-PL\"}]}<\/script>\n<!-- \/ Yoast SEO plugin. -->","yoast_head_json":{"title":"W twoich r\u0119kach - warsztaty sprawczo\u015bci - \u201cPoczucie sprawczo\u015bci a gogle VR\u201d - Pracownia Orange Mor\u0105g","robots":{"index":"index","follow":"follow","max-snippet":"max-snippet:-1","max-image-preview":"max-image-preview:large","max-video-preview":"max-video-preview:-1"},"canonical":"https:\/\/pracownieorange.pl\/morag\/news\/w-twoich-rekach-warsztaty-sprawczosci-poczucie-sprawczosci-a-gogle-vr\/","og_locale":"pl_PL","og_type":"article","og_title":"W twoich r\u0119kach - warsztaty sprawczo\u015bci - \u201cPoczucie sprawczo\u015bci a gogle VR\u201d - Pracownia Orange Mor\u0105g","og_description":"Ferie zimowe w Dziale dla M\u0142odzie\u017cy NASTKA\/Pracowni Orange rozpocz\u0119te! Podczas [&hellip;]","og_url":"https:\/\/pracownieorange.pl\/morag\/news\/w-twoich-rekach-warsztaty-sprawczosci-poczucie-sprawczosci-a-gogle-vr\/","og_site_name":"Pracownia Orange Mor\u0105g","article_modified_time":"2025-01-27T15:49:59+00:00","og_image":[{"width":1024,"height":768,"url":"https:\/\/pracownieorange.pl\/app\/uploads\/sites\/112\/2025\/01\/374e7ee2-6344-4c88-be52-a7ea99e8a886.jpg","type":"image\/jpeg"}],"twitter_card":"summary_large_image","twitter_misc":{"Est. reading time":"2 minuty"},"schema":{"@context":"https:\/\/schema.org","@graph":[{"@type":"WebPage","@id":"https:\/\/pracownieorange.pl\/morag\/news\/w-twoich-rekach-warsztaty-sprawczosci-poczucie-sprawczosci-a-gogle-vr\/","url":"https:\/\/pracownieorange.pl\/morag\/news\/w-twoich-rekach-warsztaty-sprawczosci-poczucie-sprawczosci-a-gogle-vr\/","name":"W twoich r\u0119kach - warsztaty sprawczo\u015bci - \u201cPoczucie sprawczo\u015bci a gogle VR\u201d - Pracownia Orange Mor\u0105g","isPartOf":{"@id":"https:\/\/pracownieorange.pl\/morag\/#website"},"primaryImageOfPage":{"@id":"https:\/\/pracownieorange.pl\/morag\/news\/w-twoich-rekach-warsztaty-sprawczosci-poczucie-sprawczosci-a-gogle-vr\/#primaryimage"},"image":{"@id":"https:\/\/pracownieorange.pl\/morag\/news\/w-twoich-rekach-warsztaty-sprawczosci-poczucie-sprawczosci-a-gogle-vr\/#primaryimage"},"thumbnailUrl":"https:\/\/pracownieorange.pl\/app\/uploads\/sites\/112\/2025\/01\/374e7ee2-6344-4c88-be52-a7ea99e8a886.jpg","datePublished":"2025-01-27T15:04:37+00:00","dateModified":"2025-01-27T15:49:59+00:00","breadcrumb":{"@id":"https:\/\/pracownieorange.pl\/morag\/news\/w-twoich-rekach-warsztaty-sprawczosci-poczucie-sprawczosci-a-gogle-vr\/#breadcrumb"},"inLanguage":"pl-PL","potentialAction":[{"@type":"ReadAction","target":["https:\/\/pracownieorange.pl\/morag\/news\/w-twoich-rekach-warsztaty-sprawczosci-poczucie-sprawczosci-a-gogle-vr\/"]}]},{"@type":"ImageObject","inLanguage":"pl-PL","@id":"https:\/\/pracownieorange.pl\/morag\/news\/w-twoich-rekach-warsztaty-sprawczosci-poczucie-sprawczosci-a-gogle-vr\/#primaryimage","url":"https:\/\/pracownieorange.pl\/app\/uploads\/sites\/112\/2025\/01\/374e7ee2-6344-4c88-be52-a7ea99e8a886.jpg","contentUrl":"https:\/\/pracownieorange.pl\/app\/uploads\/sites\/112\/2025\/01\/374e7ee2-6344-4c88-be52-a7ea99e8a886.jpg","width":1024,"height":768,"caption":"grupa nastolatk\u00f3w siedz\u0105ca na poduchach i krzes\u0142ach siedzi zwr\u00f3cona w stron\u0119 kobiety siedz\u0105cej obok telewizora z wy\u015bwietlan\u0105 prezentacj\u0105"},{"@type":"BreadcrumbList","@id":"https:\/\/pracownieorange.pl\/morag\/news\/w-twoich-rekach-warsztaty-sprawczosci-poczucie-sprawczosci-a-gogle-vr\/#breadcrumb","itemListElement":[{"@type":"ListItem","position":1,"name":"Home","item":"https:\/\/pracownieorange.pl\/morag\/"},{"@type":"ListItem","position":2,"name":"Aktualno\u015bci","item":"https:\/\/pracownieorange.pl\/morag\/news\/"},{"@type":"ListItem","position":3,"name":"W twoich r\u0119kach &#8211; warsztaty sprawczo\u015bci &#8211; \u201cPoczucie sprawczo\u015bci a gogle VR\u201d"}]},{"@type":"WebSite","@id":"https:\/\/pracownieorange.pl\/morag\/#website","url":"https:\/\/pracownieorange.pl\/morag\/","name":"Pracownia Orange Mor\u0105g","description":"","potentialAction":[{"@type":"SearchAction","target":{"@type":"EntryPoint","urlTemplate":"https:\/\/pracownieorange.pl\/morag\/?s={search_term_string}"},"query-input":{"@type":"PropertyValueSpecification","valueRequired":true,"valueName":"search_term_string"}}],"inLanguage":"pl-PL"}]}},"_links":{"self":[{"href":"https:\/\/pracownieorange.pl\/morag\/wp-json\/wp\/v2\/news\/1742","targetHints":{"allow":["GET"]}}],"collection":[{"href":"https:\/\/pracownieorange.pl\/morag\/wp-json\/wp\/v2\/news"}],"about":[{"href":"https:\/\/pracownieorange.pl\/morag\/wp-json\/wp\/v2\/types\/news"}],"author":[{"embeddable":true,"href":"https:\/\/pracownieorange.pl\/morag\/wp-json\/wp\/v2\/users\/195"}],"replies":[{"embeddable":true,"href":"https:\/\/pracownieorange.pl\/morag\/wp-json\/wp\/v2\/comments?post=1742"}],"wp:featuredmedia":[{"embeddable":true,"href":"https:\/\/pracownieorange.pl\/morag\/wp-json\/wp\/v2\/media\/1748"}],"wp:attachment":[{"href":"https:\/\/pracownieorange.pl\/morag\/wp-json\/wp\/v2\/media?parent=1742"}],"curies":[{"name":"wp","href":"https:\/\/api.w.org\/{rel}","templated":true}]}}