

{"id":1705,"date":"2024-12-19T14:12:04","date_gmt":"2024-12-19T13:12:04","guid":{"rendered":"https:\/\/pracownieorange.pl\/morag\/?post_type=news&#038;p=1705"},"modified":"2024-12-19T16:21:01","modified_gmt":"2024-12-19T15:21:01","slug":"swiateczne-warsztaty-finalowa-odslona","status":"publish","type":"news","link":"https:\/\/pracownieorange.pl\/morag\/news\/swiateczne-warsztaty-finalowa-odslona\/","title":{"rendered":"\u015awi\u0105teczne warsztaty &#8211; fina\u0142owa ods\u0142ona!"},"content":{"rendered":"<div class=\"xdj266r x11i5rnm xat24cr x1mh8g0r x1vvkbs x126k92a\">\n<div dir=\"auto\">Dzi\u015b w Mor\u0105skiej Pracowni Orange go\u015bcili\u015bmy klas\u0119 5b ze Szko\u0142y Podstawowej nr 1 w Mor\u0105gu! Warsztaty rozpocz\u0119li\u015bmy z energi\u0105 i u\u015bmiechem, dzi\u0119ki zabawie \u201ewy\u015bcig poduszek\u201d \u2013 \u015bmiechu by\u0142o co niemiara!<\/div>\n<\/div>\n<div class=\"x11i5rnm xat24cr x1mh8g0r x1vvkbs xtlvy1s x126k92a\">\n<div dir=\"auto\">Nast\u0119pnie uczniowie przyst\u0105pili do kreatywnej pracy, tworz\u0105c pi\u0119kne choinkowe bombki ze sklejki, kt\u00f3re wcze\u015bniej przygotowali\u015bmy na naszym ploterze laserowym. W\u0142asnor\u0119cznie wykonane ozdoby b\u0119d\u0105 cudown\u0105 pami\u0105tk\u0105 tych wyj\u0105tkowych chwil!<\/div>\n<\/div>\n<div class=\"x11i5rnm xat24cr x1mh8g0r x1vvkbs xtlvy1s x126k92a\">\n<div dir=\"auto\">Na zako\u0144czenie ka\u017cdy m\u00f3g\u0142 zrobi\u0107 swoj\u0105 unikaln\u0105 przypink\u0119 z Nastkusiem \u2013 nasz\u0105 ulubion\u0105 maskotk\u0105.<\/div>\n<\/div>\n<div class=\"x11i5rnm xat24cr x1mh8g0r x1vvkbs xtlvy1s x126k92a\">\n<div dir=\"auto\">Tegoroczne warsztaty cieszy\u0142y si\u0119 ogromnym zainteresowaniem \u2013 mieli\u015bmy przyjemno\u015b\u0107 go\u015bci\u0107 kilka klas z r\u00f3\u017cnych szk\u00f3\u0142! To by\u0142y ostatnie warsztaty w tym roku, ale ju\u017c po Nowym Roku wracamy z now\u0105, jeszcze ciekawsz\u0105 ofert\u0105!<\/div>\n<\/div>\n<div class=\"x11i5rnm xat24cr x1mh8g0r x1vvkbs xtlvy1s x126k92a\">\n<div dir=\"auto\">Dzi\u0119kujemy wszystkim za wsp\u00f3lnie sp\u0119dzony czas pe\u0142en rado\u015bci i kreatywno\u015bci! Do zobaczenia w 2025 roku!<\/div>\n<\/div>\n","protected":false},"excerpt":{"rendered":"<p>Dzi\u015b w Mor\u0105skiej Pracowni Orange go\u015bcili\u015bmy klas\u0119 5b ze Szko\u0142y [&hellip;]<\/p>\n","protected":false},"author":220,"featured_media":1706,"comment_status":"open","ping_status":"closed","template":"","class_list":["post-1705","news","type-news","status-publish","has-post-thumbnail","hentry"],"acf":[],"yoast_head":"<!-- This site is optimized with the Yoast SEO plugin v24.5 - https:\/\/yoast.com\/wordpress\/plugins\/seo\/ -->\n<title>\u015awi\u0105teczne warsztaty - fina\u0142owa ods\u0142ona! - Pracownia Orange Mor\u0105g<\/title>\n<meta name=\"robots\" content=\"index, follow, max-snippet:-1, max-image-preview:large, max-video-preview:-1\" \/>\n<link rel=\"canonical\" href=\"https:\/\/pracownieorange.pl\/morag\/news\/swiateczne-warsztaty-finalowa-odslona\/\" \/>\n<meta property=\"og:locale\" content=\"pl_PL\" \/>\n<meta property=\"og:type\" content=\"article\" \/>\n<meta property=\"og:title\" content=\"\u015awi\u0105teczne warsztaty - fina\u0142owa ods\u0142ona! - Pracownia Orange Mor\u0105g\" \/>\n<meta property=\"og:description\" content=\"Dzi\u015b w Mor\u0105skiej Pracowni Orange go\u015bcili\u015bmy klas\u0119 5b ze Szko\u0142y [&hellip;]\" \/>\n<meta property=\"og:url\" content=\"https:\/\/pracownieorange.pl\/morag\/news\/swiateczne-warsztaty-finalowa-odslona\/\" \/>\n<meta property=\"og:site_name\" content=\"Pracownia Orange Mor\u0105g\" \/>\n<meta property=\"article:modified_time\" content=\"2024-12-19T15:21:01+00:00\" \/>\n<meta property=\"og:image\" content=\"https:\/\/pracownieorange.pl\/app\/uploads\/sites\/112\/2024\/12\/029c538f-cb1e-4025-bb19-953c5fb105a6.jpg\" \/>\n\t<meta property=\"og:image:width\" content=\"2016\" \/>\n\t<meta property=\"og:image:height\" content=\"1512\" \/>\n\t<meta property=\"og:image:type\" content=\"image\/jpeg\" \/>\n<meta name=\"twitter:card\" content=\"summary_large_image\" \/>\n<meta name=\"twitter:label1\" content=\"Est. reading time\" \/>\n\t<meta name=\"twitter:data1\" content=\"1 minuta\" \/>\n<script type=\"application\/ld+json\" class=\"yoast-schema-graph\">{\"@context\":\"https:\/\/schema.org\",\"@graph\":[{\"@type\":\"WebPage\",\"@id\":\"https:\/\/pracownieorange.pl\/morag\/news\/swiateczne-warsztaty-finalowa-odslona\/\",\"url\":\"https:\/\/pracownieorange.pl\/morag\/news\/swiateczne-warsztaty-finalowa-odslona\/\",\"name\":\"\u015awi\u0105teczne warsztaty - fina\u0142owa ods\u0142ona! - Pracownia Orange Mor\u0105g\",\"isPartOf\":{\"@id\":\"https:\/\/pracownieorange.pl\/morag\/#website\"},\"primaryImageOfPage\":{\"@id\":\"https:\/\/pracownieorange.pl\/morag\/news\/swiateczne-warsztaty-finalowa-odslona\/#primaryimage\"},\"image\":{\"@id\":\"https:\/\/pracownieorange.pl\/morag\/news\/swiateczne-warsztaty-finalowa-odslona\/#primaryimage\"},\"thumbnailUrl\":\"https:\/\/pracownieorange.pl\/app\/uploads\/sites\/112\/2024\/12\/029c538f-cb1e-4025-bb19-953c5fb105a6.jpg\",\"datePublished\":\"2024-12-19T13:12:04+00:00\",\"dateModified\":\"2024-12-19T15:21:01+00:00\",\"breadcrumb\":{\"@id\":\"https:\/\/pracownieorange.pl\/morag\/news\/swiateczne-warsztaty-finalowa-odslona\/#breadcrumb\"},\"inLanguage\":\"pl-PL\",\"potentialAction\":[{\"@type\":\"ReadAction\",\"target\":[\"https:\/\/pracownieorange.pl\/morag\/news\/swiateczne-warsztaty-finalowa-odslona\/\"]}]},{\"@type\":\"ImageObject\",\"inLanguage\":\"pl-PL\",\"@id\":\"https:\/\/pracownieorange.pl\/morag\/news\/swiateczne-warsztaty-finalowa-odslona\/#primaryimage\",\"url\":\"https:\/\/pracownieorange.pl\/app\/uploads\/sites\/112\/2024\/12\/029c538f-cb1e-4025-bb19-953c5fb105a6.jpg\",\"contentUrl\":\"https:\/\/pracownieorange.pl\/app\/uploads\/sites\/112\/2024\/12\/029c538f-cb1e-4025-bb19-953c5fb105a6.jpg\",\"width\":2016,\"height\":1512,\"caption\":\"grupa m\u0142odzie\u017cy stoi w kole i na wyci\u0105gni\u0119tych r\u0119kach prezentuje wykonane przez siebie ozdoby ze sklejki\"},{\"@type\":\"BreadcrumbList\",\"@id\":\"https:\/\/pracownieorange.pl\/morag\/news\/swiateczne-warsztaty-finalowa-odslona\/#breadcrumb\",\"itemListElement\":[{\"@type\":\"ListItem\",\"position\":1,\"name\":\"Home\",\"item\":\"https:\/\/pracownieorange.pl\/morag\/\"},{\"@type\":\"ListItem\",\"position\":2,\"name\":\"Aktualno\u015bci\",\"item\":\"https:\/\/pracownieorange.pl\/morag\/news\/\"},{\"@type\":\"ListItem\",\"position\":3,\"name\":\"\u015awi\u0105teczne warsztaty &#8211; fina\u0142owa ods\u0142ona!\"}]},{\"@type\":\"WebSite\",\"@id\":\"https:\/\/pracownieorange.pl\/morag\/#website\",\"url\":\"https:\/\/pracownieorange.pl\/morag\/\",\"name\":\"Pracownia Orange Mor\u0105g\",\"description\":\"\",\"potentialAction\":[{\"@type\":\"SearchAction\",\"target\":{\"@type\":\"EntryPoint\",\"urlTemplate\":\"https:\/\/pracownieorange.pl\/morag\/?s={search_term_string}\"},\"query-input\":{\"@type\":\"PropertyValueSpecification\",\"valueRequired\":true,\"valueName\":\"search_term_string\"}}],\"inLanguage\":\"pl-PL\"}]}<\/script>\n<!-- \/ Yoast SEO plugin. -->","yoast_head_json":{"title":"\u015awi\u0105teczne warsztaty - fina\u0142owa ods\u0142ona! - Pracownia Orange Mor\u0105g","robots":{"index":"index","follow":"follow","max-snippet":"max-snippet:-1","max-image-preview":"max-image-preview:large","max-video-preview":"max-video-preview:-1"},"canonical":"https:\/\/pracownieorange.pl\/morag\/news\/swiateczne-warsztaty-finalowa-odslona\/","og_locale":"pl_PL","og_type":"article","og_title":"\u015awi\u0105teczne warsztaty - fina\u0142owa ods\u0142ona! - Pracownia Orange Mor\u0105g","og_description":"Dzi\u015b w Mor\u0105skiej Pracowni Orange go\u015bcili\u015bmy klas\u0119 5b ze Szko\u0142y [&hellip;]","og_url":"https:\/\/pracownieorange.pl\/morag\/news\/swiateczne-warsztaty-finalowa-odslona\/","og_site_name":"Pracownia Orange Mor\u0105g","article_modified_time":"2024-12-19T15:21:01+00:00","og_image":[{"width":2016,"height":1512,"url":"https:\/\/pracownieorange.pl\/app\/uploads\/sites\/112\/2024\/12\/029c538f-cb1e-4025-bb19-953c5fb105a6.jpg","type":"image\/jpeg"}],"twitter_card":"summary_large_image","twitter_misc":{"Est. reading time":"1 minuta"},"schema":{"@context":"https:\/\/schema.org","@graph":[{"@type":"WebPage","@id":"https:\/\/pracownieorange.pl\/morag\/news\/swiateczne-warsztaty-finalowa-odslona\/","url":"https:\/\/pracownieorange.pl\/morag\/news\/swiateczne-warsztaty-finalowa-odslona\/","name":"\u015awi\u0105teczne warsztaty - fina\u0142owa ods\u0142ona! - Pracownia Orange Mor\u0105g","isPartOf":{"@id":"https:\/\/pracownieorange.pl\/morag\/#website"},"primaryImageOfPage":{"@id":"https:\/\/pracownieorange.pl\/morag\/news\/swiateczne-warsztaty-finalowa-odslona\/#primaryimage"},"image":{"@id":"https:\/\/pracownieorange.pl\/morag\/news\/swiateczne-warsztaty-finalowa-odslona\/#primaryimage"},"thumbnailUrl":"https:\/\/pracownieorange.pl\/app\/uploads\/sites\/112\/2024\/12\/029c538f-cb1e-4025-bb19-953c5fb105a6.jpg","datePublished":"2024-12-19T13:12:04+00:00","dateModified":"2024-12-19T15:21:01+00:00","breadcrumb":{"@id":"https:\/\/pracownieorange.pl\/morag\/news\/swiateczne-warsztaty-finalowa-odslona\/#breadcrumb"},"inLanguage":"pl-PL","potentialAction":[{"@type":"ReadAction","target":["https:\/\/pracownieorange.pl\/morag\/news\/swiateczne-warsztaty-finalowa-odslona\/"]}]},{"@type":"ImageObject","inLanguage":"pl-PL","@id":"https:\/\/pracownieorange.pl\/morag\/news\/swiateczne-warsztaty-finalowa-odslona\/#primaryimage","url":"https:\/\/pracownieorange.pl\/app\/uploads\/sites\/112\/2024\/12\/029c538f-cb1e-4025-bb19-953c5fb105a6.jpg","contentUrl":"https:\/\/pracownieorange.pl\/app\/uploads\/sites\/112\/2024\/12\/029c538f-cb1e-4025-bb19-953c5fb105a6.jpg","width":2016,"height":1512,"caption":"grupa m\u0142odzie\u017cy stoi w kole i na wyci\u0105gni\u0119tych r\u0119kach prezentuje wykonane przez siebie ozdoby ze sklejki"},{"@type":"BreadcrumbList","@id":"https:\/\/pracownieorange.pl\/morag\/news\/swiateczne-warsztaty-finalowa-odslona\/#breadcrumb","itemListElement":[{"@type":"ListItem","position":1,"name":"Home","item":"https:\/\/pracownieorange.pl\/morag\/"},{"@type":"ListItem","position":2,"name":"Aktualno\u015bci","item":"https:\/\/pracownieorange.pl\/morag\/news\/"},{"@type":"ListItem","position":3,"name":"\u015awi\u0105teczne warsztaty &#8211; fina\u0142owa ods\u0142ona!"}]},{"@type":"WebSite","@id":"https:\/\/pracownieorange.pl\/morag\/#website","url":"https:\/\/pracownieorange.pl\/morag\/","name":"Pracownia Orange Mor\u0105g","description":"","potentialAction":[{"@type":"SearchAction","target":{"@type":"EntryPoint","urlTemplate":"https:\/\/pracownieorange.pl\/morag\/?s={search_term_string}"},"query-input":{"@type":"PropertyValueSpecification","valueRequired":true,"valueName":"search_term_string"}}],"inLanguage":"pl-PL"}]}},"_links":{"self":[{"href":"https:\/\/pracownieorange.pl\/morag\/wp-json\/wp\/v2\/news\/1705","targetHints":{"allow":["GET"]}}],"collection":[{"href":"https:\/\/pracownieorange.pl\/morag\/wp-json\/wp\/v2\/news"}],"about":[{"href":"https:\/\/pracownieorange.pl\/morag\/wp-json\/wp\/v2\/types\/news"}],"author":[{"embeddable":true,"href":"https:\/\/pracownieorange.pl\/morag\/wp-json\/wp\/v2\/users\/220"}],"replies":[{"embeddable":true,"href":"https:\/\/pracownieorange.pl\/morag\/wp-json\/wp\/v2\/comments?post=1705"}],"wp:featuredmedia":[{"embeddable":true,"href":"https:\/\/pracownieorange.pl\/morag\/wp-json\/wp\/v2\/media\/1706"}],"wp:attachment":[{"href":"https:\/\/pracownieorange.pl\/morag\/wp-json\/wp\/v2\/media?parent=1705"}],"curies":[{"name":"wp","href":"https:\/\/api.w.org\/{rel}","templated":true}]}}