

{"id":1396,"date":"2024-10-03T08:32:13","date_gmt":"2024-10-03T06:32:13","guid":{"rendered":"https:\/\/pracownieorange.pl\/morag\/?post_type=news&#038;p=1396"},"modified":"2024-10-07T05:17:07","modified_gmt":"2024-10-07T03:17:07","slug":"jak-pisac-i-mowic-o-osobach-z-niepelnosprawnosciami","status":"publish","type":"news","link":"https:\/\/pracownieorange.pl\/morag\/news\/jak-pisac-i-mowic-o-osobach-z-niepelnosprawnosciami\/","title":{"rendered":"Jak pisa\u0107 i m\u00f3wi\u0107 o osobach z niepe\u0142nosprawno\u015bciami"},"content":{"rendered":"<p>Pracownia Orange w Mor\u0105gu\/Dzia\u0142 dla M\u0142odzie\u017cy NASTKA mia\u0142 przyjemno\u015b\u0107 go\u015bci\u0107 Monik\u0119 Fabisiak z Towarzystwa Przyjaci\u00f3\u0142 Dzieci, kt\u00f3ra poprowadzi\u0142a niezwykle warto\u015bciowe spotkanie pod tytu\u0142em &#8222;Jak pisa\u0107 i m\u00f3wi\u0107 o osobach z niepe\u0142nosprawno\u015bciami&#8221;. Naszymi s\u0142uchaczami by\u0142a klasa 8b ze Szko\u0142y Podstawowej nr 1. Podczas zaj\u0119\u0107 m\u0142odzie\u017c dowiedzia\u0142a si\u0119, jak wa\u017cne jest u\u017cywanie odpowiedniego j\u0119zyka, kt\u00f3ry wyra\u017ca szacunek, wra\u017cliwo\u015b\u0107 i zrozumienie wobec os\u00f3b z niepe\u0142nosprawno\u015bciami. Pani Monika w ciekawy i interaktywny spos\u00f3b poruszy\u0142a tematy zwi\u0105zane z tym, jak unika\u0107 stereotyp\u00f3w i krzywdz\u0105cych okre\u015ble\u0144, a tak\u017ce jak na co dzie\u0144 budowa\u0107 mosty komunikacyjne, kt\u00f3re u\u0142atwiaj\u0105 wzajemne zrozumienie. To spotkanie pokaza\u0142o nam wszystkim, \u017ce szacunek i empatia to fundamenty, na kt\u00f3rych powinni\u015bmy budowa\u0107 nasze relacje, niezale\u017cnie od r\u00f3\u017cnic. Mamy nadziej\u0119, \u017ce te warto\u015bci uczniowie zabior\u0105 ze sob\u0105 na d\u0142ugo i b\u0119d\u0105 dzieli\u0107 si\u0119 nimi w swoich \u015brodowiskach.<\/p>\n","protected":false},"excerpt":{"rendered":"<p>Pracownia Orange w Mor\u0105gu\/Dzia\u0142 dla M\u0142odzie\u017cy NASTKA mia\u0142 przyjemno\u015b\u0107 go\u015bci\u0107 [&hellip;]<\/p>\n","protected":false},"author":195,"featured_media":1401,"comment_status":"open","ping_status":"closed","template":"","class_list":["post-1396","news","type-news","status-publish","has-post-thumbnail","hentry"],"acf":[],"yoast_head":"<!-- This site is optimized with the Yoast SEO plugin v24.5 - https:\/\/yoast.com\/wordpress\/plugins\/seo\/ -->\n<title>Jak pisa\u0107 i m\u00f3wi\u0107 o osobach z niepe\u0142nosprawno\u015bciami - Pracownia Orange Mor\u0105g<\/title>\n<meta name=\"robots\" content=\"index, follow, max-snippet:-1, max-image-preview:large, max-video-preview:-1\" \/>\n<link rel=\"canonical\" href=\"https:\/\/pracownieorange.pl\/morag\/news\/jak-pisac-i-mowic-o-osobach-z-niepelnosprawnosciami\/\" \/>\n<meta property=\"og:locale\" content=\"pl_PL\" \/>\n<meta property=\"og:type\" content=\"article\" \/>\n<meta property=\"og:title\" content=\"Jak pisa\u0107 i m\u00f3wi\u0107 o osobach z niepe\u0142nosprawno\u015bciami - Pracownia Orange Mor\u0105g\" \/>\n<meta property=\"og:description\" content=\"Pracownia Orange w Mor\u0105gu\/Dzia\u0142 dla M\u0142odzie\u017cy NASTKA mia\u0142 przyjemno\u015b\u0107 go\u015bci\u0107 [&hellip;]\" \/>\n<meta property=\"og:url\" content=\"https:\/\/pracownieorange.pl\/morag\/news\/jak-pisac-i-mowic-o-osobach-z-niepelnosprawnosciami\/\" \/>\n<meta property=\"og:site_name\" content=\"Pracownia Orange Mor\u0105g\" \/>\n<meta property=\"article:modified_time\" content=\"2024-10-07T03:17:07+00:00\" \/>\n<meta property=\"og:image\" content=\"https:\/\/pracownieorange.pl\/app\/uploads\/sites\/112\/2024\/10\/460098375_1204812227458563_2813534267282654600_n.jpg\" \/>\n\t<meta property=\"og:image:width\" content=\"1024\" \/>\n\t<meta property=\"og:image:height\" content=\"768\" \/>\n\t<meta property=\"og:image:type\" content=\"image\/jpeg\" \/>\n<meta name=\"twitter:card\" content=\"summary_large_image\" \/>\n<meta name=\"twitter:label1\" content=\"Est. reading time\" \/>\n\t<meta name=\"twitter:data1\" content=\"1 minuta\" \/>\n<script type=\"application\/ld+json\" class=\"yoast-schema-graph\">{\"@context\":\"https:\/\/schema.org\",\"@graph\":[{\"@type\":\"WebPage\",\"@id\":\"https:\/\/pracownieorange.pl\/morag\/news\/jak-pisac-i-mowic-o-osobach-z-niepelnosprawnosciami\/\",\"url\":\"https:\/\/pracownieorange.pl\/morag\/news\/jak-pisac-i-mowic-o-osobach-z-niepelnosprawnosciami\/\",\"name\":\"Jak pisa\u0107 i m\u00f3wi\u0107 o osobach z niepe\u0142nosprawno\u015bciami - Pracownia Orange Mor\u0105g\",\"isPartOf\":{\"@id\":\"https:\/\/pracownieorange.pl\/morag\/#website\"},\"primaryImageOfPage\":{\"@id\":\"https:\/\/pracownieorange.pl\/morag\/news\/jak-pisac-i-mowic-o-osobach-z-niepelnosprawnosciami\/#primaryimage\"},\"image\":{\"@id\":\"https:\/\/pracownieorange.pl\/morag\/news\/jak-pisac-i-mowic-o-osobach-z-niepelnosprawnosciami\/#primaryimage\"},\"thumbnailUrl\":\"https:\/\/pracownieorange.pl\/app\/uploads\/sites\/112\/2024\/10\/460098375_1204812227458563_2813534267282654600_n.jpg\",\"datePublished\":\"2024-10-03T06:32:13+00:00\",\"dateModified\":\"2024-10-07T03:17:07+00:00\",\"breadcrumb\":{\"@id\":\"https:\/\/pracownieorange.pl\/morag\/news\/jak-pisac-i-mowic-o-osobach-z-niepelnosprawnosciami\/#breadcrumb\"},\"inLanguage\":\"pl-PL\",\"potentialAction\":[{\"@type\":\"ReadAction\",\"target\":[\"https:\/\/pracownieorange.pl\/morag\/news\/jak-pisac-i-mowic-o-osobach-z-niepelnosprawnosciami\/\"]}]},{\"@type\":\"ImageObject\",\"inLanguage\":\"pl-PL\",\"@id\":\"https:\/\/pracownieorange.pl\/morag\/news\/jak-pisac-i-mowic-o-osobach-z-niepelnosprawnosciami\/#primaryimage\",\"url\":\"https:\/\/pracownieorange.pl\/app\/uploads\/sites\/112\/2024\/10\/460098375_1204812227458563_2813534267282654600_n.jpg\",\"contentUrl\":\"https:\/\/pracownieorange.pl\/app\/uploads\/sites\/112\/2024\/10\/460098375_1204812227458563_2813534267282654600_n.jpg\",\"width\":1024,\"height\":768,\"caption\":\"Grupa uczni\u00f3w siedzi na krzes\u0142ach, s\u0142ucha m\u00f3wi\u0105cej do nich kobiety. W tle ekran z wy\u015bwietlan\u0105 prezentacj\u0105.\"},{\"@type\":\"BreadcrumbList\",\"@id\":\"https:\/\/pracownieorange.pl\/morag\/news\/jak-pisac-i-mowic-o-osobach-z-niepelnosprawnosciami\/#breadcrumb\",\"itemListElement\":[{\"@type\":\"ListItem\",\"position\":1,\"name\":\"Home\",\"item\":\"https:\/\/pracownieorange.pl\/morag\/\"},{\"@type\":\"ListItem\",\"position\":2,\"name\":\"Aktualno\u015bci\",\"item\":\"https:\/\/pracownieorange.pl\/morag\/news\/\"},{\"@type\":\"ListItem\",\"position\":3,\"name\":\"Jak pisa\u0107 i m\u00f3wi\u0107 o osobach z niepe\u0142nosprawno\u015bciami\"}]},{\"@type\":\"WebSite\",\"@id\":\"https:\/\/pracownieorange.pl\/morag\/#website\",\"url\":\"https:\/\/pracownieorange.pl\/morag\/\",\"name\":\"Pracownia Orange Mor\u0105g\",\"description\":\"\",\"potentialAction\":[{\"@type\":\"SearchAction\",\"target\":{\"@type\":\"EntryPoint\",\"urlTemplate\":\"https:\/\/pracownieorange.pl\/morag\/?s={search_term_string}\"},\"query-input\":{\"@type\":\"PropertyValueSpecification\",\"valueRequired\":true,\"valueName\":\"search_term_string\"}}],\"inLanguage\":\"pl-PL\"}]}<\/script>\n<!-- \/ Yoast SEO plugin. -->","yoast_head_json":{"title":"Jak pisa\u0107 i m\u00f3wi\u0107 o osobach z niepe\u0142nosprawno\u015bciami - Pracownia Orange Mor\u0105g","robots":{"index":"index","follow":"follow","max-snippet":"max-snippet:-1","max-image-preview":"max-image-preview:large","max-video-preview":"max-video-preview:-1"},"canonical":"https:\/\/pracownieorange.pl\/morag\/news\/jak-pisac-i-mowic-o-osobach-z-niepelnosprawnosciami\/","og_locale":"pl_PL","og_type":"article","og_title":"Jak pisa\u0107 i m\u00f3wi\u0107 o osobach z niepe\u0142nosprawno\u015bciami - Pracownia Orange Mor\u0105g","og_description":"Pracownia Orange w Mor\u0105gu\/Dzia\u0142 dla M\u0142odzie\u017cy NASTKA mia\u0142 przyjemno\u015b\u0107 go\u015bci\u0107 [&hellip;]","og_url":"https:\/\/pracownieorange.pl\/morag\/news\/jak-pisac-i-mowic-o-osobach-z-niepelnosprawnosciami\/","og_site_name":"Pracownia Orange Mor\u0105g","article_modified_time":"2024-10-07T03:17:07+00:00","og_image":[{"width":1024,"height":768,"url":"https:\/\/pracownieorange.pl\/app\/uploads\/sites\/112\/2024\/10\/460098375_1204812227458563_2813534267282654600_n.jpg","type":"image\/jpeg"}],"twitter_card":"summary_large_image","twitter_misc":{"Est. reading time":"1 minuta"},"schema":{"@context":"https:\/\/schema.org","@graph":[{"@type":"WebPage","@id":"https:\/\/pracownieorange.pl\/morag\/news\/jak-pisac-i-mowic-o-osobach-z-niepelnosprawnosciami\/","url":"https:\/\/pracownieorange.pl\/morag\/news\/jak-pisac-i-mowic-o-osobach-z-niepelnosprawnosciami\/","name":"Jak pisa\u0107 i m\u00f3wi\u0107 o osobach z niepe\u0142nosprawno\u015bciami - Pracownia Orange Mor\u0105g","isPartOf":{"@id":"https:\/\/pracownieorange.pl\/morag\/#website"},"primaryImageOfPage":{"@id":"https:\/\/pracownieorange.pl\/morag\/news\/jak-pisac-i-mowic-o-osobach-z-niepelnosprawnosciami\/#primaryimage"},"image":{"@id":"https:\/\/pracownieorange.pl\/morag\/news\/jak-pisac-i-mowic-o-osobach-z-niepelnosprawnosciami\/#primaryimage"},"thumbnailUrl":"https:\/\/pracownieorange.pl\/app\/uploads\/sites\/112\/2024\/10\/460098375_1204812227458563_2813534267282654600_n.jpg","datePublished":"2024-10-03T06:32:13+00:00","dateModified":"2024-10-07T03:17:07+00:00","breadcrumb":{"@id":"https:\/\/pracownieorange.pl\/morag\/news\/jak-pisac-i-mowic-o-osobach-z-niepelnosprawnosciami\/#breadcrumb"},"inLanguage":"pl-PL","potentialAction":[{"@type":"ReadAction","target":["https:\/\/pracownieorange.pl\/morag\/news\/jak-pisac-i-mowic-o-osobach-z-niepelnosprawnosciami\/"]}]},{"@type":"ImageObject","inLanguage":"pl-PL","@id":"https:\/\/pracownieorange.pl\/morag\/news\/jak-pisac-i-mowic-o-osobach-z-niepelnosprawnosciami\/#primaryimage","url":"https:\/\/pracownieorange.pl\/app\/uploads\/sites\/112\/2024\/10\/460098375_1204812227458563_2813534267282654600_n.jpg","contentUrl":"https:\/\/pracownieorange.pl\/app\/uploads\/sites\/112\/2024\/10\/460098375_1204812227458563_2813534267282654600_n.jpg","width":1024,"height":768,"caption":"Grupa uczni\u00f3w siedzi na krzes\u0142ach, s\u0142ucha m\u00f3wi\u0105cej do nich kobiety. W tle ekran z wy\u015bwietlan\u0105 prezentacj\u0105."},{"@type":"BreadcrumbList","@id":"https:\/\/pracownieorange.pl\/morag\/news\/jak-pisac-i-mowic-o-osobach-z-niepelnosprawnosciami\/#breadcrumb","itemListElement":[{"@type":"ListItem","position":1,"name":"Home","item":"https:\/\/pracownieorange.pl\/morag\/"},{"@type":"ListItem","position":2,"name":"Aktualno\u015bci","item":"https:\/\/pracownieorange.pl\/morag\/news\/"},{"@type":"ListItem","position":3,"name":"Jak pisa\u0107 i m\u00f3wi\u0107 o osobach z niepe\u0142nosprawno\u015bciami"}]},{"@type":"WebSite","@id":"https:\/\/pracownieorange.pl\/morag\/#website","url":"https:\/\/pracownieorange.pl\/morag\/","name":"Pracownia Orange Mor\u0105g","description":"","potentialAction":[{"@type":"SearchAction","target":{"@type":"EntryPoint","urlTemplate":"https:\/\/pracownieorange.pl\/morag\/?s={search_term_string}"},"query-input":{"@type":"PropertyValueSpecification","valueRequired":true,"valueName":"search_term_string"}}],"inLanguage":"pl-PL"}]}},"_links":{"self":[{"href":"https:\/\/pracownieorange.pl\/morag\/wp-json\/wp\/v2\/news\/1396","targetHints":{"allow":["GET"]}}],"collection":[{"href":"https:\/\/pracownieorange.pl\/morag\/wp-json\/wp\/v2\/news"}],"about":[{"href":"https:\/\/pracownieorange.pl\/morag\/wp-json\/wp\/v2\/types\/news"}],"author":[{"embeddable":true,"href":"https:\/\/pracownieorange.pl\/morag\/wp-json\/wp\/v2\/users\/195"}],"replies":[{"embeddable":true,"href":"https:\/\/pracownieorange.pl\/morag\/wp-json\/wp\/v2\/comments?post=1396"}],"wp:featuredmedia":[{"embeddable":true,"href":"https:\/\/pracownieorange.pl\/morag\/wp-json\/wp\/v2\/media\/1401"}],"wp:attachment":[{"href":"https:\/\/pracownieorange.pl\/morag\/wp-json\/wp\/v2\/media?parent=1396"}],"curies":[{"name":"wp","href":"https:\/\/api.w.org\/{rel}","templated":true}]}}