

{"id":1197,"date":"2024-08-12T19:00:04","date_gmt":"2024-08-12T17:00:04","guid":{"rendered":"https:\/\/pracownieorange.pl\/morag\/?post_type=news&#038;p=1197"},"modified":"2024-08-13T16:13:30","modified_gmt":"2024-08-13T14:13:30","slug":"szwalnia-sztuki-podstawowej-szyjemy-workoplecaki","status":"publish","type":"news","link":"https:\/\/pracownieorange.pl\/morag\/news\/szwalnia-sztuki-podstawowej-szyjemy-workoplecaki\/","title":{"rendered":"Szwalnia Sztuki Podstawowej &#8211; szyjemy workoplecaki"},"content":{"rendered":"<div dir=\"auto\">Dzi\u015b w Pracowni Orange w Mor\u0105gu by\u0142o s\u0142ycha\u0107 turkot 6 maszyn do szycia! Na warsztatach Szwalnia Sztuki Podstawowej zamienili\u015bmy zwyk\u0142e kawa\u0142ki materia\u0142u w wyj\u0105tkowe workoplecaki. Ka\u017cdy z uczestnik\u00f3w, od ma\u0142ych po du\u017cych, m\u00f3g\u0142 odkry\u0107 w sobie artystyczn\u0105 dusz\u0119. Pracowali\u015bmy w r\u00f3\u017cnym tempie, ale ka\u017cdy szew i ka\u017cdy detal by\u0142y tworzone z pasj\u0105 i sercem.<\/div>\n<div dir=\"auto\">Atmosfera by\u0142a pe\u0142na tw\u00f3rczego zapa\u0142u, a rado\u015b\u0107 z w\u0142asnor\u0119cznie wykonanych plecak\u00f3w promienia\u0142a na twarzach wszystkich! Jeste\u015bmy dumni z efekt\u00f3w, a to dopiero pocz\u0105tek tej kreatywnej przygody!<\/div>\n<div dir=\"auto\">Jutro czeka na nas kwiatowa magia \u2013 b\u0119dziemy szy\u0107 tulipany. Przygotujcie si\u0119 na kolejn\u0105 dawk\u0119 inspiracji!<\/div>\n","protected":false},"excerpt":{"rendered":"<p>Dzi\u015b w Pracowni Orange w Mor\u0105gu by\u0142o s\u0142ycha\u0107 turkot 6 [&hellip;]<\/p>\n","protected":false},"author":220,"featured_media":1196,"comment_status":"open","ping_status":"closed","template":"","class_list":["post-1197","news","type-news","status-publish","has-post-thumbnail","hentry"],"acf":[],"yoast_head":"<!-- This site is optimized with the Yoast SEO plugin v24.5 - https:\/\/yoast.com\/wordpress\/plugins\/seo\/ -->\n<title>Szwalnia Sztuki Podstawowej - szyjemy workoplecaki - Pracownia Orange Mor\u0105g<\/title>\n<meta name=\"robots\" content=\"index, follow, max-snippet:-1, max-image-preview:large, max-video-preview:-1\" \/>\n<link rel=\"canonical\" href=\"https:\/\/pracownieorange.pl\/morag\/news\/szwalnia-sztuki-podstawowej-szyjemy-workoplecaki\/\" \/>\n<meta property=\"og:locale\" content=\"pl_PL\" \/>\n<meta property=\"og:type\" content=\"article\" \/>\n<meta property=\"og:title\" content=\"Szwalnia Sztuki Podstawowej - szyjemy workoplecaki - Pracownia Orange Mor\u0105g\" \/>\n<meta property=\"og:description\" content=\"Dzi\u015b w Pracowni Orange w Mor\u0105gu by\u0142o s\u0142ycha\u0107 turkot 6 [&hellip;]\" \/>\n<meta property=\"og:url\" content=\"https:\/\/pracownieorange.pl\/morag\/news\/szwalnia-sztuki-podstawowej-szyjemy-workoplecaki\/\" \/>\n<meta property=\"og:site_name\" content=\"Pracownia Orange Mor\u0105g\" \/>\n<meta property=\"article:modified_time\" content=\"2024-08-13T14:13:30+00:00\" \/>\n<meta property=\"og:image\" content=\"https:\/\/pracownieorange.pl\/app\/uploads\/sites\/112\/2024\/08\/454840290_925490406288410_4006681706487536710_n.jpg\" \/>\n\t<meta property=\"og:image:width\" content=\"2048\" \/>\n\t<meta property=\"og:image:height\" content=\"1536\" \/>\n\t<meta property=\"og:image:type\" content=\"image\/jpeg\" \/>\n<meta name=\"twitter:card\" content=\"summary_large_image\" \/>\n<meta name=\"twitter:label1\" content=\"Est. reading time\" \/>\n\t<meta name=\"twitter:data1\" content=\"1 minuta\" \/>\n<script type=\"application\/ld+json\" class=\"yoast-schema-graph\">{\"@context\":\"https:\/\/schema.org\",\"@graph\":[{\"@type\":\"WebPage\",\"@id\":\"https:\/\/pracownieorange.pl\/morag\/news\/szwalnia-sztuki-podstawowej-szyjemy-workoplecaki\/\",\"url\":\"https:\/\/pracownieorange.pl\/morag\/news\/szwalnia-sztuki-podstawowej-szyjemy-workoplecaki\/\",\"name\":\"Szwalnia Sztuki Podstawowej - szyjemy workoplecaki - Pracownia Orange Mor\u0105g\",\"isPartOf\":{\"@id\":\"https:\/\/pracownieorange.pl\/morag\/#website\"},\"primaryImageOfPage\":{\"@id\":\"https:\/\/pracownieorange.pl\/morag\/news\/szwalnia-sztuki-podstawowej-szyjemy-workoplecaki\/#primaryimage\"},\"image\":{\"@id\":\"https:\/\/pracownieorange.pl\/morag\/news\/szwalnia-sztuki-podstawowej-szyjemy-workoplecaki\/#primaryimage\"},\"thumbnailUrl\":\"https:\/\/pracownieorange.pl\/app\/uploads\/sites\/112\/2024\/08\/454840290_925490406288410_4006681706487536710_n.jpg\",\"datePublished\":\"2024-08-12T17:00:04+00:00\",\"dateModified\":\"2024-08-13T14:13:30+00:00\",\"breadcrumb\":{\"@id\":\"https:\/\/pracownieorange.pl\/morag\/news\/szwalnia-sztuki-podstawowej-szyjemy-workoplecaki\/#breadcrumb\"},\"inLanguage\":\"pl-PL\",\"potentialAction\":[{\"@type\":\"ReadAction\",\"target\":[\"https:\/\/pracownieorange.pl\/morag\/news\/szwalnia-sztuki-podstawowej-szyjemy-workoplecaki\/\"]}]},{\"@type\":\"ImageObject\",\"inLanguage\":\"pl-PL\",\"@id\":\"https:\/\/pracownieorange.pl\/morag\/news\/szwalnia-sztuki-podstawowej-szyjemy-workoplecaki\/#primaryimage\",\"url\":\"https:\/\/pracownieorange.pl\/app\/uploads\/sites\/112\/2024\/08\/454840290_925490406288410_4006681706487536710_n.jpg\",\"contentUrl\":\"https:\/\/pracownieorange.pl\/app\/uploads\/sites\/112\/2024\/08\/454840290_925490406288410_4006681706487536710_n.jpg\",\"width\":2048,\"height\":1536,\"caption\":\"dwie dziewczyny siedz\u0105 przy maszynach do szycia\"},{\"@type\":\"BreadcrumbList\",\"@id\":\"https:\/\/pracownieorange.pl\/morag\/news\/szwalnia-sztuki-podstawowej-szyjemy-workoplecaki\/#breadcrumb\",\"itemListElement\":[{\"@type\":\"ListItem\",\"position\":1,\"name\":\"Home\",\"item\":\"https:\/\/pracownieorange.pl\/morag\/\"},{\"@type\":\"ListItem\",\"position\":2,\"name\":\"Aktualno\u015bci\",\"item\":\"https:\/\/pracownieorange.pl\/morag\/news\/\"},{\"@type\":\"ListItem\",\"position\":3,\"name\":\"Szwalnia Sztuki Podstawowej &#8211; szyjemy workoplecaki\"}]},{\"@type\":\"WebSite\",\"@id\":\"https:\/\/pracownieorange.pl\/morag\/#website\",\"url\":\"https:\/\/pracownieorange.pl\/morag\/\",\"name\":\"Pracownia Orange Mor\u0105g\",\"description\":\"\",\"potentialAction\":[{\"@type\":\"SearchAction\",\"target\":{\"@type\":\"EntryPoint\",\"urlTemplate\":\"https:\/\/pracownieorange.pl\/morag\/?s={search_term_string}\"},\"query-input\":{\"@type\":\"PropertyValueSpecification\",\"valueRequired\":true,\"valueName\":\"search_term_string\"}}],\"inLanguage\":\"pl-PL\"}]}<\/script>\n<!-- \/ Yoast SEO plugin. -->","yoast_head_json":{"title":"Szwalnia Sztuki Podstawowej - szyjemy workoplecaki - Pracownia Orange Mor\u0105g","robots":{"index":"index","follow":"follow","max-snippet":"max-snippet:-1","max-image-preview":"max-image-preview:large","max-video-preview":"max-video-preview:-1"},"canonical":"https:\/\/pracownieorange.pl\/morag\/news\/szwalnia-sztuki-podstawowej-szyjemy-workoplecaki\/","og_locale":"pl_PL","og_type":"article","og_title":"Szwalnia Sztuki Podstawowej - szyjemy workoplecaki - Pracownia Orange Mor\u0105g","og_description":"Dzi\u015b w Pracowni Orange w Mor\u0105gu by\u0142o s\u0142ycha\u0107 turkot 6 [&hellip;]","og_url":"https:\/\/pracownieorange.pl\/morag\/news\/szwalnia-sztuki-podstawowej-szyjemy-workoplecaki\/","og_site_name":"Pracownia Orange Mor\u0105g","article_modified_time":"2024-08-13T14:13:30+00:00","og_image":[{"width":2048,"height":1536,"url":"https:\/\/pracownieorange.pl\/app\/uploads\/sites\/112\/2024\/08\/454840290_925490406288410_4006681706487536710_n.jpg","type":"image\/jpeg"}],"twitter_card":"summary_large_image","twitter_misc":{"Est. reading time":"1 minuta"},"schema":{"@context":"https:\/\/schema.org","@graph":[{"@type":"WebPage","@id":"https:\/\/pracownieorange.pl\/morag\/news\/szwalnia-sztuki-podstawowej-szyjemy-workoplecaki\/","url":"https:\/\/pracownieorange.pl\/morag\/news\/szwalnia-sztuki-podstawowej-szyjemy-workoplecaki\/","name":"Szwalnia Sztuki Podstawowej - szyjemy workoplecaki - Pracownia Orange Mor\u0105g","isPartOf":{"@id":"https:\/\/pracownieorange.pl\/morag\/#website"},"primaryImageOfPage":{"@id":"https:\/\/pracownieorange.pl\/morag\/news\/szwalnia-sztuki-podstawowej-szyjemy-workoplecaki\/#primaryimage"},"image":{"@id":"https:\/\/pracownieorange.pl\/morag\/news\/szwalnia-sztuki-podstawowej-szyjemy-workoplecaki\/#primaryimage"},"thumbnailUrl":"https:\/\/pracownieorange.pl\/app\/uploads\/sites\/112\/2024\/08\/454840290_925490406288410_4006681706487536710_n.jpg","datePublished":"2024-08-12T17:00:04+00:00","dateModified":"2024-08-13T14:13:30+00:00","breadcrumb":{"@id":"https:\/\/pracownieorange.pl\/morag\/news\/szwalnia-sztuki-podstawowej-szyjemy-workoplecaki\/#breadcrumb"},"inLanguage":"pl-PL","potentialAction":[{"@type":"ReadAction","target":["https:\/\/pracownieorange.pl\/morag\/news\/szwalnia-sztuki-podstawowej-szyjemy-workoplecaki\/"]}]},{"@type":"ImageObject","inLanguage":"pl-PL","@id":"https:\/\/pracownieorange.pl\/morag\/news\/szwalnia-sztuki-podstawowej-szyjemy-workoplecaki\/#primaryimage","url":"https:\/\/pracownieorange.pl\/app\/uploads\/sites\/112\/2024\/08\/454840290_925490406288410_4006681706487536710_n.jpg","contentUrl":"https:\/\/pracownieorange.pl\/app\/uploads\/sites\/112\/2024\/08\/454840290_925490406288410_4006681706487536710_n.jpg","width":2048,"height":1536,"caption":"dwie dziewczyny siedz\u0105 przy maszynach do szycia"},{"@type":"BreadcrumbList","@id":"https:\/\/pracownieorange.pl\/morag\/news\/szwalnia-sztuki-podstawowej-szyjemy-workoplecaki\/#breadcrumb","itemListElement":[{"@type":"ListItem","position":1,"name":"Home","item":"https:\/\/pracownieorange.pl\/morag\/"},{"@type":"ListItem","position":2,"name":"Aktualno\u015bci","item":"https:\/\/pracownieorange.pl\/morag\/news\/"},{"@type":"ListItem","position":3,"name":"Szwalnia Sztuki Podstawowej &#8211; szyjemy workoplecaki"}]},{"@type":"WebSite","@id":"https:\/\/pracownieorange.pl\/morag\/#website","url":"https:\/\/pracownieorange.pl\/morag\/","name":"Pracownia Orange Mor\u0105g","description":"","potentialAction":[{"@type":"SearchAction","target":{"@type":"EntryPoint","urlTemplate":"https:\/\/pracownieorange.pl\/morag\/?s={search_term_string}"},"query-input":{"@type":"PropertyValueSpecification","valueRequired":true,"valueName":"search_term_string"}}],"inLanguage":"pl-PL"}]}},"_links":{"self":[{"href":"https:\/\/pracownieorange.pl\/morag\/wp-json\/wp\/v2\/news\/1197","targetHints":{"allow":["GET"]}}],"collection":[{"href":"https:\/\/pracownieorange.pl\/morag\/wp-json\/wp\/v2\/news"}],"about":[{"href":"https:\/\/pracownieorange.pl\/morag\/wp-json\/wp\/v2\/types\/news"}],"author":[{"embeddable":true,"href":"https:\/\/pracownieorange.pl\/morag\/wp-json\/wp\/v2\/users\/220"}],"replies":[{"embeddable":true,"href":"https:\/\/pracownieorange.pl\/morag\/wp-json\/wp\/v2\/comments?post=1197"}],"wp:featuredmedia":[{"embeddable":true,"href":"https:\/\/pracownieorange.pl\/morag\/wp-json\/wp\/v2\/media\/1196"}],"wp:attachment":[{"href":"https:\/\/pracownieorange.pl\/morag\/wp-json\/wp\/v2\/media?parent=1197"}],"curies":[{"name":"wp","href":"https:\/\/api.w.org\/{rel}","templated":true}]}}