

{"id":1061,"date":"2024-07-21T10:53:25","date_gmt":"2024-07-21T08:53:25","guid":{"rendered":"https:\/\/pracownieorange.pl\/morag\/?post_type=news&#038;p=1061"},"modified":"2024-07-22T18:45:04","modified_gmt":"2024-07-22T16:45:04","slug":"wakacyjne-warsztaty-z-projektorem-w-po-w-moragu-dzien-ii","status":"publish","type":"news","link":"https:\/\/pracownieorange.pl\/morag\/news\/wakacyjne-warsztaty-z-projektorem-w-po-w-moragu-dzien-ii\/","title":{"rendered":"Wakacyjne Warsztaty z Projektorem w PO w Mor\u0105gu &#8211; dzie\u0144 II"},"content":{"rendered":"<p>Drugi dzie\u0144 Wakacyjnych Warsztat\u00f3w z Projektorem w Dziale dla M\u0142odzie\u017cy NASTKA\/ Pracowni Orange w Mor\u0105gu ju\u017c za nami!<br \/>\nDzisiaj by\u0142o mn\u00f3stwo zabawy i kreatywno\u015bci! Nasze wspania\u0142e wolontariuszki, Amelia i Izabella, poprowadzi\u0142y dzieci przez ekscytuj\u0105cy dzie\u0144 pe\u0142en odkry\u0107 i tw\u00f3rczych wyzwa\u0144.<br \/>\nRozpocz\u0119li\u015bmy od zabawy &#8222;Zagadki o mnie&#8221;, kt\u00f3re wywo\u0142a\u0142y du\u017co \u015bmiechu i zaskocze\u0144! Dzieci szuka\u0142y po\u0142\u0105cze\u0144 mi\u0119dzy swoimi zainteresowaniami, odkrywaj\u0105c, jak wiele maj\u0105 ze sob\u0105 wsp\u00f3lnego.<\/p>\n<p>Amelia i Izabella podzieli\u0142y si\u0119 swoimi pasjami, inspiruj\u0105c dzieci do dzia\u0142ania. Nast\u0119pnie, ka\u017cdy m\u00f3g\u0142 wykaza\u0107 si\u0119 swoj\u0105 kreatywno\u015bci\u0105, tworz\u0105c pi\u0119kne koraliki z masy solnej. To by\u0142 czas, kiedy nasze r\u0119ce by\u0142y pe\u0142ne pracy, a serca pe\u0142ne rado\u015bci! Na koniec, dzieci pisa\u0142y niesamowite opowiadania na podstawie ko\u015bci opowie\u015bci . Ich wyobra\u017ania nie mia\u0142a granic, a historie by\u0142y pe\u0142ne przyg\u00f3d i magii! Atmosfera by\u0142a pe\u0142na pozytywnej energii, \u015bmiechu i wzajemnej inspiracji. Cieszymy si\u0119, \u017ce mogli\u015bmy sp\u0119dzi\u0107 ten dzie\u0144 razem, tworz\u0105c niezapomniane wspomnienia.<\/p>\n","protected":false},"excerpt":{"rendered":"<p>Drugi dzie\u0144 Wakacyjnych Warsztat\u00f3w z Projektorem w Dziale dla M\u0142odzie\u017cy [&hellip;]<\/p>\n","protected":false},"author":195,"featured_media":1071,"comment_status":"open","ping_status":"closed","template":"","class_list":["post-1061","news","type-news","status-publish","has-post-thumbnail","hentry"],"acf":[],"yoast_head":"<!-- This site is optimized with the Yoast SEO plugin v24.5 - https:\/\/yoast.com\/wordpress\/plugins\/seo\/ -->\n<title>Wakacyjne Warsztaty z Projektorem w PO w Mor\u0105gu - dzie\u0144 II - Pracownia Orange Mor\u0105g<\/title>\n<meta name=\"robots\" content=\"index, follow, max-snippet:-1, max-image-preview:large, max-video-preview:-1\" \/>\n<link rel=\"canonical\" href=\"https:\/\/pracownieorange.pl\/morag\/news\/wakacyjne-warsztaty-z-projektorem-w-po-w-moragu-dzien-ii\/\" \/>\n<meta property=\"og:locale\" content=\"pl_PL\" \/>\n<meta property=\"og:type\" content=\"article\" \/>\n<meta property=\"og:title\" content=\"Wakacyjne Warsztaty z Projektorem w PO w Mor\u0105gu - dzie\u0144 II - Pracownia Orange Mor\u0105g\" \/>\n<meta property=\"og:description\" content=\"Drugi dzie\u0144 Wakacyjnych Warsztat\u00f3w z Projektorem w Dziale dla M\u0142odzie\u017cy [&hellip;]\" \/>\n<meta property=\"og:url\" content=\"https:\/\/pracownieorange.pl\/morag\/news\/wakacyjne-warsztaty-z-projektorem-w-po-w-moragu-dzien-ii\/\" \/>\n<meta property=\"og:site_name\" content=\"Pracownia Orange Mor\u0105g\" \/>\n<meta property=\"article:modified_time\" content=\"2024-07-22T16:45:04+00:00\" \/>\n<meta property=\"og:image\" content=\"https:\/\/pracownieorange.pl\/app\/uploads\/sites\/112\/2024\/07\/e1fe5986-b472-4f0d-8d34-b0c8e9c60f03.jpg\" \/>\n\t<meta property=\"og:image:width\" content=\"1024\" \/>\n\t<meta property=\"og:image:height\" content=\"768\" \/>\n\t<meta property=\"og:image:type\" content=\"image\/jpeg\" \/>\n<meta name=\"twitter:card\" content=\"summary_large_image\" \/>\n<meta name=\"twitter:label1\" content=\"Est. reading time\" \/>\n\t<meta name=\"twitter:data1\" content=\"2 minuty\" \/>\n<script type=\"application\/ld+json\" class=\"yoast-schema-graph\">{\"@context\":\"https:\/\/schema.org\",\"@graph\":[{\"@type\":\"WebPage\",\"@id\":\"https:\/\/pracownieorange.pl\/morag\/news\/wakacyjne-warsztaty-z-projektorem-w-po-w-moragu-dzien-ii\/\",\"url\":\"https:\/\/pracownieorange.pl\/morag\/news\/wakacyjne-warsztaty-z-projektorem-w-po-w-moragu-dzien-ii\/\",\"name\":\"Wakacyjne Warsztaty z Projektorem w PO w Mor\u0105gu - dzie\u0144 II - Pracownia Orange Mor\u0105g\",\"isPartOf\":{\"@id\":\"https:\/\/pracownieorange.pl\/morag\/#website\"},\"primaryImageOfPage\":{\"@id\":\"https:\/\/pracownieorange.pl\/morag\/news\/wakacyjne-warsztaty-z-projektorem-w-po-w-moragu-dzien-ii\/#primaryimage\"},\"image\":{\"@id\":\"https:\/\/pracownieorange.pl\/morag\/news\/wakacyjne-warsztaty-z-projektorem-w-po-w-moragu-dzien-ii\/#primaryimage\"},\"thumbnailUrl\":\"https:\/\/pracownieorange.pl\/app\/uploads\/sites\/112\/2024\/07\/e1fe5986-b472-4f0d-8d34-b0c8e9c60f03.jpg\",\"datePublished\":\"2024-07-21T08:53:25+00:00\",\"dateModified\":\"2024-07-22T16:45:04+00:00\",\"breadcrumb\":{\"@id\":\"https:\/\/pracownieorange.pl\/morag\/news\/wakacyjne-warsztaty-z-projektorem-w-po-w-moragu-dzien-ii\/#breadcrumb\"},\"inLanguage\":\"pl-PL\",\"potentialAction\":[{\"@type\":\"ReadAction\",\"target\":[\"https:\/\/pracownieorange.pl\/morag\/news\/wakacyjne-warsztaty-z-projektorem-w-po-w-moragu-dzien-ii\/\"]}]},{\"@type\":\"ImageObject\",\"inLanguage\":\"pl-PL\",\"@id\":\"https:\/\/pracownieorange.pl\/morag\/news\/wakacyjne-warsztaty-z-projektorem-w-po-w-moragu-dzien-ii\/#primaryimage\",\"url\":\"https:\/\/pracownieorange.pl\/app\/uploads\/sites\/112\/2024\/07\/e1fe5986-b472-4f0d-8d34-b0c8e9c60f03.jpg\",\"contentUrl\":\"https:\/\/pracownieorange.pl\/app\/uploads\/sites\/112\/2024\/07\/e1fe5986-b472-4f0d-8d34-b0c8e9c60f03.jpg\",\"width\":1024,\"height\":768,\"caption\":\"dzieci i kobieta siedz\u0105cy przy stole i pochylaj\u0105cy si\u0119 nad kartk\u0105 papieru na kt\u00f3rej kobieta co\u015b pisze\"},{\"@type\":\"BreadcrumbList\",\"@id\":\"https:\/\/pracownieorange.pl\/morag\/news\/wakacyjne-warsztaty-z-projektorem-w-po-w-moragu-dzien-ii\/#breadcrumb\",\"itemListElement\":[{\"@type\":\"ListItem\",\"position\":1,\"name\":\"Home\",\"item\":\"https:\/\/pracownieorange.pl\/morag\/\"},{\"@type\":\"ListItem\",\"position\":2,\"name\":\"Aktualno\u015bci\",\"item\":\"https:\/\/pracownieorange.pl\/morag\/news\/\"},{\"@type\":\"ListItem\",\"position\":3,\"name\":\"Wakacyjne Warsztaty z Projektorem w PO w Mor\u0105gu &#8211; dzie\u0144 II\"}]},{\"@type\":\"WebSite\",\"@id\":\"https:\/\/pracownieorange.pl\/morag\/#website\",\"url\":\"https:\/\/pracownieorange.pl\/morag\/\",\"name\":\"Pracownia Orange Mor\u0105g\",\"description\":\"\",\"potentialAction\":[{\"@type\":\"SearchAction\",\"target\":{\"@type\":\"EntryPoint\",\"urlTemplate\":\"https:\/\/pracownieorange.pl\/morag\/?s={search_term_string}\"},\"query-input\":{\"@type\":\"PropertyValueSpecification\",\"valueRequired\":true,\"valueName\":\"search_term_string\"}}],\"inLanguage\":\"pl-PL\"}]}<\/script>\n<!-- \/ Yoast SEO plugin. -->","yoast_head_json":{"title":"Wakacyjne Warsztaty z Projektorem w PO w Mor\u0105gu - dzie\u0144 II - Pracownia Orange Mor\u0105g","robots":{"index":"index","follow":"follow","max-snippet":"max-snippet:-1","max-image-preview":"max-image-preview:large","max-video-preview":"max-video-preview:-1"},"canonical":"https:\/\/pracownieorange.pl\/morag\/news\/wakacyjne-warsztaty-z-projektorem-w-po-w-moragu-dzien-ii\/","og_locale":"pl_PL","og_type":"article","og_title":"Wakacyjne Warsztaty z Projektorem w PO w Mor\u0105gu - dzie\u0144 II - Pracownia Orange Mor\u0105g","og_description":"Drugi dzie\u0144 Wakacyjnych Warsztat\u00f3w z Projektorem w Dziale dla M\u0142odzie\u017cy [&hellip;]","og_url":"https:\/\/pracownieorange.pl\/morag\/news\/wakacyjne-warsztaty-z-projektorem-w-po-w-moragu-dzien-ii\/","og_site_name":"Pracownia Orange Mor\u0105g","article_modified_time":"2024-07-22T16:45:04+00:00","og_image":[{"width":1024,"height":768,"url":"https:\/\/pracownieorange.pl\/app\/uploads\/sites\/112\/2024\/07\/e1fe5986-b472-4f0d-8d34-b0c8e9c60f03.jpg","type":"image\/jpeg"}],"twitter_card":"summary_large_image","twitter_misc":{"Est. reading time":"2 minuty"},"schema":{"@context":"https:\/\/schema.org","@graph":[{"@type":"WebPage","@id":"https:\/\/pracownieorange.pl\/morag\/news\/wakacyjne-warsztaty-z-projektorem-w-po-w-moragu-dzien-ii\/","url":"https:\/\/pracownieorange.pl\/morag\/news\/wakacyjne-warsztaty-z-projektorem-w-po-w-moragu-dzien-ii\/","name":"Wakacyjne Warsztaty z Projektorem w PO w Mor\u0105gu - dzie\u0144 II - Pracownia Orange Mor\u0105g","isPartOf":{"@id":"https:\/\/pracownieorange.pl\/morag\/#website"},"primaryImageOfPage":{"@id":"https:\/\/pracownieorange.pl\/morag\/news\/wakacyjne-warsztaty-z-projektorem-w-po-w-moragu-dzien-ii\/#primaryimage"},"image":{"@id":"https:\/\/pracownieorange.pl\/morag\/news\/wakacyjne-warsztaty-z-projektorem-w-po-w-moragu-dzien-ii\/#primaryimage"},"thumbnailUrl":"https:\/\/pracownieorange.pl\/app\/uploads\/sites\/112\/2024\/07\/e1fe5986-b472-4f0d-8d34-b0c8e9c60f03.jpg","datePublished":"2024-07-21T08:53:25+00:00","dateModified":"2024-07-22T16:45:04+00:00","breadcrumb":{"@id":"https:\/\/pracownieorange.pl\/morag\/news\/wakacyjne-warsztaty-z-projektorem-w-po-w-moragu-dzien-ii\/#breadcrumb"},"inLanguage":"pl-PL","potentialAction":[{"@type":"ReadAction","target":["https:\/\/pracownieorange.pl\/morag\/news\/wakacyjne-warsztaty-z-projektorem-w-po-w-moragu-dzien-ii\/"]}]},{"@type":"ImageObject","inLanguage":"pl-PL","@id":"https:\/\/pracownieorange.pl\/morag\/news\/wakacyjne-warsztaty-z-projektorem-w-po-w-moragu-dzien-ii\/#primaryimage","url":"https:\/\/pracownieorange.pl\/app\/uploads\/sites\/112\/2024\/07\/e1fe5986-b472-4f0d-8d34-b0c8e9c60f03.jpg","contentUrl":"https:\/\/pracownieorange.pl\/app\/uploads\/sites\/112\/2024\/07\/e1fe5986-b472-4f0d-8d34-b0c8e9c60f03.jpg","width":1024,"height":768,"caption":"dzieci i kobieta siedz\u0105cy przy stole i pochylaj\u0105cy si\u0119 nad kartk\u0105 papieru na kt\u00f3rej kobieta co\u015b pisze"},{"@type":"BreadcrumbList","@id":"https:\/\/pracownieorange.pl\/morag\/news\/wakacyjne-warsztaty-z-projektorem-w-po-w-moragu-dzien-ii\/#breadcrumb","itemListElement":[{"@type":"ListItem","position":1,"name":"Home","item":"https:\/\/pracownieorange.pl\/morag\/"},{"@type":"ListItem","position":2,"name":"Aktualno\u015bci","item":"https:\/\/pracownieorange.pl\/morag\/news\/"},{"@type":"ListItem","position":3,"name":"Wakacyjne Warsztaty z Projektorem w PO w Mor\u0105gu &#8211; dzie\u0144 II"}]},{"@type":"WebSite","@id":"https:\/\/pracownieorange.pl\/morag\/#website","url":"https:\/\/pracownieorange.pl\/morag\/","name":"Pracownia Orange Mor\u0105g","description":"","potentialAction":[{"@type":"SearchAction","target":{"@type":"EntryPoint","urlTemplate":"https:\/\/pracownieorange.pl\/morag\/?s={search_term_string}"},"query-input":{"@type":"PropertyValueSpecification","valueRequired":true,"valueName":"search_term_string"}}],"inLanguage":"pl-PL"}]}},"_links":{"self":[{"href":"https:\/\/pracownieorange.pl\/morag\/wp-json\/wp\/v2\/news\/1061","targetHints":{"allow":["GET"]}}],"collection":[{"href":"https:\/\/pracownieorange.pl\/morag\/wp-json\/wp\/v2\/news"}],"about":[{"href":"https:\/\/pracownieorange.pl\/morag\/wp-json\/wp\/v2\/types\/news"}],"author":[{"embeddable":true,"href":"https:\/\/pracownieorange.pl\/morag\/wp-json\/wp\/v2\/users\/195"}],"replies":[{"embeddable":true,"href":"https:\/\/pracownieorange.pl\/morag\/wp-json\/wp\/v2\/comments?post=1061"}],"wp:featuredmedia":[{"embeddable":true,"href":"https:\/\/pracownieorange.pl\/morag\/wp-json\/wp\/v2\/media\/1071"}],"wp:attachment":[{"href":"https:\/\/pracownieorange.pl\/morag\/wp-json\/wp\/v2\/media?parent=1061"}],"curies":[{"name":"wp","href":"https:\/\/api.w.org\/{rel}","templated":true}]}}