

{"id":59,"date":"2023-02-20T16:16:30","date_gmt":"2023-02-20T15:16:30","guid":{"rendered":"https:\/\/pracownieorange.pl\/lgota-mokrzesz\/?post_type=news&#038;p=59"},"modified":"2023-02-21T12:46:44","modified_gmt":"2023-02-21T11:46:44","slug":"luty-w-naszej-pracowni","status":"publish","type":"news","link":"https:\/\/pracownieorange.pl\/lgota-mokrzesz\/news\/luty-w-naszej-pracowni\/","title":{"rendered":"Luty w naszej pracowni"},"content":{"rendered":"<p>W lutym tu\u017c po feriach spad\u0142o w naszym regionie troch\u0119 wi\u0119cej \u015bniegu. Oczywi\u015bcie nie mogli\u015bmy nie wykorzysta\u0107 sytuacji i wyruszyli\u015bmy w teren by ulepi\u0107 prawdziwego du\u017cego ba\u0142wana. Nasz kolega dzi\u0119ki silnym mrozom przetrwa\u0142 na dworze par\u0119 tygodni dumnie prezentuj\u0105c si\u0119 przed pracowni\u0105.<\/p>\n<p>Luty to miesi\u0105c zakochanych dlatego zgodnie z zapowiedzi\u0105 odby\u0142y si\u0119 w pracowni warsztaty plastyczne &#8222;Mi\u015b od serca&#8221;. Pod czujnym okiem instruktora dzieci wykonywa\u0142y z brystolu oraz filcu kolorowe misie, kt\u00f3rych zadaniem by\u0142o dostarczenie do wybranej walentynki s\u0142odkiej niespodzianki w postaci pierniczka w czekoladzie.<\/p>\n<p>Nowy instruktor w pracowni to tak\u017ce nowa energia i nowe formy zaj\u0119\u0107. Dbaj\u0105c o rozw\u00f3j dzieci i jednocze\u015bnie pomagaj\u0105c im w utrwalaniu zdobytej wiedzy pani Ela przemyca do zaj\u0119\u0107 odrobin\u0119 matematycznych i polonistycznych zaj\u0119\u0107, kt\u00f3re dzieci z ch\u0119ci\u0105 wykonuj\u0105 zw\u0142aszcza w obliczu zbli\u017caj\u0105cych si\u0119 sprawdzian\u00f3w.<\/p>\n<p>Oczywi\u015bcie jak to zazwyczaj bywa, w pracowni nie mog\u0142o zabrakn\u0105\u0107 chwili przy grach multimedialnych oraz ruchu przy tenisie sto\u0142owym.<\/p>\n","protected":false},"excerpt":{"rendered":"<p>W lutym tu\u017c po feriach spad\u0142o w naszym regionie troch\u0119 [&hellip;]<\/p>\n","protected":false},"author":148,"featured_media":62,"comment_status":"open","ping_status":"closed","template":"","class_list":["post-59","news","type-news","status-publish","has-post-thumbnail","hentry"],"acf":[],"yoast_head":"<!-- This site is optimized with the Yoast SEO plugin v24.5 - https:\/\/yoast.com\/wordpress\/plugins\/seo\/ -->\n<title>Luty w naszej pracowni - Pracownia Orange Lgota Mokrzesz<\/title>\n<meta name=\"robots\" content=\"index, follow, max-snippet:-1, max-image-preview:large, max-video-preview:-1\" \/>\n<link rel=\"canonical\" href=\"https:\/\/pracownieorange.pl\/lgota-mokrzesz\/news\/luty-w-naszej-pracowni\/\" \/>\n<meta property=\"og:locale\" content=\"pl_PL\" \/>\n<meta property=\"og:type\" content=\"article\" \/>\n<meta property=\"og:title\" content=\"Luty w naszej pracowni - Pracownia Orange Lgota Mokrzesz\" \/>\n<meta property=\"og:description\" content=\"W lutym tu\u017c po feriach spad\u0142o w naszym regionie troch\u0119 [&hellip;]\" \/>\n<meta property=\"og:url\" content=\"https:\/\/pracownieorange.pl\/lgota-mokrzesz\/news\/luty-w-naszej-pracowni\/\" \/>\n<meta property=\"og:site_name\" content=\"Pracownia Orange Lgota Mokrzesz\" \/>\n<meta property=\"article:modified_time\" content=\"2023-02-21T11:46:44+00:00\" \/>\n<meta property=\"og:image\" content=\"https:\/\/pracownieorange.pl\/app\/uploads\/sites\/33\/2023\/02\/misie2.jpg\" \/>\n\t<meta property=\"og:image:width\" content=\"900\" \/>\n\t<meta property=\"og:image:height\" content=\"720\" \/>\n\t<meta property=\"og:image:type\" content=\"image\/jpeg\" \/>\n<meta name=\"twitter:card\" content=\"summary_large_image\" \/>\n<meta name=\"twitter:label1\" content=\"Est. reading time\" \/>\n\t<meta name=\"twitter:data1\" content=\"1 minuta\" \/>\n<script type=\"application\/ld+json\" class=\"yoast-schema-graph\">{\"@context\":\"https:\/\/schema.org\",\"@graph\":[{\"@type\":\"WebPage\",\"@id\":\"https:\/\/pracownieorange.pl\/lgota-mokrzesz\/news\/luty-w-naszej-pracowni\/\",\"url\":\"https:\/\/pracownieorange.pl\/lgota-mokrzesz\/news\/luty-w-naszej-pracowni\/\",\"name\":\"Luty w naszej pracowni - Pracownia Orange Lgota Mokrzesz\",\"isPartOf\":{\"@id\":\"https:\/\/pracownieorange.pl\/lgota-mokrzesz\/#website\"},\"primaryImageOfPage\":{\"@id\":\"https:\/\/pracownieorange.pl\/lgota-mokrzesz\/news\/luty-w-naszej-pracowni\/#primaryimage\"},\"image\":{\"@id\":\"https:\/\/pracownieorange.pl\/lgota-mokrzesz\/news\/luty-w-naszej-pracowni\/#primaryimage\"},\"thumbnailUrl\":\"https:\/\/pracownieorange.pl\/app\/uploads\/sites\/33\/2023\/02\/misie2.jpg\",\"datePublished\":\"2023-02-20T15:16:30+00:00\",\"dateModified\":\"2023-02-21T11:46:44+00:00\",\"breadcrumb\":{\"@id\":\"https:\/\/pracownieorange.pl\/lgota-mokrzesz\/news\/luty-w-naszej-pracowni\/#breadcrumb\"},\"inLanguage\":\"pl-PL\",\"potentialAction\":[{\"@type\":\"ReadAction\",\"target\":[\"https:\/\/pracownieorange.pl\/lgota-mokrzesz\/news\/luty-w-naszej-pracowni\/\"]}]},{\"@type\":\"ImageObject\",\"inLanguage\":\"pl-PL\",\"@id\":\"https:\/\/pracownieorange.pl\/lgota-mokrzesz\/news\/luty-w-naszej-pracowni\/#primaryimage\",\"url\":\"https:\/\/pracownieorange.pl\/app\/uploads\/sites\/33\/2023\/02\/misie2.jpg\",\"contentUrl\":\"https:\/\/pracownieorange.pl\/app\/uploads\/sites\/33\/2023\/02\/misie2.jpg\",\"width\":900,\"height\":720,\"caption\":\"Zdj\u0119cie grupowe dzieci z wykonanymi misiami walentynkowymi oraz balonami w kszta\u0142cie serca\"},{\"@type\":\"BreadcrumbList\",\"@id\":\"https:\/\/pracownieorange.pl\/lgota-mokrzesz\/news\/luty-w-naszej-pracowni\/#breadcrumb\",\"itemListElement\":[{\"@type\":\"ListItem\",\"position\":1,\"name\":\"Home\",\"item\":\"https:\/\/pracownieorange.pl\/lgota-mokrzesz\/\"},{\"@type\":\"ListItem\",\"position\":2,\"name\":\"Aktualno\u015bci\",\"item\":\"https:\/\/pracownieorange.pl\/lgota-mokrzesz\/news\/\"},{\"@type\":\"ListItem\",\"position\":3,\"name\":\"Luty w naszej pracowni\"}]},{\"@type\":\"WebSite\",\"@id\":\"https:\/\/pracownieorange.pl\/lgota-mokrzesz\/#website\",\"url\":\"https:\/\/pracownieorange.pl\/lgota-mokrzesz\/\",\"name\":\"Pracownia Orange Lgota Mokrzesz\",\"description\":\"Kolejna witryna sieci \u201ePracownie Orange\u201d\",\"potentialAction\":[{\"@type\":\"SearchAction\",\"target\":{\"@type\":\"EntryPoint\",\"urlTemplate\":\"https:\/\/pracownieorange.pl\/lgota-mokrzesz\/?s={search_term_string}\"},\"query-input\":{\"@type\":\"PropertyValueSpecification\",\"valueRequired\":true,\"valueName\":\"search_term_string\"}}],\"inLanguage\":\"pl-PL\"}]}<\/script>\n<!-- \/ Yoast SEO plugin. -->","yoast_head_json":{"title":"Luty w naszej pracowni - Pracownia Orange Lgota Mokrzesz","robots":{"index":"index","follow":"follow","max-snippet":"max-snippet:-1","max-image-preview":"max-image-preview:large","max-video-preview":"max-video-preview:-1"},"canonical":"https:\/\/pracownieorange.pl\/lgota-mokrzesz\/news\/luty-w-naszej-pracowni\/","og_locale":"pl_PL","og_type":"article","og_title":"Luty w naszej pracowni - Pracownia Orange Lgota Mokrzesz","og_description":"W lutym tu\u017c po feriach spad\u0142o w naszym regionie troch\u0119 [&hellip;]","og_url":"https:\/\/pracownieorange.pl\/lgota-mokrzesz\/news\/luty-w-naszej-pracowni\/","og_site_name":"Pracownia Orange Lgota Mokrzesz","article_modified_time":"2023-02-21T11:46:44+00:00","og_image":[{"width":900,"height":720,"url":"https:\/\/pracownieorange.pl\/app\/uploads\/sites\/33\/2023\/02\/misie2.jpg","type":"image\/jpeg"}],"twitter_card":"summary_large_image","twitter_misc":{"Est. reading time":"1 minuta"},"schema":{"@context":"https:\/\/schema.org","@graph":[{"@type":"WebPage","@id":"https:\/\/pracownieorange.pl\/lgota-mokrzesz\/news\/luty-w-naszej-pracowni\/","url":"https:\/\/pracownieorange.pl\/lgota-mokrzesz\/news\/luty-w-naszej-pracowni\/","name":"Luty w naszej pracowni - Pracownia Orange Lgota Mokrzesz","isPartOf":{"@id":"https:\/\/pracownieorange.pl\/lgota-mokrzesz\/#website"},"primaryImageOfPage":{"@id":"https:\/\/pracownieorange.pl\/lgota-mokrzesz\/news\/luty-w-naszej-pracowni\/#primaryimage"},"image":{"@id":"https:\/\/pracownieorange.pl\/lgota-mokrzesz\/news\/luty-w-naszej-pracowni\/#primaryimage"},"thumbnailUrl":"https:\/\/pracownieorange.pl\/app\/uploads\/sites\/33\/2023\/02\/misie2.jpg","datePublished":"2023-02-20T15:16:30+00:00","dateModified":"2023-02-21T11:46:44+00:00","breadcrumb":{"@id":"https:\/\/pracownieorange.pl\/lgota-mokrzesz\/news\/luty-w-naszej-pracowni\/#breadcrumb"},"inLanguage":"pl-PL","potentialAction":[{"@type":"ReadAction","target":["https:\/\/pracownieorange.pl\/lgota-mokrzesz\/news\/luty-w-naszej-pracowni\/"]}]},{"@type":"ImageObject","inLanguage":"pl-PL","@id":"https:\/\/pracownieorange.pl\/lgota-mokrzesz\/news\/luty-w-naszej-pracowni\/#primaryimage","url":"https:\/\/pracownieorange.pl\/app\/uploads\/sites\/33\/2023\/02\/misie2.jpg","contentUrl":"https:\/\/pracownieorange.pl\/app\/uploads\/sites\/33\/2023\/02\/misie2.jpg","width":900,"height":720,"caption":"Zdj\u0119cie grupowe dzieci z wykonanymi misiami walentynkowymi oraz balonami w kszta\u0142cie serca"},{"@type":"BreadcrumbList","@id":"https:\/\/pracownieorange.pl\/lgota-mokrzesz\/news\/luty-w-naszej-pracowni\/#breadcrumb","itemListElement":[{"@type":"ListItem","position":1,"name":"Home","item":"https:\/\/pracownieorange.pl\/lgota-mokrzesz\/"},{"@type":"ListItem","position":2,"name":"Aktualno\u015bci","item":"https:\/\/pracownieorange.pl\/lgota-mokrzesz\/news\/"},{"@type":"ListItem","position":3,"name":"Luty w naszej pracowni"}]},{"@type":"WebSite","@id":"https:\/\/pracownieorange.pl\/lgota-mokrzesz\/#website","url":"https:\/\/pracownieorange.pl\/lgota-mokrzesz\/","name":"Pracownia Orange Lgota Mokrzesz","description":"Kolejna witryna sieci \u201ePracownie Orange\u201d","potentialAction":[{"@type":"SearchAction","target":{"@type":"EntryPoint","urlTemplate":"https:\/\/pracownieorange.pl\/lgota-mokrzesz\/?s={search_term_string}"},"query-input":{"@type":"PropertyValueSpecification","valueRequired":true,"valueName":"search_term_string"}}],"inLanguage":"pl-PL"}]}},"_links":{"self":[{"href":"https:\/\/pracownieorange.pl\/lgota-mokrzesz\/wp-json\/wp\/v2\/news\/59","targetHints":{"allow":["GET"]}}],"collection":[{"href":"https:\/\/pracownieorange.pl\/lgota-mokrzesz\/wp-json\/wp\/v2\/news"}],"about":[{"href":"https:\/\/pracownieorange.pl\/lgota-mokrzesz\/wp-json\/wp\/v2\/types\/news"}],"author":[{"embeddable":true,"href":"https:\/\/pracownieorange.pl\/lgota-mokrzesz\/wp-json\/wp\/v2\/users\/148"}],"replies":[{"embeddable":true,"href":"https:\/\/pracownieorange.pl\/lgota-mokrzesz\/wp-json\/wp\/v2\/comments?post=59"}],"wp:featuredmedia":[{"embeddable":true,"href":"https:\/\/pracownieorange.pl\/lgota-mokrzesz\/wp-json\/wp\/v2\/media\/62"}],"wp:attachment":[{"href":"https:\/\/pracownieorange.pl\/lgota-mokrzesz\/wp-json\/wp\/v2\/media?parent=59"}],"curies":[{"name":"wp","href":"https:\/\/api.w.org\/{rel}","templated":true}]}}