

{"id":27,"date":"2023-01-21T17:43:22","date_gmt":"2023-01-21T16:43:22","guid":{"rendered":"https:\/\/pracownieorange.pl\/lgota-mokrzesz\/?post_type=news&#038;p=27"},"modified":"2023-01-22T23:15:26","modified_gmt":"2023-01-22T22:15:26","slug":"pierwszy-tydzien-ferii-za-nami","status":"publish","type":"news","link":"https:\/\/pracownieorange.pl\/lgota-mokrzesz\/news\/pierwszy-tydzien-ferii-za-nami\/","title":{"rendered":"Pierwszy tydzie\u0144 ferii za nami"},"content":{"rendered":"<p>Za nami pierwszy tydzie\u0144 ferii. Jak zwykle u nas dzia\u0142o si\u0119 du\u017co. Bardzo si\u0119 cieszymy, \u017ce dzieci tak licznie ucz\u0119szczaj\u0105 na zaj\u0119cia prowadzone przez now\u0105 instruktork\u0119 pani\u0105 El\u0119 B\u0105k, kt\u00f3r\u0105 wspieraj\u0105 wolontariusze Krzysztof i Natasza. Zobaczcie co u nas s\u0142ycha\u0107:<\/p>\n<p><strong>Poniedzia\u0142kowe &#8222;lepienie&#8221; ba\u0142wana<\/strong><\/p>\n<p>15 stycznie obchodzono \u015awiatowy Dzie\u0144 \u015aniegu, niestety w tym roku u nas \u015bniegu brak, ale uda\u0142o nam si\u0119 &#8222;ulepi\u0107&#8221; zabawne ba\u0142wanki z bia\u0142ych skarpetek wype\u0142nionych ry\u017cem. Przy okazji porozmawiali\u015bmy troch\u0119 o naszych uczuciach i emocjach i spr\u00f3bowali\u015bmy je zobrazowa\u0107 w postaci minek narysowanych na kolorowych balonach.<\/p>\n<p><strong>Wtorkowy Dzie\u0144 Pizzy<\/strong><\/p>\n<p>We wtorek przypada\u0142 dzie\u0144 pizzy, wi\u0119c jak to u nas bywa i tym razem nie mog\u0142o zabrakn\u0105\u0107 uwielbianych przez dzieci warsztat\u00f3w kulinarnych. Wsp\u00f3lnie zagnietli\u015bmy i upiekli\u015bmy wspania\u0142e pizze, kt\u00f3re znikn\u0119\u0142y w oka mgnieniu. By\u0142o pysznie!!!<\/p>\n<p><strong>\u015aroda z Kubusiem Puchatkiem<\/strong><\/p>\n<p>W \u015brod\u0119 obchodzono \u015awi\u0119to Kubusia Puchatka, my tak\u017ce postanowili\u015bmy uczci\u0107 ten dzie\u0144. Z tej okazji czytali\u015bmy, ogl\u0105dali\u015bmy bajk\u0119 i kolorowali\u015bmy postacie z bajki o Kubusiu, a wszystko w towarzystwie interaktywnego bohatera, kt\u00f3ry nam \u015bpiewa\u0142 i opowiada\u0142 o ulubionym misiu kochaj\u0105cym miodzik. W \u015brod\u0119 odwiedzi\u0142y nas tak\u017ce w pracowni panie z Powiatowego Inspektoratu Sanitarnego, kt\u00f3re wyg\u0142osi\u0142y prelekcj\u0119 na temat bezpiecznych ferii.<\/p>\n<p><strong>Czwartek w kinie\u00a0\u00a0<\/strong><\/p>\n<p>Tradycyjnie jak co roku dzieci z naszej pracowni wsp\u00f3lnie z r\u00f3wie\u015bnikami z ca\u0142ej gminy bra\u0142y udzia\u0142 w zorganizowanym przez nasz MGOPK feryjnym wyje\u017adzie. Tym razem byli\u015bmy w kinie, a dok\u0142adnie w Cinema City Cz\u0119stochowa na bajce &#8222;Kot w butach ostatnie \u017cyczenie&#8221;. Oczywi\u015bcie po seansie by\u0142 czas na ma\u0142e co nieco w ulubionym fast foodzie.<\/p>\n<p><strong>Pi\u0105tkowe warsztaty manualne<\/strong><\/p>\n<p>W pi\u0105tek w pracowni wsp\u00f3lnie wykonywali\u015bmy upominki dla naszych ukochanych dziadk\u00f3w. W tym roku wybrali\u015bmy sole zapachowe, kt\u00f3re robili\u015bmy z gruboziarnistej soli morskiej barwionej barwnikami spo\u017cywczymi i aromatyzowanej olejkami zapachowymi. Dodatkowo dla bab\u0107 wykonali\u015bmy kolorowe bransoletki z koralik\u00f3w. Dope\u0142nieniem naszych upomink\u00f3w, by\u0142y specjalne dyplomy dla dziadk\u00f3w, na kt\u00f3rych zapisali\u015bmy, za co tak mocno ich kochamy. Pracy mieli\u015bmy du\u017co, ale znale\u017ali\u015bmy chwil\u0119 na przerw\u0119 by porozmawia\u0107 o zdrowym od\u017cywianiu i zje\u015b\u0107 porcj\u0119 soczystych owoc\u00f3w, za kt\u00f3re dzi\u0119kujemy naszym darczy\u0144com.<\/p>\n<p>Zach\u0119camy do obejrzenia fotorelacji.<\/p>\n<p>&nbsp;<\/p>\n","protected":false},"excerpt":{"rendered":"<p>Pierwszy tydzie\u0144 ferii za nami<\/p>\n","protected":false},"author":148,"featured_media":28,"comment_status":"open","ping_status":"closed","template":"","class_list":["post-27","news","type-news","status-publish","has-post-thumbnail","hentry"],"acf":[],"yoast_head":"<!-- This site is optimized with the Yoast SEO plugin v24.5 - https:\/\/yoast.com\/wordpress\/plugins\/seo\/ -->\n<title>Pierwszy tydzie\u0144 ferii za nami - Pracownia Orange Lgota Mokrzesz<\/title>\n<meta name=\"robots\" content=\"index, follow, max-snippet:-1, max-image-preview:large, max-video-preview:-1\" \/>\n<link rel=\"canonical\" href=\"https:\/\/pracownieorange.pl\/lgota-mokrzesz\/news\/pierwszy-tydzien-ferii-za-nami\/\" \/>\n<meta property=\"og:locale\" content=\"pl_PL\" \/>\n<meta property=\"og:type\" content=\"article\" \/>\n<meta property=\"og:title\" content=\"Pierwszy tydzie\u0144 ferii za nami - Pracownia Orange Lgota Mokrzesz\" \/>\n<meta property=\"og:description\" content=\"Pierwszy tydzie\u0144 ferii za nami\" \/>\n<meta property=\"og:url\" content=\"https:\/\/pracownieorange.pl\/lgota-mokrzesz\/news\/pierwszy-tydzien-ferii-za-nami\/\" \/>\n<meta property=\"og:site_name\" content=\"Pracownia Orange Lgota Mokrzesz\" \/>\n<meta property=\"article:modified_time\" content=\"2023-01-22T22:15:26+00:00\" \/>\n<meta property=\"og:image\" content=\"https:\/\/pracownieorange.pl\/app\/uploads\/sites\/33\/2023\/01\/ferie.jpg\" \/>\n\t<meta property=\"og:image:width\" content=\"900\" \/>\n\t<meta property=\"og:image:height\" content=\"675\" \/>\n\t<meta property=\"og:image:type\" content=\"image\/jpeg\" \/>\n<meta name=\"twitter:card\" content=\"summary_large_image\" \/>\n<meta name=\"twitter:label1\" content=\"Est. reading time\" \/>\n\t<meta name=\"twitter:data1\" content=\"3 minuty\" \/>\n<script type=\"application\/ld+json\" class=\"yoast-schema-graph\">{\"@context\":\"https:\/\/schema.org\",\"@graph\":[{\"@type\":\"WebPage\",\"@id\":\"https:\/\/pracownieorange.pl\/lgota-mokrzesz\/news\/pierwszy-tydzien-ferii-za-nami\/\",\"url\":\"https:\/\/pracownieorange.pl\/lgota-mokrzesz\/news\/pierwszy-tydzien-ferii-za-nami\/\",\"name\":\"Pierwszy tydzie\u0144 ferii za nami - Pracownia Orange Lgota Mokrzesz\",\"isPartOf\":{\"@id\":\"https:\/\/pracownieorange.pl\/lgota-mokrzesz\/#website\"},\"primaryImageOfPage\":{\"@id\":\"https:\/\/pracownieorange.pl\/lgota-mokrzesz\/news\/pierwszy-tydzien-ferii-za-nami\/#primaryimage\"},\"image\":{\"@id\":\"https:\/\/pracownieorange.pl\/lgota-mokrzesz\/news\/pierwszy-tydzien-ferii-za-nami\/#primaryimage\"},\"thumbnailUrl\":\"https:\/\/pracownieorange.pl\/app\/uploads\/sites\/33\/2023\/01\/ferie.jpg\",\"datePublished\":\"2023-01-21T16:43:22+00:00\",\"dateModified\":\"2023-01-22T22:15:26+00:00\",\"breadcrumb\":{\"@id\":\"https:\/\/pracownieorange.pl\/lgota-mokrzesz\/news\/pierwszy-tydzien-ferii-za-nami\/#breadcrumb\"},\"inLanguage\":\"pl-PL\",\"potentialAction\":[{\"@type\":\"ReadAction\",\"target\":[\"https:\/\/pracownieorange.pl\/lgota-mokrzesz\/news\/pierwszy-tydzien-ferii-za-nami\/\"]}]},{\"@type\":\"ImageObject\",\"inLanguage\":\"pl-PL\",\"@id\":\"https:\/\/pracownieorange.pl\/lgota-mokrzesz\/news\/pierwszy-tydzien-ferii-za-nami\/#primaryimage\",\"url\":\"https:\/\/pracownieorange.pl\/app\/uploads\/sites\/33\/2023\/01\/ferie.jpg\",\"contentUrl\":\"https:\/\/pracownieorange.pl\/app\/uploads\/sites\/33\/2023\/01\/ferie.jpg\",\"width\":900,\"height\":675,\"caption\":\"Zdj\u0119cie przedstawia dzieci z kolorowymi balonami, na kt\u00f3rych narysowane s\u0105 weso\u0142e minki\"},{\"@type\":\"BreadcrumbList\",\"@id\":\"https:\/\/pracownieorange.pl\/lgota-mokrzesz\/news\/pierwszy-tydzien-ferii-za-nami\/#breadcrumb\",\"itemListElement\":[{\"@type\":\"ListItem\",\"position\":1,\"name\":\"Home\",\"item\":\"https:\/\/pracownieorange.pl\/lgota-mokrzesz\/\"},{\"@type\":\"ListItem\",\"position\":2,\"name\":\"Aktualno\u015bci\",\"item\":\"https:\/\/pracownieorange.pl\/lgota-mokrzesz\/news\/\"},{\"@type\":\"ListItem\",\"position\":3,\"name\":\"Pierwszy tydzie\u0144 ferii za nami\"}]},{\"@type\":\"WebSite\",\"@id\":\"https:\/\/pracownieorange.pl\/lgota-mokrzesz\/#website\",\"url\":\"https:\/\/pracownieorange.pl\/lgota-mokrzesz\/\",\"name\":\"Pracownia Orange Lgota Mokrzesz\",\"description\":\"Kolejna witryna sieci \u201ePracownie Orange\u201d\",\"potentialAction\":[{\"@type\":\"SearchAction\",\"target\":{\"@type\":\"EntryPoint\",\"urlTemplate\":\"https:\/\/pracownieorange.pl\/lgota-mokrzesz\/?s={search_term_string}\"},\"query-input\":{\"@type\":\"PropertyValueSpecification\",\"valueRequired\":true,\"valueName\":\"search_term_string\"}}],\"inLanguage\":\"pl-PL\"}]}<\/script>\n<!-- \/ Yoast SEO plugin. -->","yoast_head_json":{"title":"Pierwszy tydzie\u0144 ferii za nami - Pracownia Orange Lgota Mokrzesz","robots":{"index":"index","follow":"follow","max-snippet":"max-snippet:-1","max-image-preview":"max-image-preview:large","max-video-preview":"max-video-preview:-1"},"canonical":"https:\/\/pracownieorange.pl\/lgota-mokrzesz\/news\/pierwszy-tydzien-ferii-za-nami\/","og_locale":"pl_PL","og_type":"article","og_title":"Pierwszy tydzie\u0144 ferii za nami - Pracownia Orange Lgota Mokrzesz","og_description":"Pierwszy tydzie\u0144 ferii za nami","og_url":"https:\/\/pracownieorange.pl\/lgota-mokrzesz\/news\/pierwszy-tydzien-ferii-za-nami\/","og_site_name":"Pracownia Orange Lgota Mokrzesz","article_modified_time":"2023-01-22T22:15:26+00:00","og_image":[{"width":900,"height":675,"url":"https:\/\/pracownieorange.pl\/app\/uploads\/sites\/33\/2023\/01\/ferie.jpg","type":"image\/jpeg"}],"twitter_card":"summary_large_image","twitter_misc":{"Est. reading time":"3 minuty"},"schema":{"@context":"https:\/\/schema.org","@graph":[{"@type":"WebPage","@id":"https:\/\/pracownieorange.pl\/lgota-mokrzesz\/news\/pierwszy-tydzien-ferii-za-nami\/","url":"https:\/\/pracownieorange.pl\/lgota-mokrzesz\/news\/pierwszy-tydzien-ferii-za-nami\/","name":"Pierwszy tydzie\u0144 ferii za nami - Pracownia Orange Lgota Mokrzesz","isPartOf":{"@id":"https:\/\/pracownieorange.pl\/lgota-mokrzesz\/#website"},"primaryImageOfPage":{"@id":"https:\/\/pracownieorange.pl\/lgota-mokrzesz\/news\/pierwszy-tydzien-ferii-za-nami\/#primaryimage"},"image":{"@id":"https:\/\/pracownieorange.pl\/lgota-mokrzesz\/news\/pierwszy-tydzien-ferii-za-nami\/#primaryimage"},"thumbnailUrl":"https:\/\/pracownieorange.pl\/app\/uploads\/sites\/33\/2023\/01\/ferie.jpg","datePublished":"2023-01-21T16:43:22+00:00","dateModified":"2023-01-22T22:15:26+00:00","breadcrumb":{"@id":"https:\/\/pracownieorange.pl\/lgota-mokrzesz\/news\/pierwszy-tydzien-ferii-za-nami\/#breadcrumb"},"inLanguage":"pl-PL","potentialAction":[{"@type":"ReadAction","target":["https:\/\/pracownieorange.pl\/lgota-mokrzesz\/news\/pierwszy-tydzien-ferii-za-nami\/"]}]},{"@type":"ImageObject","inLanguage":"pl-PL","@id":"https:\/\/pracownieorange.pl\/lgota-mokrzesz\/news\/pierwszy-tydzien-ferii-za-nami\/#primaryimage","url":"https:\/\/pracownieorange.pl\/app\/uploads\/sites\/33\/2023\/01\/ferie.jpg","contentUrl":"https:\/\/pracownieorange.pl\/app\/uploads\/sites\/33\/2023\/01\/ferie.jpg","width":900,"height":675,"caption":"Zdj\u0119cie przedstawia dzieci z kolorowymi balonami, na kt\u00f3rych narysowane s\u0105 weso\u0142e minki"},{"@type":"BreadcrumbList","@id":"https:\/\/pracownieorange.pl\/lgota-mokrzesz\/news\/pierwszy-tydzien-ferii-za-nami\/#breadcrumb","itemListElement":[{"@type":"ListItem","position":1,"name":"Home","item":"https:\/\/pracownieorange.pl\/lgota-mokrzesz\/"},{"@type":"ListItem","position":2,"name":"Aktualno\u015bci","item":"https:\/\/pracownieorange.pl\/lgota-mokrzesz\/news\/"},{"@type":"ListItem","position":3,"name":"Pierwszy tydzie\u0144 ferii za nami"}]},{"@type":"WebSite","@id":"https:\/\/pracownieorange.pl\/lgota-mokrzesz\/#website","url":"https:\/\/pracownieorange.pl\/lgota-mokrzesz\/","name":"Pracownia Orange Lgota Mokrzesz","description":"Kolejna witryna sieci \u201ePracownie Orange\u201d","potentialAction":[{"@type":"SearchAction","target":{"@type":"EntryPoint","urlTemplate":"https:\/\/pracownieorange.pl\/lgota-mokrzesz\/?s={search_term_string}"},"query-input":{"@type":"PropertyValueSpecification","valueRequired":true,"valueName":"search_term_string"}}],"inLanguage":"pl-PL"}]}},"_links":{"self":[{"href":"https:\/\/pracownieorange.pl\/lgota-mokrzesz\/wp-json\/wp\/v2\/news\/27","targetHints":{"allow":["GET"]}}],"collection":[{"href":"https:\/\/pracownieorange.pl\/lgota-mokrzesz\/wp-json\/wp\/v2\/news"}],"about":[{"href":"https:\/\/pracownieorange.pl\/lgota-mokrzesz\/wp-json\/wp\/v2\/types\/news"}],"author":[{"embeddable":true,"href":"https:\/\/pracownieorange.pl\/lgota-mokrzesz\/wp-json\/wp\/v2\/users\/148"}],"replies":[{"embeddable":true,"href":"https:\/\/pracownieorange.pl\/lgota-mokrzesz\/wp-json\/wp\/v2\/comments?post=27"}],"wp:featuredmedia":[{"embeddable":true,"href":"https:\/\/pracownieorange.pl\/lgota-mokrzesz\/wp-json\/wp\/v2\/media\/28"}],"wp:attachment":[{"href":"https:\/\/pracownieorange.pl\/lgota-mokrzesz\/wp-json\/wp\/v2\/media?parent=27"}],"curies":[{"name":"wp","href":"https:\/\/api.w.org\/{rel}","templated":true}]}}