

{"id":93,"date":"2024-12-11T10:50:09","date_gmt":"2024-12-11T09:50:09","guid":{"rendered":"https:\/\/pracownieorange.pl\/leszno\/?post_type=news&#038;p=93"},"modified":"2024-12-12T03:54:31","modified_gmt":"2024-12-12T02:54:31","slug":"mala-akademia-sztuki-kreatywna-przygoda-dla-dzieci-w-pracowni-orange-w-lesznie","status":"publish","type":"news","link":"https:\/\/pracownieorange.pl\/leszno\/news\/mala-akademia-sztuki-kreatywna-przygoda-dla-dzieci-w-pracowni-orange-w-lesznie\/","title":{"rendered":"Ma\u0142a Akademia Sztuki \u2013 kreatywna przygoda dla dzieci w Pracowni Orange w Lesznie"},"content":{"rendered":"<p>W Pracowni Orange w Lesznie dzieci w wieku od 6 do 14 lat maj\u0105 mo\u017cliwo\u015b\u0107 rozwijania swojej wyobra\u017ani i tw\u00f3rczego my\u015blenia podczas zaj\u0119\u0107 <strong>\u201eMa\u0142a Akademia Sztuki\u201d<\/strong>. To warsztaty, kt\u00f3re skupiaj\u0105 si\u0119 na r\u00f3\u017cnorodnych formach ekspresji plastycznej, pozwalaj\u0105c uczestnikom odkrywa\u0107 \u015bwiat sztuki w inspiruj\u0105cy i anga\u017cuj\u0105cy spos\u00f3b.<\/p>\n<p>Zaj\u0119cia obejmuj\u0105 szeroki wachlarz dzia\u0142a\u0144 artystycznych, takich jak malowanie, rysowanie, tworzenie kola\u017cy, lepienie z gliny, a nawet eksperymentowanie z nowoczesnymi technikami, jak sztuka recyklingu czy malarstwo na szkle. Ka\u017cde spotkanie to nowe wyzwania i tematy, kt\u00f3re pobudzaj\u0105 kreatywno\u015b\u0107 i zach\u0119caj\u0105 dzieci do odkrywania r\u00f3\u017cnych materia\u0142\u00f3w i technik artystycznych.<\/p>\n<p>Podczas zaj\u0119\u0107 dzieci nie tylko doskonal\u0105 swoje zdolno\u015bci manualne, ale r\u00f3wnie\u017c ucz\u0105 si\u0119 wyra\u017cania emocji i my\u015bli za pomoc\u0105 sztuki. \u201eMa\u0142a Akademia Sztuki\u201d stawia na indywidualne podej\u015bcie do ka\u017cdego uczestnika, co pozwala dzieciom rozwija\u0107 w\u0142asny styl i realizowa\u0107 swoje artystyczne pomys\u0142y. Ka\u017cde dzie\u0142o, niezale\u017cnie od efektu ko\u0144cowego, jest traktowane z szacunkiem i stanowi wa\u017cny krok w artystycznym rozwoju m\u0142odego tw\u00f3rcy.<\/p>\n<p>Zaj\u0119cia \u201eMa\u0142a Akademia Sztuki\u201d to nie tylko praca nad warsztatem plastycznym, ale r\u00f3wnie\u017c \u015bwietna okazja do rozwijania wyobra\u017ani, budowania pewno\u015bci siebie oraz wsp\u00f3\u0142pracy w grupie. Wsp\u00f3lne tworzenie w przyjaznej atmosferze sprzyja integracji, uczy szacunku dla pracy innych i pozwala na wymian\u0119 pomys\u0142\u00f3w.<\/p>\n<p>Dzieci uczestnicz\u0105ce w warsztatach cz\u0119sto wychodz\u0105 poza schematy, tworz\u0105c oryginalne i niepowtarzalne prace, kt\u00f3re stanowi\u0105 odzwierciedlenie ich osobowo\u015bci. Efekty pracy m\u0142odych artyst\u00f3w s\u0105 regularnie prezentowane w przestrzeni Pracowni Orange, co dodatkowo motywuje uczestnik\u00f3w do rozwijania swoich talent\u00f3w.<\/p>\n","protected":false},"excerpt":{"rendered":"<p>W Pracowni Orange w Lesznie dzieci w wieku od 6 [&hellip;]<\/p>\n","protected":false},"author":207,"featured_media":95,"comment_status":"open","ping_status":"closed","template":"","class_list":["post-93","news","type-news","status-publish","has-post-thumbnail","hentry"],"acf":[],"yoast_head":"<!-- This site is optimized with the Yoast SEO plugin v24.5 - https:\/\/yoast.com\/wordpress\/plugins\/seo\/ -->\n<title>Ma\u0142a Akademia Sztuki \u2013 kreatywna przygoda dla dzieci w Pracowni Orange w Lesznie - Pracownia Orange Leszno<\/title>\n<meta name=\"robots\" content=\"index, follow, max-snippet:-1, max-image-preview:large, max-video-preview:-1\" \/>\n<link rel=\"canonical\" href=\"https:\/\/pracownieorange.pl\/leszno\/news\/mala-akademia-sztuki-kreatywna-przygoda-dla-dzieci-w-pracowni-orange-w-lesznie\/\" \/>\n<meta property=\"og:locale\" content=\"pl_PL\" \/>\n<meta property=\"og:type\" content=\"article\" \/>\n<meta property=\"og:title\" content=\"Ma\u0142a Akademia Sztuki \u2013 kreatywna przygoda dla dzieci w Pracowni Orange w Lesznie - Pracownia Orange Leszno\" \/>\n<meta property=\"og:description\" content=\"W Pracowni Orange w Lesznie dzieci w wieku od 6 [&hellip;]\" \/>\n<meta property=\"og:url\" content=\"https:\/\/pracownieorange.pl\/leszno\/news\/mala-akademia-sztuki-kreatywna-przygoda-dla-dzieci-w-pracowni-orange-w-lesznie\/\" \/>\n<meta property=\"og:site_name\" content=\"Pracownia Orange Leszno\" \/>\n<meta property=\"article:modified_time\" content=\"2024-12-12T02:54:31+00:00\" \/>\n<meta property=\"og:image\" content=\"https:\/\/pracownieorange.pl\/app\/uploads\/sites\/104\/2024\/12\/Messenger_creation_61274A37-74D0-420F-8359-5C5E8D67702D.jpeg\" \/>\n\t<meta property=\"og:image:width\" content=\"1536\" \/>\n\t<meta property=\"og:image:height\" content=\"2048\" \/>\n\t<meta property=\"og:image:type\" content=\"image\/jpeg\" \/>\n<meta name=\"twitter:card\" content=\"summary_large_image\" \/>\n<meta name=\"twitter:label1\" content=\"Est. reading time\" \/>\n\t<meta name=\"twitter:data1\" content=\"2 minuty\" \/>\n<script type=\"application\/ld+json\" class=\"yoast-schema-graph\">{\"@context\":\"https:\/\/schema.org\",\"@graph\":[{\"@type\":\"WebPage\",\"@id\":\"https:\/\/pracownieorange.pl\/leszno\/news\/mala-akademia-sztuki-kreatywna-przygoda-dla-dzieci-w-pracowni-orange-w-lesznie\/\",\"url\":\"https:\/\/pracownieorange.pl\/leszno\/news\/mala-akademia-sztuki-kreatywna-przygoda-dla-dzieci-w-pracowni-orange-w-lesznie\/\",\"name\":\"Ma\u0142a Akademia Sztuki \u2013 kreatywna przygoda dla dzieci w Pracowni Orange w Lesznie - Pracownia Orange Leszno\",\"isPartOf\":{\"@id\":\"https:\/\/pracownieorange.pl\/leszno\/#website\"},\"primaryImageOfPage\":{\"@id\":\"https:\/\/pracownieorange.pl\/leszno\/news\/mala-akademia-sztuki-kreatywna-przygoda-dla-dzieci-w-pracowni-orange-w-lesznie\/#primaryimage\"},\"image\":{\"@id\":\"https:\/\/pracownieorange.pl\/leszno\/news\/mala-akademia-sztuki-kreatywna-przygoda-dla-dzieci-w-pracowni-orange-w-lesznie\/#primaryimage\"},\"thumbnailUrl\":\"https:\/\/pracownieorange.pl\/app\/uploads\/sites\/104\/2024\/12\/Messenger_creation_61274A37-74D0-420F-8359-5C5E8D67702D.jpeg\",\"datePublished\":\"2024-12-11T09:50:09+00:00\",\"dateModified\":\"2024-12-12T02:54:31+00:00\",\"breadcrumb\":{\"@id\":\"https:\/\/pracownieorange.pl\/leszno\/news\/mala-akademia-sztuki-kreatywna-przygoda-dla-dzieci-w-pracowni-orange-w-lesznie\/#breadcrumb\"},\"inLanguage\":\"pl-PL\",\"potentialAction\":[{\"@type\":\"ReadAction\",\"target\":[\"https:\/\/pracownieorange.pl\/leszno\/news\/mala-akademia-sztuki-kreatywna-przygoda-dla-dzieci-w-pracowni-orange-w-lesznie\/\"]}]},{\"@type\":\"ImageObject\",\"inLanguage\":\"pl-PL\",\"@id\":\"https:\/\/pracownieorange.pl\/leszno\/news\/mala-akademia-sztuki-kreatywna-przygoda-dla-dzieci-w-pracowni-orange-w-lesznie\/#primaryimage\",\"url\":\"https:\/\/pracownieorange.pl\/app\/uploads\/sites\/104\/2024\/12\/Messenger_creation_61274A37-74D0-420F-8359-5C5E8D67702D.jpeg\",\"contentUrl\":\"https:\/\/pracownieorange.pl\/app\/uploads\/sites\/104\/2024\/12\/Messenger_creation_61274A37-74D0-420F-8359-5C5E8D67702D.jpeg\",\"width\":1536,\"height\":2048,\"caption\":\"zdj\u0119cie pracy na szkle w ramce. Kompozycja przedstawiaj\u0105ca okno oraz martw\u0105 natur\u0119 - dynie i ro\u015blin\u0119.\"},{\"@type\":\"BreadcrumbList\",\"@id\":\"https:\/\/pracownieorange.pl\/leszno\/news\/mala-akademia-sztuki-kreatywna-przygoda-dla-dzieci-w-pracowni-orange-w-lesznie\/#breadcrumb\",\"itemListElement\":[{\"@type\":\"ListItem\",\"position\":1,\"name\":\"Home\",\"item\":\"https:\/\/pracownieorange.pl\/leszno\/\"},{\"@type\":\"ListItem\",\"position\":2,\"name\":\"Aktualno\u015bci\",\"item\":\"https:\/\/pracownieorange.pl\/leszno\/news\/\"},{\"@type\":\"ListItem\",\"position\":3,\"name\":\"Ma\u0142a Akademia Sztuki \u2013 kreatywna przygoda dla dzieci w Pracowni Orange w Lesznie\"}]},{\"@type\":\"WebSite\",\"@id\":\"https:\/\/pracownieorange.pl\/leszno\/#website\",\"url\":\"https:\/\/pracownieorange.pl\/leszno\/\",\"name\":\"Pracownia Orange Leszno\",\"description\":\"\",\"potentialAction\":[{\"@type\":\"SearchAction\",\"target\":{\"@type\":\"EntryPoint\",\"urlTemplate\":\"https:\/\/pracownieorange.pl\/leszno\/?s={search_term_string}\"},\"query-input\":{\"@type\":\"PropertyValueSpecification\",\"valueRequired\":true,\"valueName\":\"search_term_string\"}}],\"inLanguage\":\"pl-PL\"}]}<\/script>\n<!-- \/ Yoast SEO plugin. -->","yoast_head_json":{"title":"Ma\u0142a Akademia Sztuki \u2013 kreatywna przygoda dla dzieci w Pracowni Orange w Lesznie - Pracownia Orange Leszno","robots":{"index":"index","follow":"follow","max-snippet":"max-snippet:-1","max-image-preview":"max-image-preview:large","max-video-preview":"max-video-preview:-1"},"canonical":"https:\/\/pracownieorange.pl\/leszno\/news\/mala-akademia-sztuki-kreatywna-przygoda-dla-dzieci-w-pracowni-orange-w-lesznie\/","og_locale":"pl_PL","og_type":"article","og_title":"Ma\u0142a Akademia Sztuki \u2013 kreatywna przygoda dla dzieci w Pracowni Orange w Lesznie - Pracownia Orange Leszno","og_description":"W Pracowni Orange w Lesznie dzieci w wieku od 6 [&hellip;]","og_url":"https:\/\/pracownieorange.pl\/leszno\/news\/mala-akademia-sztuki-kreatywna-przygoda-dla-dzieci-w-pracowni-orange-w-lesznie\/","og_site_name":"Pracownia Orange Leszno","article_modified_time":"2024-12-12T02:54:31+00:00","og_image":[{"width":1536,"height":2048,"url":"https:\/\/pracownieorange.pl\/app\/uploads\/sites\/104\/2024\/12\/Messenger_creation_61274A37-74D0-420F-8359-5C5E8D67702D.jpeg","type":"image\/jpeg"}],"twitter_card":"summary_large_image","twitter_misc":{"Est. reading time":"2 minuty"},"schema":{"@context":"https:\/\/schema.org","@graph":[{"@type":"WebPage","@id":"https:\/\/pracownieorange.pl\/leszno\/news\/mala-akademia-sztuki-kreatywna-przygoda-dla-dzieci-w-pracowni-orange-w-lesznie\/","url":"https:\/\/pracownieorange.pl\/leszno\/news\/mala-akademia-sztuki-kreatywna-przygoda-dla-dzieci-w-pracowni-orange-w-lesznie\/","name":"Ma\u0142a Akademia Sztuki \u2013 kreatywna przygoda dla dzieci w Pracowni Orange w Lesznie - Pracownia Orange Leszno","isPartOf":{"@id":"https:\/\/pracownieorange.pl\/leszno\/#website"},"primaryImageOfPage":{"@id":"https:\/\/pracownieorange.pl\/leszno\/news\/mala-akademia-sztuki-kreatywna-przygoda-dla-dzieci-w-pracowni-orange-w-lesznie\/#primaryimage"},"image":{"@id":"https:\/\/pracownieorange.pl\/leszno\/news\/mala-akademia-sztuki-kreatywna-przygoda-dla-dzieci-w-pracowni-orange-w-lesznie\/#primaryimage"},"thumbnailUrl":"https:\/\/pracownieorange.pl\/app\/uploads\/sites\/104\/2024\/12\/Messenger_creation_61274A37-74D0-420F-8359-5C5E8D67702D.jpeg","datePublished":"2024-12-11T09:50:09+00:00","dateModified":"2024-12-12T02:54:31+00:00","breadcrumb":{"@id":"https:\/\/pracownieorange.pl\/leszno\/news\/mala-akademia-sztuki-kreatywna-przygoda-dla-dzieci-w-pracowni-orange-w-lesznie\/#breadcrumb"},"inLanguage":"pl-PL","potentialAction":[{"@type":"ReadAction","target":["https:\/\/pracownieorange.pl\/leszno\/news\/mala-akademia-sztuki-kreatywna-przygoda-dla-dzieci-w-pracowni-orange-w-lesznie\/"]}]},{"@type":"ImageObject","inLanguage":"pl-PL","@id":"https:\/\/pracownieorange.pl\/leszno\/news\/mala-akademia-sztuki-kreatywna-przygoda-dla-dzieci-w-pracowni-orange-w-lesznie\/#primaryimage","url":"https:\/\/pracownieorange.pl\/app\/uploads\/sites\/104\/2024\/12\/Messenger_creation_61274A37-74D0-420F-8359-5C5E8D67702D.jpeg","contentUrl":"https:\/\/pracownieorange.pl\/app\/uploads\/sites\/104\/2024\/12\/Messenger_creation_61274A37-74D0-420F-8359-5C5E8D67702D.jpeg","width":1536,"height":2048,"caption":"zdj\u0119cie pracy na szkle w ramce. Kompozycja przedstawiaj\u0105ca okno oraz martw\u0105 natur\u0119 - dynie i ro\u015blin\u0119."},{"@type":"BreadcrumbList","@id":"https:\/\/pracownieorange.pl\/leszno\/news\/mala-akademia-sztuki-kreatywna-przygoda-dla-dzieci-w-pracowni-orange-w-lesznie\/#breadcrumb","itemListElement":[{"@type":"ListItem","position":1,"name":"Home","item":"https:\/\/pracownieorange.pl\/leszno\/"},{"@type":"ListItem","position":2,"name":"Aktualno\u015bci","item":"https:\/\/pracownieorange.pl\/leszno\/news\/"},{"@type":"ListItem","position":3,"name":"Ma\u0142a Akademia Sztuki \u2013 kreatywna przygoda dla dzieci w Pracowni Orange w Lesznie"}]},{"@type":"WebSite","@id":"https:\/\/pracownieorange.pl\/leszno\/#website","url":"https:\/\/pracownieorange.pl\/leszno\/","name":"Pracownia Orange Leszno","description":"","potentialAction":[{"@type":"SearchAction","target":{"@type":"EntryPoint","urlTemplate":"https:\/\/pracownieorange.pl\/leszno\/?s={search_term_string}"},"query-input":{"@type":"PropertyValueSpecification","valueRequired":true,"valueName":"search_term_string"}}],"inLanguage":"pl-PL"}]}},"_links":{"self":[{"href":"https:\/\/pracownieorange.pl\/leszno\/wp-json\/wp\/v2\/news\/93","targetHints":{"allow":["GET"]}}],"collection":[{"href":"https:\/\/pracownieorange.pl\/leszno\/wp-json\/wp\/v2\/news"}],"about":[{"href":"https:\/\/pracownieorange.pl\/leszno\/wp-json\/wp\/v2\/types\/news"}],"author":[{"embeddable":true,"href":"https:\/\/pracownieorange.pl\/leszno\/wp-json\/wp\/v2\/users\/207"}],"replies":[{"embeddable":true,"href":"https:\/\/pracownieorange.pl\/leszno\/wp-json\/wp\/v2\/comments?post=93"}],"wp:featuredmedia":[{"embeddable":true,"href":"https:\/\/pracownieorange.pl\/leszno\/wp-json\/wp\/v2\/media\/95"}],"wp:attachment":[{"href":"https:\/\/pracownieorange.pl\/leszno\/wp-json\/wp\/v2\/media?parent=93"}],"curies":[{"name":"wp","href":"https:\/\/api.w.org\/{rel}","templated":true}]}}