

{"id":60,"date":"2024-11-18T14:40:51","date_gmt":"2024-11-18T13:40:51","guid":{"rendered":"https:\/\/pracownieorange.pl\/leszno\/?post_type=news&#038;p=60"},"modified":"2024-11-19T00:16:52","modified_gmt":"2024-11-18T23:16:52","slug":"jesienne-dynie-akwarelami","status":"publish","type":"news","link":"https:\/\/pracownieorange.pl\/leszno\/news\/jesienne-dynie-akwarelami\/","title":{"rendered":"Jesienne dynie akwarelami"},"content":{"rendered":"<p>Jesie\u0144 inspiruje swoimi formami i kolorami. Przyjaciel Pracowni dostarczy\u0142 ozdobne dynie do dekoracji pracowni, co sta\u0142o si\u0119 inspiracj\u0105 dla dyniowych warsztat\u00f3w akwarelowych. Uczestniczki nie maj\u0105ce wcze\u015bniej do\u015bwiadczenia malarskiego, a co dopiero w wymagaj\u0105cej akwareli,\u00a0 stara\u0142y si\u0119 uchwyci\u0107 g\u0142\u0119bokie oran\u017ce i oryginalne formy naszych eksponat\u00f3w. Rozbudzona kreatywno\u015b\u0107 zadecydowa\u0142a o dalszych cyklicznych spotkaniach w kt\u00f3rych b\u0119dziemy starali si\u0119 uchwyci\u0107 aktualne nastroje p\u00f3r roku tym delikatnym medium.<\/p>\n<p>W tym momencie prace zdobi\u0105 \u015bciany naszej pracowni i b\u0119d\u0105 wymieniane na kolejne, tak aby inspirowa\u0107 kolejne osoby.<\/p>\n<p>&nbsp;<\/p>\n","protected":false},"excerpt":{"rendered":"<p>Jesie\u0144 inspiruje swoimi formami i kolorami. Przyjaciel Pracowni dostarczy\u0142 ozdobne [&hellip;]<\/p>\n","protected":false},"author":207,"featured_media":70,"comment_status":"open","ping_status":"closed","template":"","class_list":["post-60","news","type-news","status-publish","has-post-thumbnail","hentry"],"acf":[],"yoast_head":"<!-- This site is optimized with the Yoast SEO plugin v24.5 - https:\/\/yoast.com\/wordpress\/plugins\/seo\/ -->\n<title>Jesienne dynie akwarelami - Pracownia Orange Leszno<\/title>\n<meta name=\"robots\" content=\"index, follow, max-snippet:-1, max-image-preview:large, max-video-preview:-1\" \/>\n<link rel=\"canonical\" href=\"https:\/\/pracownieorange.pl\/leszno\/news\/jesienne-dynie-akwarelami\/\" \/>\n<meta property=\"og:locale\" content=\"pl_PL\" \/>\n<meta property=\"og:type\" content=\"article\" \/>\n<meta property=\"og:title\" content=\"Jesienne dynie akwarelami - Pracownia Orange Leszno\" \/>\n<meta property=\"og:description\" content=\"Jesie\u0144 inspiruje swoimi formami i kolorami. Przyjaciel Pracowni dostarczy\u0142 ozdobne [&hellip;]\" \/>\n<meta property=\"og:url\" content=\"https:\/\/pracownieorange.pl\/leszno\/news\/jesienne-dynie-akwarelami\/\" \/>\n<meta property=\"og:site_name\" content=\"Pracownia Orange Leszno\" \/>\n<meta property=\"article:modified_time\" content=\"2024-11-18T23:16:52+00:00\" \/>\n<meta property=\"og:image\" content=\"https:\/\/pracownieorange.pl\/app\/uploads\/sites\/104\/2024\/11\/20241108_181218-scaled.jpg\" \/>\n\t<meta property=\"og:image:width\" content=\"2560\" \/>\n\t<meta property=\"og:image:height\" content=\"1920\" \/>\n\t<meta property=\"og:image:type\" content=\"image\/jpeg\" \/>\n<meta name=\"twitter:card\" content=\"summary_large_image\" \/>\n<meta name=\"twitter:label1\" content=\"Est. reading time\" \/>\n\t<meta name=\"twitter:data1\" content=\"1 minuta\" \/>\n<script type=\"application\/ld+json\" class=\"yoast-schema-graph\">{\"@context\":\"https:\/\/schema.org\",\"@graph\":[{\"@type\":\"WebPage\",\"@id\":\"https:\/\/pracownieorange.pl\/leszno\/news\/jesienne-dynie-akwarelami\/\",\"url\":\"https:\/\/pracownieorange.pl\/leszno\/news\/jesienne-dynie-akwarelami\/\",\"name\":\"Jesienne dynie akwarelami - Pracownia Orange Leszno\",\"isPartOf\":{\"@id\":\"https:\/\/pracownieorange.pl\/leszno\/#website\"},\"primaryImageOfPage\":{\"@id\":\"https:\/\/pracownieorange.pl\/leszno\/news\/jesienne-dynie-akwarelami\/#primaryimage\"},\"image\":{\"@id\":\"https:\/\/pracownieorange.pl\/leszno\/news\/jesienne-dynie-akwarelami\/#primaryimage\"},\"thumbnailUrl\":\"https:\/\/pracownieorange.pl\/app\/uploads\/sites\/104\/2024\/11\/20241108_181218-scaled.jpg\",\"datePublished\":\"2024-11-18T13:40:51+00:00\",\"dateModified\":\"2024-11-18T23:16:52+00:00\",\"breadcrumb\":{\"@id\":\"https:\/\/pracownieorange.pl\/leszno\/news\/jesienne-dynie-akwarelami\/#breadcrumb\"},\"inLanguage\":\"pl-PL\",\"potentialAction\":[{\"@type\":\"ReadAction\",\"target\":[\"https:\/\/pracownieorange.pl\/leszno\/news\/jesienne-dynie-akwarelami\/\"]}]},{\"@type\":\"ImageObject\",\"inLanguage\":\"pl-PL\",\"@id\":\"https:\/\/pracownieorange.pl\/leszno\/news\/jesienne-dynie-akwarelami\/#primaryimage\",\"url\":\"https:\/\/pracownieorange.pl\/app\/uploads\/sites\/104\/2024\/11\/20241108_181218-scaled.jpg\",\"contentUrl\":\"https:\/\/pracownieorange.pl\/app\/uploads\/sites\/104\/2024\/11\/20241108_181218-scaled.jpg\",\"width\":2560,\"height\":1920,\"caption\":\"akwarele dynie\"},{\"@type\":\"BreadcrumbList\",\"@id\":\"https:\/\/pracownieorange.pl\/leszno\/news\/jesienne-dynie-akwarelami\/#breadcrumb\",\"itemListElement\":[{\"@type\":\"ListItem\",\"position\":1,\"name\":\"Home\",\"item\":\"https:\/\/pracownieorange.pl\/leszno\/\"},{\"@type\":\"ListItem\",\"position\":2,\"name\":\"Aktualno\u015bci\",\"item\":\"https:\/\/pracownieorange.pl\/leszno\/news\/\"},{\"@type\":\"ListItem\",\"position\":3,\"name\":\"Jesienne dynie akwarelami\"}]},{\"@type\":\"WebSite\",\"@id\":\"https:\/\/pracownieorange.pl\/leszno\/#website\",\"url\":\"https:\/\/pracownieorange.pl\/leszno\/\",\"name\":\"Pracownia Orange Leszno\",\"description\":\"\",\"potentialAction\":[{\"@type\":\"SearchAction\",\"target\":{\"@type\":\"EntryPoint\",\"urlTemplate\":\"https:\/\/pracownieorange.pl\/leszno\/?s={search_term_string}\"},\"query-input\":{\"@type\":\"PropertyValueSpecification\",\"valueRequired\":true,\"valueName\":\"search_term_string\"}}],\"inLanguage\":\"pl-PL\"}]}<\/script>\n<!-- \/ Yoast SEO plugin. -->","yoast_head_json":{"title":"Jesienne dynie akwarelami - Pracownia Orange Leszno","robots":{"index":"index","follow":"follow","max-snippet":"max-snippet:-1","max-image-preview":"max-image-preview:large","max-video-preview":"max-video-preview:-1"},"canonical":"https:\/\/pracownieorange.pl\/leszno\/news\/jesienne-dynie-akwarelami\/","og_locale":"pl_PL","og_type":"article","og_title":"Jesienne dynie akwarelami - Pracownia Orange Leszno","og_description":"Jesie\u0144 inspiruje swoimi formami i kolorami. Przyjaciel Pracowni dostarczy\u0142 ozdobne [&hellip;]","og_url":"https:\/\/pracownieorange.pl\/leszno\/news\/jesienne-dynie-akwarelami\/","og_site_name":"Pracownia Orange Leszno","article_modified_time":"2024-11-18T23:16:52+00:00","og_image":[{"width":2560,"height":1920,"url":"https:\/\/pracownieorange.pl\/app\/uploads\/sites\/104\/2024\/11\/20241108_181218-scaled.jpg","type":"image\/jpeg"}],"twitter_card":"summary_large_image","twitter_misc":{"Est. reading time":"1 minuta"},"schema":{"@context":"https:\/\/schema.org","@graph":[{"@type":"WebPage","@id":"https:\/\/pracownieorange.pl\/leszno\/news\/jesienne-dynie-akwarelami\/","url":"https:\/\/pracownieorange.pl\/leszno\/news\/jesienne-dynie-akwarelami\/","name":"Jesienne dynie akwarelami - Pracownia Orange Leszno","isPartOf":{"@id":"https:\/\/pracownieorange.pl\/leszno\/#website"},"primaryImageOfPage":{"@id":"https:\/\/pracownieorange.pl\/leszno\/news\/jesienne-dynie-akwarelami\/#primaryimage"},"image":{"@id":"https:\/\/pracownieorange.pl\/leszno\/news\/jesienne-dynie-akwarelami\/#primaryimage"},"thumbnailUrl":"https:\/\/pracownieorange.pl\/app\/uploads\/sites\/104\/2024\/11\/20241108_181218-scaled.jpg","datePublished":"2024-11-18T13:40:51+00:00","dateModified":"2024-11-18T23:16:52+00:00","breadcrumb":{"@id":"https:\/\/pracownieorange.pl\/leszno\/news\/jesienne-dynie-akwarelami\/#breadcrumb"},"inLanguage":"pl-PL","potentialAction":[{"@type":"ReadAction","target":["https:\/\/pracownieorange.pl\/leszno\/news\/jesienne-dynie-akwarelami\/"]}]},{"@type":"ImageObject","inLanguage":"pl-PL","@id":"https:\/\/pracownieorange.pl\/leszno\/news\/jesienne-dynie-akwarelami\/#primaryimage","url":"https:\/\/pracownieorange.pl\/app\/uploads\/sites\/104\/2024\/11\/20241108_181218-scaled.jpg","contentUrl":"https:\/\/pracownieorange.pl\/app\/uploads\/sites\/104\/2024\/11\/20241108_181218-scaled.jpg","width":2560,"height":1920,"caption":"akwarele dynie"},{"@type":"BreadcrumbList","@id":"https:\/\/pracownieorange.pl\/leszno\/news\/jesienne-dynie-akwarelami\/#breadcrumb","itemListElement":[{"@type":"ListItem","position":1,"name":"Home","item":"https:\/\/pracownieorange.pl\/leszno\/"},{"@type":"ListItem","position":2,"name":"Aktualno\u015bci","item":"https:\/\/pracownieorange.pl\/leszno\/news\/"},{"@type":"ListItem","position":3,"name":"Jesienne dynie akwarelami"}]},{"@type":"WebSite","@id":"https:\/\/pracownieorange.pl\/leszno\/#website","url":"https:\/\/pracownieorange.pl\/leszno\/","name":"Pracownia Orange Leszno","description":"","potentialAction":[{"@type":"SearchAction","target":{"@type":"EntryPoint","urlTemplate":"https:\/\/pracownieorange.pl\/leszno\/?s={search_term_string}"},"query-input":{"@type":"PropertyValueSpecification","valueRequired":true,"valueName":"search_term_string"}}],"inLanguage":"pl-PL"}]}},"_links":{"self":[{"href":"https:\/\/pracownieorange.pl\/leszno\/wp-json\/wp\/v2\/news\/60","targetHints":{"allow":["GET"]}}],"collection":[{"href":"https:\/\/pracownieorange.pl\/leszno\/wp-json\/wp\/v2\/news"}],"about":[{"href":"https:\/\/pracownieorange.pl\/leszno\/wp-json\/wp\/v2\/types\/news"}],"author":[{"embeddable":true,"href":"https:\/\/pracownieorange.pl\/leszno\/wp-json\/wp\/v2\/users\/207"}],"replies":[{"embeddable":true,"href":"https:\/\/pracownieorange.pl\/leszno\/wp-json\/wp\/v2\/comments?post=60"}],"wp:featuredmedia":[{"embeddable":true,"href":"https:\/\/pracownieorange.pl\/leszno\/wp-json\/wp\/v2\/media\/70"}],"wp:attachment":[{"href":"https:\/\/pracownieorange.pl\/leszno\/wp-json\/wp\/v2\/media?parent=60"}],"curies":[{"name":"wp","href":"https:\/\/api.w.org\/{rel}","templated":true}]}}