

{"id":21,"date":"2024-05-14T11:48:56","date_gmt":"2024-05-14T09:48:56","guid":{"rendered":"https:\/\/pracownieorange.pl\/leszno\/?post_type=news&#038;p=21"},"modified":"2024-05-14T15:14:15","modified_gmt":"2024-05-14T13:14:15","slug":"kwiecien-w-otulinie-kampinosu","status":"publish","type":"news","link":"https:\/\/pracownieorange.pl\/leszno\/news\/kwiecien-w-otulinie-kampinosu\/","title":{"rendered":"Kwiecie\u0144 w otulinie Kampinosu"},"content":{"rendered":"<p>CAL Pracownia Orange w Lesznie, jest miejscem gdzie spotyka si\u0119 lokalna spo\u0142eczno\u015b\u0107 &#8211; m\u0142odsi, m\u0142odzi i w kwiecie wieku.<\/p>\n<p>W naszej miejsc\u00f3wce mo\u017cna ciekawie sp\u0119dzi\u0107 czas zar\u00f3wno edukuj\u0105c si\u0119 technologicznie, na rozmowie, zabawie czy beztrosko cziluj\u0105c na kanapie. Mamy do dyspozycji fajny sprz\u0119t &#8211; PSP, drukark\u0119 3D, laptopy, telewizor, r\u00f3\u017cnego rodzaju plansz\u00f3wki, ksi\u0105\u017cki, materia\u0142y plastyczne i wsp\u00f3lnie prowadzon\u0105 kuchni\u0119. To miejsce, w kt\u00f3rym odbywaj\u0105 si\u0119 mi\u0119dzy innymi spotkania m\u0142odzie\u017cowego wolontariatu, aktywnych senior\u00f3w, ciekawskich dzieci, \u015bwiadomych doros\u0142ych.<\/p>\n<p>W kwietniu odwiedzili nas podopieczni \u015arodowiskowego Domu Samopomocy w \u0141ubcu i razem stworzyli\u015bmy tablic\u0119 upami\u0119tniaj\u0105c\u0105 rocznic\u0119 Powstania w Getcie Warszawskim.<\/p>\n<p>Nasza ulubiona grupa 18+ podczas swojego Czasu dla Seniora urz\u0105dzi\u0142a w Pracowni dzie\u0144 na Dzikim Zachodzie:)<\/p>\n<p>Kwiecie\u0144 to by\u0142 r\u00f3wnie\u017c miesi\u0105c turniejowy &#8211; kibicowali\u015bmy szachistom, kt\u00f3rzy po raz kolejny dopisali w Pracowni Orange, a pod koniec miesi\u0105ca po raz pierwszy spotkali\u015bmy si\u0119 na Maratonie gier stolikowych i planszowych. To ostatnie wydarzenie zorganizowali\u015bmy we wsp\u00f3\u0142pracy z Bibliotek\u0105 Publiczn\u0105 Gminy Leszno. Maraton cieszy\u0142 si\u0119 duuu\u017cym zainteresowaniem i ju\u017c wiemy, \u017ce to pocz\u0105tek wspania\u0142ych cyklicznych spotka\u0144!<\/p>\n<p>Zapraszamy do odwiedzin w naszej Pracowni w otulinie Kampinoskiego Parku Narodowego!<\/p>\n","protected":false},"excerpt":{"rendered":"<p>CAL Pracownia Orange w Lesznie, jest miejscem gdzie spotyka si\u0119 [&hellip;]<\/p>\n","protected":false},"author":207,"featured_media":25,"comment_status":"open","ping_status":"closed","template":"","class_list":["post-21","news","type-news","status-publish","has-post-thumbnail","hentry"],"acf":[],"yoast_head":"<!-- This site is optimized with the Yoast SEO plugin v24.5 - https:\/\/yoast.com\/wordpress\/plugins\/seo\/ -->\n<title>Kwiecie\u0144 w otulinie Kampinosu - Pracownia Orange Leszno<\/title>\n<meta name=\"robots\" content=\"index, follow, max-snippet:-1, max-image-preview:large, max-video-preview:-1\" \/>\n<link rel=\"canonical\" href=\"https:\/\/pracownieorange.pl\/leszno\/news\/kwiecien-w-otulinie-kampinosu\/\" \/>\n<meta property=\"og:locale\" content=\"pl_PL\" \/>\n<meta property=\"og:type\" content=\"article\" \/>\n<meta property=\"og:title\" content=\"Kwiecie\u0144 w otulinie Kampinosu - Pracownia Orange Leszno\" \/>\n<meta property=\"og:description\" content=\"CAL Pracownia Orange w Lesznie, jest miejscem gdzie spotyka si\u0119 [&hellip;]\" \/>\n<meta property=\"og:url\" content=\"https:\/\/pracownieorange.pl\/leszno\/news\/kwiecien-w-otulinie-kampinosu\/\" \/>\n<meta property=\"og:site_name\" content=\"Pracownia Orange Leszno\" \/>\n<meta property=\"article:modified_time\" content=\"2024-05-14T13:14:15+00:00\" \/>\n<meta property=\"og:image\" content=\"https:\/\/pracownieorange.pl\/app\/uploads\/sites\/104\/2024\/05\/441940126_1499453130675557_6194927039072860811_n.jpg\" \/>\n\t<meta property=\"og:image:width\" content=\"1500\" \/>\n\t<meta property=\"og:image:height\" content=\"2000\" \/>\n\t<meta property=\"og:image:type\" content=\"image\/jpeg\" \/>\n<meta name=\"twitter:card\" content=\"summary_large_image\" \/>\n<meta name=\"twitter:label1\" content=\"Est. reading time\" \/>\n\t<meta name=\"twitter:data1\" content=\"1 minuta\" \/>\n<script type=\"application\/ld+json\" class=\"yoast-schema-graph\">{\"@context\":\"https:\/\/schema.org\",\"@graph\":[{\"@type\":\"WebPage\",\"@id\":\"https:\/\/pracownieorange.pl\/leszno\/news\/kwiecien-w-otulinie-kampinosu\/\",\"url\":\"https:\/\/pracownieorange.pl\/leszno\/news\/kwiecien-w-otulinie-kampinosu\/\",\"name\":\"Kwiecie\u0144 w otulinie Kampinosu - Pracownia Orange Leszno\",\"isPartOf\":{\"@id\":\"https:\/\/pracownieorange.pl\/leszno\/#website\"},\"primaryImageOfPage\":{\"@id\":\"https:\/\/pracownieorange.pl\/leszno\/news\/kwiecien-w-otulinie-kampinosu\/#primaryimage\"},\"image\":{\"@id\":\"https:\/\/pracownieorange.pl\/leszno\/news\/kwiecien-w-otulinie-kampinosu\/#primaryimage\"},\"thumbnailUrl\":\"https:\/\/pracownieorange.pl\/app\/uploads\/sites\/104\/2024\/05\/441940126_1499453130675557_6194927039072860811_n.jpg\",\"datePublished\":\"2024-05-14T09:48:56+00:00\",\"dateModified\":\"2024-05-14T13:14:15+00:00\",\"breadcrumb\":{\"@id\":\"https:\/\/pracownieorange.pl\/leszno\/news\/kwiecien-w-otulinie-kampinosu\/#breadcrumb\"},\"inLanguage\":\"pl-PL\",\"potentialAction\":[{\"@type\":\"ReadAction\",\"target\":[\"https:\/\/pracownieorange.pl\/leszno\/news\/kwiecien-w-otulinie-kampinosu\/\"]}]},{\"@type\":\"ImageObject\",\"inLanguage\":\"pl-PL\",\"@id\":\"https:\/\/pracownieorange.pl\/leszno\/news\/kwiecien-w-otulinie-kampinosu\/#primaryimage\",\"url\":\"https:\/\/pracownieorange.pl\/app\/uploads\/sites\/104\/2024\/05\/441940126_1499453130675557_6194927039072860811_n.jpg\",\"contentUrl\":\"https:\/\/pracownieorange.pl\/app\/uploads\/sites\/104\/2024\/05\/441940126_1499453130675557_6194927039072860811_n.jpg\",\"width\":1500,\"height\":2000,\"caption\":\"kubek z napisem CAL Pracownia Orange w Lesznie\"},{\"@type\":\"BreadcrumbList\",\"@id\":\"https:\/\/pracownieorange.pl\/leszno\/news\/kwiecien-w-otulinie-kampinosu\/#breadcrumb\",\"itemListElement\":[{\"@type\":\"ListItem\",\"position\":1,\"name\":\"Home\",\"item\":\"https:\/\/pracownieorange.pl\/leszno\/\"},{\"@type\":\"ListItem\",\"position\":2,\"name\":\"Aktualno\u015bci\",\"item\":\"https:\/\/pracownieorange.pl\/leszno\/news\/\"},{\"@type\":\"ListItem\",\"position\":3,\"name\":\"Kwiecie\u0144 w otulinie Kampinosu\"}]},{\"@type\":\"WebSite\",\"@id\":\"https:\/\/pracownieorange.pl\/leszno\/#website\",\"url\":\"https:\/\/pracownieorange.pl\/leszno\/\",\"name\":\"Pracownia Orange Leszno\",\"description\":\"\",\"potentialAction\":[{\"@type\":\"SearchAction\",\"target\":{\"@type\":\"EntryPoint\",\"urlTemplate\":\"https:\/\/pracownieorange.pl\/leszno\/?s={search_term_string}\"},\"query-input\":{\"@type\":\"PropertyValueSpecification\",\"valueRequired\":true,\"valueName\":\"search_term_string\"}}],\"inLanguage\":\"pl-PL\"}]}<\/script>\n<!-- \/ Yoast SEO plugin. -->","yoast_head_json":{"title":"Kwiecie\u0144 w otulinie Kampinosu - Pracownia Orange Leszno","robots":{"index":"index","follow":"follow","max-snippet":"max-snippet:-1","max-image-preview":"max-image-preview:large","max-video-preview":"max-video-preview:-1"},"canonical":"https:\/\/pracownieorange.pl\/leszno\/news\/kwiecien-w-otulinie-kampinosu\/","og_locale":"pl_PL","og_type":"article","og_title":"Kwiecie\u0144 w otulinie Kampinosu - Pracownia Orange Leszno","og_description":"CAL Pracownia Orange w Lesznie, jest miejscem gdzie spotyka si\u0119 [&hellip;]","og_url":"https:\/\/pracownieorange.pl\/leszno\/news\/kwiecien-w-otulinie-kampinosu\/","og_site_name":"Pracownia Orange Leszno","article_modified_time":"2024-05-14T13:14:15+00:00","og_image":[{"width":1500,"height":2000,"url":"https:\/\/pracownieorange.pl\/app\/uploads\/sites\/104\/2024\/05\/441940126_1499453130675557_6194927039072860811_n.jpg","type":"image\/jpeg"}],"twitter_card":"summary_large_image","twitter_misc":{"Est. reading time":"1 minuta"},"schema":{"@context":"https:\/\/schema.org","@graph":[{"@type":"WebPage","@id":"https:\/\/pracownieorange.pl\/leszno\/news\/kwiecien-w-otulinie-kampinosu\/","url":"https:\/\/pracownieorange.pl\/leszno\/news\/kwiecien-w-otulinie-kampinosu\/","name":"Kwiecie\u0144 w otulinie Kampinosu - Pracownia Orange Leszno","isPartOf":{"@id":"https:\/\/pracownieorange.pl\/leszno\/#website"},"primaryImageOfPage":{"@id":"https:\/\/pracownieorange.pl\/leszno\/news\/kwiecien-w-otulinie-kampinosu\/#primaryimage"},"image":{"@id":"https:\/\/pracownieorange.pl\/leszno\/news\/kwiecien-w-otulinie-kampinosu\/#primaryimage"},"thumbnailUrl":"https:\/\/pracownieorange.pl\/app\/uploads\/sites\/104\/2024\/05\/441940126_1499453130675557_6194927039072860811_n.jpg","datePublished":"2024-05-14T09:48:56+00:00","dateModified":"2024-05-14T13:14:15+00:00","breadcrumb":{"@id":"https:\/\/pracownieorange.pl\/leszno\/news\/kwiecien-w-otulinie-kampinosu\/#breadcrumb"},"inLanguage":"pl-PL","potentialAction":[{"@type":"ReadAction","target":["https:\/\/pracownieorange.pl\/leszno\/news\/kwiecien-w-otulinie-kampinosu\/"]}]},{"@type":"ImageObject","inLanguage":"pl-PL","@id":"https:\/\/pracownieorange.pl\/leszno\/news\/kwiecien-w-otulinie-kampinosu\/#primaryimage","url":"https:\/\/pracownieorange.pl\/app\/uploads\/sites\/104\/2024\/05\/441940126_1499453130675557_6194927039072860811_n.jpg","contentUrl":"https:\/\/pracownieorange.pl\/app\/uploads\/sites\/104\/2024\/05\/441940126_1499453130675557_6194927039072860811_n.jpg","width":1500,"height":2000,"caption":"kubek z napisem CAL Pracownia Orange w Lesznie"},{"@type":"BreadcrumbList","@id":"https:\/\/pracownieorange.pl\/leszno\/news\/kwiecien-w-otulinie-kampinosu\/#breadcrumb","itemListElement":[{"@type":"ListItem","position":1,"name":"Home","item":"https:\/\/pracownieorange.pl\/leszno\/"},{"@type":"ListItem","position":2,"name":"Aktualno\u015bci","item":"https:\/\/pracownieorange.pl\/leszno\/news\/"},{"@type":"ListItem","position":3,"name":"Kwiecie\u0144 w otulinie Kampinosu"}]},{"@type":"WebSite","@id":"https:\/\/pracownieorange.pl\/leszno\/#website","url":"https:\/\/pracownieorange.pl\/leszno\/","name":"Pracownia Orange Leszno","description":"","potentialAction":[{"@type":"SearchAction","target":{"@type":"EntryPoint","urlTemplate":"https:\/\/pracownieorange.pl\/leszno\/?s={search_term_string}"},"query-input":{"@type":"PropertyValueSpecification","valueRequired":true,"valueName":"search_term_string"}}],"inLanguage":"pl-PL"}]}},"_links":{"self":[{"href":"https:\/\/pracownieorange.pl\/leszno\/wp-json\/wp\/v2\/news\/21","targetHints":{"allow":["GET"]}}],"collection":[{"href":"https:\/\/pracownieorange.pl\/leszno\/wp-json\/wp\/v2\/news"}],"about":[{"href":"https:\/\/pracownieorange.pl\/leszno\/wp-json\/wp\/v2\/types\/news"}],"author":[{"embeddable":true,"href":"https:\/\/pracownieorange.pl\/leszno\/wp-json\/wp\/v2\/users\/207"}],"replies":[{"embeddable":true,"href":"https:\/\/pracownieorange.pl\/leszno\/wp-json\/wp\/v2\/comments?post=21"}],"wp:featuredmedia":[{"embeddable":true,"href":"https:\/\/pracownieorange.pl\/leszno\/wp-json\/wp\/v2\/media\/25"}],"wp:attachment":[{"href":"https:\/\/pracownieorange.pl\/leszno\/wp-json\/wp\/v2\/media?parent=21"}],"curies":[{"name":"wp","href":"https:\/\/api.w.org\/{rel}","templated":true}]}}