

{"id":375,"date":"2026-04-29T13:49:31","date_gmt":"2026-04-29T11:49:31","guid":{"rendered":"https:\/\/pracownieorange.pl\/lancut\/?post_type=news&#038;p=375"},"modified":"2026-04-29T15:06:33","modified_gmt":"2026-04-29T13:06:33","slug":"ekologiczne-zajecia-w-pracowni-orange","status":"publish","type":"news","link":"https:\/\/pracownieorange.pl\/lancut\/news\/ekologiczne-zajecia-w-pracowni-orange\/","title":{"rendered":"Ekologiczne zaj\u0119cia w Pracowni Orange"},"content":{"rendered":"<p>Dzisiejsze spotkanie w Pracowni Orange by\u0142o pe\u0142ne u\u015bmiechu, zaanga\u017cowania i nowych do\u015bwiadcze\u0144 \ud83c\udf3f\u267b\ufe0f<\/p>\n<p>Mieli\u015bmy przyjemno\u015b\u0107 go\u015bci\u0107 wychowank\u00f3w Niepublicznego O\u015brodka Rewalidacyjno-Wychowawczego Caritas. Podczas zaj\u0119\u0107 dzieci uczy\u0142y si\u0119, jak prawid\u0142owo segregowa\u0107 \u015bmieci oraz poznawa\u0142y kolejne etapy recyklingu. To by\u0142a nie tylko cenna lekcja ekologii, ale tak\u017ce \u015bwietna okazja do wsp\u00f3lnej zabawy i odkrywania, jak ka\u017cdy z nas mo\u017ce dba\u0107 o \u015brodowisko.<\/p>\n<p>Na zako\u0144czenie odwiedzili\u015bmy wystaw\u0119 \u201eLas i cz\u0142owiek\u201d w naszej bibliotece, kt\u00f3ra zrobi\u0142a na wszystkich ogromne wra\u017cenie. Dzieci mia\u0142y okazj\u0119 zanurzy\u0107 si\u0119 w \u015bwiat natury, ws\u0142ucha\u0107 w odg\u0142osy zwierz\u0105t zamieszkuj\u0105cych nasze lasy i poczu\u0107 niezwyk\u0142\u0105 atmosfer\u0119 przyrody.<\/p>\n<p>Dzi\u0119kujemy za to wyj\u0105tkowe spotkanie i wsp\u00f3lnie sp\u0119dzony czas<\/p>\n","protected":false},"excerpt":{"rendered":"<p>Dzisiejsze spotkanie w Pracowni Orange by\u0142o pe\u0142ne u\u015bmiechu, zaanga\u017cowania i [&hellip;]<\/p>\n","protected":false},"author":281,"featured_media":381,"comment_status":"open","ping_status":"closed","template":"","class_list":["post-375","news","type-news","status-publish","has-post-thumbnail","hentry"],"acf":[],"yoast_head":"<!-- This site is optimized with the Yoast SEO plugin v24.5 - https:\/\/yoast.com\/wordpress\/plugins\/seo\/ -->\n<title>Ekologiczne zaj\u0119cia w Pracowni Orange - Pracownia Orange \u0141a\u0144cut<\/title>\n<meta name=\"description\" content=\"Dzisiejsze spotkanie w Pracowni Orange by\u0142o pe\u0142ne u\u015bmiechu, zaanga\u017cowania i nowych do\u015bwiadcze\u0144\" \/>\n<meta name=\"robots\" content=\"index, follow, max-snippet:-1, max-image-preview:large, max-video-preview:-1\" \/>\n<link rel=\"canonical\" href=\"https:\/\/pracownieorange.pl\/lancut\/news\/ekologiczne-zajecia-w-pracowni-orange\/\" \/>\n<meta property=\"og:locale\" content=\"pl_PL\" \/>\n<meta property=\"og:type\" content=\"article\" \/>\n<meta property=\"og:title\" content=\"Ekologiczne zaj\u0119cia w Pracowni Orange - Pracownia Orange \u0141a\u0144cut\" \/>\n<meta property=\"og:description\" content=\"Dzisiejsze spotkanie w Pracowni Orange by\u0142o pe\u0142ne u\u015bmiechu, zaanga\u017cowania i nowych do\u015bwiadcze\u0144\" \/>\n<meta property=\"og:url\" content=\"https:\/\/pracownieorange.pl\/lancut\/news\/ekologiczne-zajecia-w-pracowni-orange\/\" \/>\n<meta property=\"og:site_name\" content=\"Pracownia Orange \u0141a\u0144cut\" \/>\n<meta property=\"article:modified_time\" content=\"2026-04-29T13:06:33+00:00\" \/>\n<meta property=\"og:image\" content=\"https:\/\/pracownieorange.pl\/app\/uploads\/sites\/10\/2026\/04\/IMG_4668-scaled.jpeg\" \/>\n\t<meta property=\"og:image:width\" content=\"2560\" \/>\n\t<meta property=\"og:image:height\" content=\"1440\" \/>\n\t<meta property=\"og:image:type\" content=\"image\/jpeg\" \/>\n<meta name=\"twitter:card\" content=\"summary_large_image\" \/>\n<meta name=\"twitter:label1\" content=\"Est. reading time\" \/>\n\t<meta name=\"twitter:data1\" content=\"1 minuta\" \/>\n<script type=\"application\/ld+json\" class=\"yoast-schema-graph\">{\"@context\":\"https:\/\/schema.org\",\"@graph\":[{\"@type\":\"WebPage\",\"@id\":\"https:\/\/pracownieorange.pl\/lancut\/news\/ekologiczne-zajecia-w-pracowni-orange\/\",\"url\":\"https:\/\/pracownieorange.pl\/lancut\/news\/ekologiczne-zajecia-w-pracowni-orange\/\",\"name\":\"Ekologiczne zaj\u0119cia w Pracowni Orange - Pracownia Orange \u0141a\u0144cut\",\"isPartOf\":{\"@id\":\"https:\/\/pracownieorange.pl\/lancut\/#website\"},\"primaryImageOfPage\":{\"@id\":\"https:\/\/pracownieorange.pl\/lancut\/news\/ekologiczne-zajecia-w-pracowni-orange\/#primaryimage\"},\"image\":{\"@id\":\"https:\/\/pracownieorange.pl\/lancut\/news\/ekologiczne-zajecia-w-pracowni-orange\/#primaryimage\"},\"thumbnailUrl\":\"https:\/\/pracownieorange.pl\/app\/uploads\/sites\/10\/2026\/04\/IMG_4668-scaled.jpeg\",\"datePublished\":\"2026-04-29T11:49:31+00:00\",\"dateModified\":\"2026-04-29T13:06:33+00:00\",\"description\":\"Dzisiejsze spotkanie w Pracowni Orange by\u0142o pe\u0142ne u\u015bmiechu, zaanga\u017cowania i nowych do\u015bwiadcze\u0144\",\"breadcrumb\":{\"@id\":\"https:\/\/pracownieorange.pl\/lancut\/news\/ekologiczne-zajecia-w-pracowni-orange\/#breadcrumb\"},\"inLanguage\":\"pl-PL\",\"potentialAction\":[{\"@type\":\"ReadAction\",\"target\":[\"https:\/\/pracownieorange.pl\/lancut\/news\/ekologiczne-zajecia-w-pracowni-orange\/\"]}]},{\"@type\":\"ImageObject\",\"inLanguage\":\"pl-PL\",\"@id\":\"https:\/\/pracownieorange.pl\/lancut\/news\/ekologiczne-zajecia-w-pracowni-orange\/#primaryimage\",\"url\":\"https:\/\/pracownieorange.pl\/app\/uploads\/sites\/10\/2026\/04\/IMG_4668-scaled.jpeg\",\"contentUrl\":\"https:\/\/pracownieorange.pl\/app\/uploads\/sites\/10\/2026\/04\/IMG_4668-scaled.jpeg\",\"width\":2560,\"height\":1440,\"caption\":\"Ekologiczne zaj\u0119cia w Pracowni Orange\"},{\"@type\":\"BreadcrumbList\",\"@id\":\"https:\/\/pracownieorange.pl\/lancut\/news\/ekologiczne-zajecia-w-pracowni-orange\/#breadcrumb\",\"itemListElement\":[{\"@type\":\"ListItem\",\"position\":1,\"name\":\"Home\",\"item\":\"https:\/\/pracownieorange.pl\/lancut\/\"},{\"@type\":\"ListItem\",\"position\":2,\"name\":\"Aktualno\u015bci\",\"item\":\"https:\/\/pracownieorange.pl\/lancut\/news\/\"},{\"@type\":\"ListItem\",\"position\":3,\"name\":\"Ekologiczne zaj\u0119cia w Pracowni Orange\"}]},{\"@type\":\"WebSite\",\"@id\":\"https:\/\/pracownieorange.pl\/lancut\/#website\",\"url\":\"https:\/\/pracownieorange.pl\/lancut\/\",\"name\":\"Pracownia Orange \u0141a\u0144cut\",\"description\":\"Kolejna witryna sieci &#8222;Pracownie Orange&#8221;\",\"potentialAction\":[{\"@type\":\"SearchAction\",\"target\":{\"@type\":\"EntryPoint\",\"urlTemplate\":\"https:\/\/pracownieorange.pl\/lancut\/?s={search_term_string}\"},\"query-input\":{\"@type\":\"PropertyValueSpecification\",\"valueRequired\":true,\"valueName\":\"search_term_string\"}}],\"inLanguage\":\"pl-PL\"}]}<\/script>\n<!-- \/ Yoast SEO plugin. -->","yoast_head_json":{"title":"Ekologiczne zaj\u0119cia w Pracowni Orange - Pracownia Orange \u0141a\u0144cut","description":"Dzisiejsze spotkanie w Pracowni Orange by\u0142o pe\u0142ne u\u015bmiechu, zaanga\u017cowania i nowych do\u015bwiadcze\u0144","robots":{"index":"index","follow":"follow","max-snippet":"max-snippet:-1","max-image-preview":"max-image-preview:large","max-video-preview":"max-video-preview:-1"},"canonical":"https:\/\/pracownieorange.pl\/lancut\/news\/ekologiczne-zajecia-w-pracowni-orange\/","og_locale":"pl_PL","og_type":"article","og_title":"Ekologiczne zaj\u0119cia w Pracowni Orange - Pracownia Orange \u0141a\u0144cut","og_description":"Dzisiejsze spotkanie w Pracowni Orange by\u0142o pe\u0142ne u\u015bmiechu, zaanga\u017cowania i nowych do\u015bwiadcze\u0144","og_url":"https:\/\/pracownieorange.pl\/lancut\/news\/ekologiczne-zajecia-w-pracowni-orange\/","og_site_name":"Pracownia Orange \u0141a\u0144cut","article_modified_time":"2026-04-29T13:06:33+00:00","og_image":[{"width":2560,"height":1440,"url":"https:\/\/pracownieorange.pl\/app\/uploads\/sites\/10\/2026\/04\/IMG_4668-scaled.jpeg","type":"image\/jpeg"}],"twitter_card":"summary_large_image","twitter_misc":{"Est. reading time":"1 minuta"},"schema":{"@context":"https:\/\/schema.org","@graph":[{"@type":"WebPage","@id":"https:\/\/pracownieorange.pl\/lancut\/news\/ekologiczne-zajecia-w-pracowni-orange\/","url":"https:\/\/pracownieorange.pl\/lancut\/news\/ekologiczne-zajecia-w-pracowni-orange\/","name":"Ekologiczne zaj\u0119cia w Pracowni Orange - Pracownia Orange \u0141a\u0144cut","isPartOf":{"@id":"https:\/\/pracownieorange.pl\/lancut\/#website"},"primaryImageOfPage":{"@id":"https:\/\/pracownieorange.pl\/lancut\/news\/ekologiczne-zajecia-w-pracowni-orange\/#primaryimage"},"image":{"@id":"https:\/\/pracownieorange.pl\/lancut\/news\/ekologiczne-zajecia-w-pracowni-orange\/#primaryimage"},"thumbnailUrl":"https:\/\/pracownieorange.pl\/app\/uploads\/sites\/10\/2026\/04\/IMG_4668-scaled.jpeg","datePublished":"2026-04-29T11:49:31+00:00","dateModified":"2026-04-29T13:06:33+00:00","description":"Dzisiejsze spotkanie w Pracowni Orange by\u0142o pe\u0142ne u\u015bmiechu, zaanga\u017cowania i nowych do\u015bwiadcze\u0144","breadcrumb":{"@id":"https:\/\/pracownieorange.pl\/lancut\/news\/ekologiczne-zajecia-w-pracowni-orange\/#breadcrumb"},"inLanguage":"pl-PL","potentialAction":[{"@type":"ReadAction","target":["https:\/\/pracownieorange.pl\/lancut\/news\/ekologiczne-zajecia-w-pracowni-orange\/"]}]},{"@type":"ImageObject","inLanguage":"pl-PL","@id":"https:\/\/pracownieorange.pl\/lancut\/news\/ekologiczne-zajecia-w-pracowni-orange\/#primaryimage","url":"https:\/\/pracownieorange.pl\/app\/uploads\/sites\/10\/2026\/04\/IMG_4668-scaled.jpeg","contentUrl":"https:\/\/pracownieorange.pl\/app\/uploads\/sites\/10\/2026\/04\/IMG_4668-scaled.jpeg","width":2560,"height":1440,"caption":"Ekologiczne zaj\u0119cia w Pracowni Orange"},{"@type":"BreadcrumbList","@id":"https:\/\/pracownieorange.pl\/lancut\/news\/ekologiczne-zajecia-w-pracowni-orange\/#breadcrumb","itemListElement":[{"@type":"ListItem","position":1,"name":"Home","item":"https:\/\/pracownieorange.pl\/lancut\/"},{"@type":"ListItem","position":2,"name":"Aktualno\u015bci","item":"https:\/\/pracownieorange.pl\/lancut\/news\/"},{"@type":"ListItem","position":3,"name":"Ekologiczne zaj\u0119cia w Pracowni Orange"}]},{"@type":"WebSite","@id":"https:\/\/pracownieorange.pl\/lancut\/#website","url":"https:\/\/pracownieorange.pl\/lancut\/","name":"Pracownia Orange \u0141a\u0144cut","description":"Kolejna witryna sieci &#8222;Pracownie Orange&#8221;","potentialAction":[{"@type":"SearchAction","target":{"@type":"EntryPoint","urlTemplate":"https:\/\/pracownieorange.pl\/lancut\/?s={search_term_string}"},"query-input":{"@type":"PropertyValueSpecification","valueRequired":true,"valueName":"search_term_string"}}],"inLanguage":"pl-PL"}]}},"_links":{"self":[{"href":"https:\/\/pracownieorange.pl\/lancut\/wp-json\/wp\/v2\/news\/375","targetHints":{"allow":["GET"]}}],"collection":[{"href":"https:\/\/pracownieorange.pl\/lancut\/wp-json\/wp\/v2\/news"}],"about":[{"href":"https:\/\/pracownieorange.pl\/lancut\/wp-json\/wp\/v2\/types\/news"}],"author":[{"embeddable":true,"href":"https:\/\/pracownieorange.pl\/lancut\/wp-json\/wp\/v2\/users\/281"}],"replies":[{"embeddable":true,"href":"https:\/\/pracownieorange.pl\/lancut\/wp-json\/wp\/v2\/comments?post=375"}],"wp:featuredmedia":[{"embeddable":true,"href":"https:\/\/pracownieorange.pl\/lancut\/wp-json\/wp\/v2\/media\/381"}],"wp:attachment":[{"href":"https:\/\/pracownieorange.pl\/lancut\/wp-json\/wp\/v2\/media?parent=375"}],"curies":[{"name":"wp","href":"https:\/\/api.w.org\/{rel}","templated":true}]}}