

{"id":30,"date":"2023-05-16T09:05:51","date_gmt":"2023-05-16T07:05:51","guid":{"rendered":"https:\/\/pracownieorange.pl\/lancut\/?post_type=news&#038;p=30"},"modified":"2023-05-16T09:29:26","modified_gmt":"2023-05-16T07:29:26","slug":"wydarzenia-w-pracowni-orange-mbp-w-lancucie-w-kwietniu-2023-r","status":"publish","type":"news","link":"https:\/\/pracownieorange.pl\/lancut\/news\/wydarzenia-w-pracowni-orange-mbp-w-lancucie-w-kwietniu-2023-r\/","title":{"rendered":"Wydarzenia w pracowni Orange MBP w \u0141a\u0144cucie w kwietniu 2023 r."},"content":{"rendered":"<p>W kwietniu 2023 r. Pracownia Orange w Miejskiej Bibliotece Publicznej wznowi\u0142a swoje regularne , aktywne dzia\u0142anie. Pracownia jest obecnie otwarta od poniedzia\u0142ku do pi\u0105tku w godzinach od 8 do 16, ponadto regularnie organizuje wydarzenia edukacyjno-spo\u0142eczne skierowane zar\u00f3wno do dzieci, jak i os\u00f3b doros\u0142ych. W \u015brod\u0119 5 kwietnia, tu\u017c przed \u015awi\u0119tami Wielkanocnymi w Pracowni zorganizowano warsztaty wielkanocne, na kt\u00f3rych dzieci ze Szko\u0142y Podstawowej nr 2 w \u0141a\u0144cucie z wielkim zaanga\u017cowaniem wykona\u0142y ciekaw\u0105 \u015bwi\u0105teczn\u0105 dekoracj\u0119 wed\u0142ug pomys\u0142u prowadz\u0105cej zaj\u0119cia Pani florystki. W ramach obchod\u00f3w Tygodnia Ziemi 17 kwietnia odby\u0142a si\u0119 natomiast lekcja ekologii zatytu\u0142owana &#8222;Segregacja na 5&#8221; w kt\u00f3rej wzi\u0119\u0142a udzia\u0142 klasa 3 ze Szko\u0142y Podstawowej nr 2, a 18 kwietnia w Pracowni Orange zorganizowano warsztaty plastyczne zwi\u0105zane z tematyk\u0105 recyklingu zatytu\u0142owane &#8222;Eko-skarbonka&#8221;, podczas kt\u00f3rych dzieci ze Szko\u0142y Podstawowej nr 1 w \u0141a\u0144cucie wykona\u0142y skarbonk\u0119-skrzata przy u\u017cyciu plastikowej butelki i innych, pozornie bezu\u017cytecznych materia\u0142\u00f3w, nadaj\u0105c im &#8222;drugie \u017cycie&#8221;.\u00a0 Wcze\u015bniej &#8211; 14 kwietnia Pracowni\u0119 odwiedzi\u0142y dzieci z Akademii Przedszkolaka Publicznego Przedszkola J\u0119zykowego w Bi\u0142goraju, kt\u00f3re przywioz\u0142y prezenty dla zwierzak\u00f3w przebywaj\u0105cych w\u00a0 schronisku w Nowej Sarzynie. W ramach podzi\u0119kowania za przywiezione prezenty dzieci otrzyma\u0142y upominki przygotowane przez Urz\u0105d Miasta \u0141a\u0144cuta oraz uczestniczy\u0142y w zaj\u0119ciach przygotowanych przez wolontariuszk\u0119 Pani\u0105 Katarzyn\u0119 Strz\u0119pk\u0119 i Justyn\u0119 Majewsk\u0105, pracownika Urz\u0119du Miasta \u0141a\u0144cuta. Ponadto Pracownia Orange w kwietniu 2023 r. by\u0142a r\u00f3wnie\u017c miejscem spotka\u0144 grup i stowarzysze\u0144 dzia\u0142aj\u0105cych w naszym mie\u015bcie m.in. Sekcji Fotograficznej Uniwersytetu Trzeciego Wieku, czy Ko\u0142a Terenowego Polskiego Stowarzyszenia Diabetyk\u00f3w. Przy Pracowni Orange MBP w \u0141a\u0144cucie funkcjonuj\u0105 na sta\u0142e tak\u017ce dwa kluby, kt\u00f3re odbywaj\u0105 tu swoje cykliczne spotkania &#8211; Klub Ma\u0142ego Kodera oraz Klub Mamy, Taty i Malucha.<\/p>\n","protected":false},"excerpt":{"rendered":"<p>W kwietniu 2023 r. Pracownia Orange w Miejskiej Bibliotece Publicznej [&hellip;]<\/p>\n","protected":false},"author":194,"featured_media":32,"comment_status":"open","ping_status":"closed","template":"","class_list":["post-30","news","type-news","status-publish","has-post-thumbnail","hentry"],"acf":[],"yoast_head":"<!-- This site is optimized with the Yoast SEO plugin v24.5 - https:\/\/yoast.com\/wordpress\/plugins\/seo\/ -->\n<title>Wydarzenia w pracowni Orange MBP w \u0141a\u0144cucie w kwietniu 2023 r. - Pracownia Orange \u0141a\u0144cut<\/title>\n<meta name=\"robots\" content=\"index, follow, max-snippet:-1, max-image-preview:large, max-video-preview:-1\" \/>\n<link rel=\"canonical\" href=\"https:\/\/pracownieorange.pl\/lancut\/news\/wydarzenia-w-pracowni-orange-mbp-w-lancucie-w-kwietniu-2023-r\/\" \/>\n<meta property=\"og:locale\" content=\"pl_PL\" \/>\n<meta property=\"og:type\" content=\"article\" \/>\n<meta property=\"og:title\" content=\"Wydarzenia w pracowni Orange MBP w \u0141a\u0144cucie w kwietniu 2023 r. - Pracownia Orange \u0141a\u0144cut\" \/>\n<meta property=\"og:description\" content=\"W kwietniu 2023 r. Pracownia Orange w Miejskiej Bibliotece Publicznej [&hellip;]\" \/>\n<meta property=\"og:url\" content=\"https:\/\/pracownieorange.pl\/lancut\/news\/wydarzenia-w-pracowni-orange-mbp-w-lancucie-w-kwietniu-2023-r\/\" \/>\n<meta property=\"og:site_name\" content=\"Pracownia Orange \u0141a\u0144cut\" \/>\n<meta property=\"article:modified_time\" content=\"2023-05-16T07:29:26+00:00\" \/>\n<meta property=\"og:image\" content=\"https:\/\/pracownieorange.pl\/app\/uploads\/sites\/10\/2023\/05\/DSC_7243-scaled.jpg\" \/>\n\t<meta property=\"og:image:width\" content=\"2560\" \/>\n\t<meta property=\"og:image:height\" content=\"1707\" \/>\n\t<meta property=\"og:image:type\" content=\"image\/jpeg\" \/>\n<meta name=\"twitter:card\" content=\"summary_large_image\" \/>\n<meta name=\"twitter:label1\" content=\"Est. reading time\" \/>\n\t<meta name=\"twitter:data1\" content=\"2 minuty\" \/>\n<script type=\"application\/ld+json\" class=\"yoast-schema-graph\">{\"@context\":\"https:\/\/schema.org\",\"@graph\":[{\"@type\":\"WebPage\",\"@id\":\"https:\/\/pracownieorange.pl\/lancut\/news\/wydarzenia-w-pracowni-orange-mbp-w-lancucie-w-kwietniu-2023-r\/\",\"url\":\"https:\/\/pracownieorange.pl\/lancut\/news\/wydarzenia-w-pracowni-orange-mbp-w-lancucie-w-kwietniu-2023-r\/\",\"name\":\"Wydarzenia w pracowni Orange MBP w \u0141a\u0144cucie w kwietniu 2023 r. - Pracownia Orange \u0141a\u0144cut\",\"isPartOf\":{\"@id\":\"https:\/\/pracownieorange.pl\/lancut\/#website\"},\"primaryImageOfPage\":{\"@id\":\"https:\/\/pracownieorange.pl\/lancut\/news\/wydarzenia-w-pracowni-orange-mbp-w-lancucie-w-kwietniu-2023-r\/#primaryimage\"},\"image\":{\"@id\":\"https:\/\/pracownieorange.pl\/lancut\/news\/wydarzenia-w-pracowni-orange-mbp-w-lancucie-w-kwietniu-2023-r\/#primaryimage\"},\"thumbnailUrl\":\"https:\/\/pracownieorange.pl\/app\/uploads\/sites\/10\/2023\/05\/DSC_7243-scaled.jpg\",\"datePublished\":\"2023-05-16T07:05:51+00:00\",\"dateModified\":\"2023-05-16T07:29:26+00:00\",\"breadcrumb\":{\"@id\":\"https:\/\/pracownieorange.pl\/lancut\/news\/wydarzenia-w-pracowni-orange-mbp-w-lancucie-w-kwietniu-2023-r\/#breadcrumb\"},\"inLanguage\":\"pl-PL\",\"potentialAction\":[{\"@type\":\"ReadAction\",\"target\":[\"https:\/\/pracownieorange.pl\/lancut\/news\/wydarzenia-w-pracowni-orange-mbp-w-lancucie-w-kwietniu-2023-r\/\"]}]},{\"@type\":\"ImageObject\",\"inLanguage\":\"pl-PL\",\"@id\":\"https:\/\/pracownieorange.pl\/lancut\/news\/wydarzenia-w-pracowni-orange-mbp-w-lancucie-w-kwietniu-2023-r\/#primaryimage\",\"url\":\"https:\/\/pracownieorange.pl\/app\/uploads\/sites\/10\/2023\/05\/DSC_7243-scaled.jpg\",\"contentUrl\":\"https:\/\/pracownieorange.pl\/app\/uploads\/sites\/10\/2023\/05\/DSC_7243-scaled.jpg\",\"width\":2560,\"height\":1707,\"caption\":\"grupa dzieci siedz\u0105ca na pod\u0142odze\"},{\"@type\":\"BreadcrumbList\",\"@id\":\"https:\/\/pracownieorange.pl\/lancut\/news\/wydarzenia-w-pracowni-orange-mbp-w-lancucie-w-kwietniu-2023-r\/#breadcrumb\",\"itemListElement\":[{\"@type\":\"ListItem\",\"position\":1,\"name\":\"Home\",\"item\":\"https:\/\/pracownieorange.pl\/lancut\/\"},{\"@type\":\"ListItem\",\"position\":2,\"name\":\"Aktualno\u015bci\",\"item\":\"https:\/\/pracownieorange.pl\/lancut\/news\/\"},{\"@type\":\"ListItem\",\"position\":3,\"name\":\"Wydarzenia w pracowni Orange MBP w \u0141a\u0144cucie w kwietniu 2023 r.\"}]},{\"@type\":\"WebSite\",\"@id\":\"https:\/\/pracownieorange.pl\/lancut\/#website\",\"url\":\"https:\/\/pracownieorange.pl\/lancut\/\",\"name\":\"Pracownia Orange \u0141a\u0144cut\",\"description\":\"Kolejna witryna sieci &#8222;Pracownie Orange&#8221;\",\"potentialAction\":[{\"@type\":\"SearchAction\",\"target\":{\"@type\":\"EntryPoint\",\"urlTemplate\":\"https:\/\/pracownieorange.pl\/lancut\/?s={search_term_string}\"},\"query-input\":{\"@type\":\"PropertyValueSpecification\",\"valueRequired\":true,\"valueName\":\"search_term_string\"}}],\"inLanguage\":\"pl-PL\"}]}<\/script>\n<!-- \/ Yoast SEO plugin. -->","yoast_head_json":{"title":"Wydarzenia w pracowni Orange MBP w \u0141a\u0144cucie w kwietniu 2023 r. - Pracownia Orange \u0141a\u0144cut","robots":{"index":"index","follow":"follow","max-snippet":"max-snippet:-1","max-image-preview":"max-image-preview:large","max-video-preview":"max-video-preview:-1"},"canonical":"https:\/\/pracownieorange.pl\/lancut\/news\/wydarzenia-w-pracowni-orange-mbp-w-lancucie-w-kwietniu-2023-r\/","og_locale":"pl_PL","og_type":"article","og_title":"Wydarzenia w pracowni Orange MBP w \u0141a\u0144cucie w kwietniu 2023 r. - Pracownia Orange \u0141a\u0144cut","og_description":"W kwietniu 2023 r. Pracownia Orange w Miejskiej Bibliotece Publicznej [&hellip;]","og_url":"https:\/\/pracownieorange.pl\/lancut\/news\/wydarzenia-w-pracowni-orange-mbp-w-lancucie-w-kwietniu-2023-r\/","og_site_name":"Pracownia Orange \u0141a\u0144cut","article_modified_time":"2023-05-16T07:29:26+00:00","og_image":[{"width":2560,"height":1707,"url":"https:\/\/pracownieorange.pl\/app\/uploads\/sites\/10\/2023\/05\/DSC_7243-scaled.jpg","type":"image\/jpeg"}],"twitter_card":"summary_large_image","twitter_misc":{"Est. reading time":"2 minuty"},"schema":{"@context":"https:\/\/schema.org","@graph":[{"@type":"WebPage","@id":"https:\/\/pracownieorange.pl\/lancut\/news\/wydarzenia-w-pracowni-orange-mbp-w-lancucie-w-kwietniu-2023-r\/","url":"https:\/\/pracownieorange.pl\/lancut\/news\/wydarzenia-w-pracowni-orange-mbp-w-lancucie-w-kwietniu-2023-r\/","name":"Wydarzenia w pracowni Orange MBP w \u0141a\u0144cucie w kwietniu 2023 r. - Pracownia Orange \u0141a\u0144cut","isPartOf":{"@id":"https:\/\/pracownieorange.pl\/lancut\/#website"},"primaryImageOfPage":{"@id":"https:\/\/pracownieorange.pl\/lancut\/news\/wydarzenia-w-pracowni-orange-mbp-w-lancucie-w-kwietniu-2023-r\/#primaryimage"},"image":{"@id":"https:\/\/pracownieorange.pl\/lancut\/news\/wydarzenia-w-pracowni-orange-mbp-w-lancucie-w-kwietniu-2023-r\/#primaryimage"},"thumbnailUrl":"https:\/\/pracownieorange.pl\/app\/uploads\/sites\/10\/2023\/05\/DSC_7243-scaled.jpg","datePublished":"2023-05-16T07:05:51+00:00","dateModified":"2023-05-16T07:29:26+00:00","breadcrumb":{"@id":"https:\/\/pracownieorange.pl\/lancut\/news\/wydarzenia-w-pracowni-orange-mbp-w-lancucie-w-kwietniu-2023-r\/#breadcrumb"},"inLanguage":"pl-PL","potentialAction":[{"@type":"ReadAction","target":["https:\/\/pracownieorange.pl\/lancut\/news\/wydarzenia-w-pracowni-orange-mbp-w-lancucie-w-kwietniu-2023-r\/"]}]},{"@type":"ImageObject","inLanguage":"pl-PL","@id":"https:\/\/pracownieorange.pl\/lancut\/news\/wydarzenia-w-pracowni-orange-mbp-w-lancucie-w-kwietniu-2023-r\/#primaryimage","url":"https:\/\/pracownieorange.pl\/app\/uploads\/sites\/10\/2023\/05\/DSC_7243-scaled.jpg","contentUrl":"https:\/\/pracownieorange.pl\/app\/uploads\/sites\/10\/2023\/05\/DSC_7243-scaled.jpg","width":2560,"height":1707,"caption":"grupa dzieci siedz\u0105ca na pod\u0142odze"},{"@type":"BreadcrumbList","@id":"https:\/\/pracownieorange.pl\/lancut\/news\/wydarzenia-w-pracowni-orange-mbp-w-lancucie-w-kwietniu-2023-r\/#breadcrumb","itemListElement":[{"@type":"ListItem","position":1,"name":"Home","item":"https:\/\/pracownieorange.pl\/lancut\/"},{"@type":"ListItem","position":2,"name":"Aktualno\u015bci","item":"https:\/\/pracownieorange.pl\/lancut\/news\/"},{"@type":"ListItem","position":3,"name":"Wydarzenia w pracowni Orange MBP w \u0141a\u0144cucie w kwietniu 2023 r."}]},{"@type":"WebSite","@id":"https:\/\/pracownieorange.pl\/lancut\/#website","url":"https:\/\/pracownieorange.pl\/lancut\/","name":"Pracownia Orange \u0141a\u0144cut","description":"Kolejna witryna sieci &#8222;Pracownie Orange&#8221;","potentialAction":[{"@type":"SearchAction","target":{"@type":"EntryPoint","urlTemplate":"https:\/\/pracownieorange.pl\/lancut\/?s={search_term_string}"},"query-input":{"@type":"PropertyValueSpecification","valueRequired":true,"valueName":"search_term_string"}}],"inLanguage":"pl-PL"}]}},"_links":{"self":[{"href":"https:\/\/pracownieorange.pl\/lancut\/wp-json\/wp\/v2\/news\/30","targetHints":{"allow":["GET"]}}],"collection":[{"href":"https:\/\/pracownieorange.pl\/lancut\/wp-json\/wp\/v2\/news"}],"about":[{"href":"https:\/\/pracownieorange.pl\/lancut\/wp-json\/wp\/v2\/types\/news"}],"author":[{"embeddable":true,"href":"https:\/\/pracownieorange.pl\/lancut\/wp-json\/wp\/v2\/users\/194"}],"replies":[{"embeddable":true,"href":"https:\/\/pracownieorange.pl\/lancut\/wp-json\/wp\/v2\/comments?post=30"}],"wp:featuredmedia":[{"embeddable":true,"href":"https:\/\/pracownieorange.pl\/lancut\/wp-json\/wp\/v2\/media\/32"}],"wp:attachment":[{"href":"https:\/\/pracownieorange.pl\/lancut\/wp-json\/wp\/v2\/media?parent=30"}],"curies":[{"name":"wp","href":"https:\/\/api.w.org\/{rel}","templated":true}]}}