

{"id":260,"date":"2024-06-17T11:38:42","date_gmt":"2024-06-17T09:38:42","guid":{"rendered":"https:\/\/pracownieorange.pl\/lancut\/?post_type=news&#038;p=260"},"modified":"2024-06-17T15:02:10","modified_gmt":"2024-06-17T13:02:10","slug":"tydzien-czytania-dzieciom-w-pracowni-orange-w-lancucie","status":"publish","type":"news","link":"https:\/\/pracownieorange.pl\/lancut\/news\/tydzien-czytania-dzieciom-w-pracowni-orange-w-lancucie\/","title":{"rendered":"Tydzie\u0144 Czytania Dzieciom w Pracowni Orange w \u0141a\u0144cucie"},"content":{"rendered":"<p style=\"text-align: left;\" align=\"CENTER\">W ramach obchod\u00f3w XXIII Og\u00f3lnopolskiego Tygodnia Czytania Dzieciom w Pracowni Orange odby\u0142y si\u0119 dwa spotkania, w trakcie kt\u00f3rych zaproszeni Go\u015bcie nie tylko przeczytali dzieciom fragmenty ksi\u0105\u017cek, czy opowiada\u0144, ale r\u00f3wnie\u017c w ciekawy spos\u00f3b opowiedzieli o wykonywanej przez siebie pracy. I tak w czwartek 6 czerwca z dzie\u0107mi z Przedszkola Artystyczno-J\u0119zykowego &#8222;Nutka&#8221; spotka\u0142a si\u0119 Pani Basia Urban \u2013 kynoterapeuta, wraz ze swoj\u0105 czworono\u017cn\u0105 podopieczn\u0105 Rin\u0105. W czasie zaj\u0119\u0107 Pani Basia przeczyta\u0142a przedszkolakom fragmenty opowiadania o przygodach dzielnego pieska, a tak\u017ce przygotowa\u0142a specjalny tor przeszk\u00f3d inspirowany trudno\u015bciami jakie \u00f3w psiak napotka\u0142 na swojej drodze. Wszystkie dzieci z zainteresowaniem wys\u0142ucha\u0142y historii zawartej w opowiadaniu, ch\u0119tnie anga\u017cowa\u0142y si\u0119 w zabawy ruchowe, a tak\u017ce z wielk\u0105 dociekliwo\u015bci\u0105 poznawa\u0142y zasady dotycz\u0105ce bezpiecznego obchodzenia si\u0119 z czworono\u017cnymi przyjacielami.<\/p>\n<p style=\"text-align: left;\" align=\"CENTER\">W pi\u0105tek 7 czerwca w Pracowni Orange go\u015bcili\u015bmy natomiast uczni\u00f3w klasy VI z Szko\u0142y Podstawowej nr 1 w \u0141a\u0144cucie oraz Pani\u0105 Bo\u017cen\u0119 Lauzer \u2013 kustosz Muzeum-Zamku w \u0141a\u0144cucie. Pani Bo\u017cena przeczyta\u0142a dzieciom niezwykle ciekawe fragmenty ksi\u0105\u017cki &#8222;Duchy polskie. Przewodnik po miejscach niezwyk\u0142ych&#8221; autorstwa Zuzanny \u015aliwy, dotycz\u0105ce \u0141a\u0144cuta i &#8222;mieszkaj\u0105cych&#8221; w \u0142a\u0144cuckim Zamku duch\u00f3w. Nast\u0119pnie opowiedzia\u0142a uczniom wiele ciekawostek dotycz\u0105cych wspomnianych w ksi\u0105\u017cce postaci i historii, a tak\u017ce odpowiedzia\u0142a na wszystkie nurtuj\u0105ce m\u0142odzie\u017c pytania dotycz\u0105ce wykonywanej przez ni\u0105 pracy.<\/p>\n<p style=\"text-align: left;\" align=\"CENTER\">Obu Paniom dzi\u0119kujemy za wspania\u0142e i inspiruj\u0105ce spotkania, ogromn\u0105 dawk\u0119 wiedzy oraz zaanga\u017cowanie w promowanie czytelnictwa w\u015br\u00f3d dzieci z naszego miasta.<\/p>\n","protected":false},"excerpt":{"rendered":"<p>W ramach obchod\u00f3w XXIII Og\u00f3lnopolskiego Tygodnia Czytania Dzieciom w Pracowni [&hellip;]<\/p>\n","protected":false},"author":194,"featured_media":261,"comment_status":"open","ping_status":"closed","template":"","class_list":["post-260","news","type-news","status-publish","has-post-thumbnail","hentry"],"acf":[],"yoast_head":"<!-- This site is optimized with the Yoast SEO plugin v24.5 - https:\/\/yoast.com\/wordpress\/plugins\/seo\/ -->\n<title>Tydzie\u0144 Czytania Dzieciom w Pracowni Orange w \u0141a\u0144cucie - Pracownia Orange \u0141a\u0144cut<\/title>\n<meta name=\"robots\" content=\"index, follow, max-snippet:-1, max-image-preview:large, max-video-preview:-1\" \/>\n<link rel=\"canonical\" href=\"https:\/\/pracownieorange.pl\/lancut\/news\/tydzien-czytania-dzieciom-w-pracowni-orange-w-lancucie\/\" \/>\n<meta property=\"og:locale\" content=\"pl_PL\" \/>\n<meta property=\"og:type\" content=\"article\" \/>\n<meta property=\"og:title\" content=\"Tydzie\u0144 Czytania Dzieciom w Pracowni Orange w \u0141a\u0144cucie - Pracownia Orange \u0141a\u0144cut\" \/>\n<meta property=\"og:description\" content=\"W ramach obchod\u00f3w XXIII Og\u00f3lnopolskiego Tygodnia Czytania Dzieciom w Pracowni [&hellip;]\" \/>\n<meta property=\"og:url\" content=\"https:\/\/pracownieorange.pl\/lancut\/news\/tydzien-czytania-dzieciom-w-pracowni-orange-w-lancucie\/\" \/>\n<meta property=\"og:site_name\" content=\"Pracownia Orange \u0141a\u0144cut\" \/>\n<meta property=\"article:modified_time\" content=\"2024-06-17T13:02:10+00:00\" \/>\n<meta property=\"og:image\" content=\"https:\/\/pracownieorange.pl\/app\/uploads\/sites\/10\/2024\/06\/IMG_5990-scaled.jpg\" \/>\n\t<meta property=\"og:image:width\" content=\"2560\" \/>\n\t<meta property=\"og:image:height\" content=\"1920\" \/>\n\t<meta property=\"og:image:type\" content=\"image\/jpeg\" \/>\n<meta name=\"twitter:card\" content=\"summary_large_image\" \/>\n<meta name=\"twitter:label1\" content=\"Est. reading time\" \/>\n\t<meta name=\"twitter:data1\" content=\"2 minuty\" \/>\n<script type=\"application\/ld+json\" class=\"yoast-schema-graph\">{\"@context\":\"https:\/\/schema.org\",\"@graph\":[{\"@type\":\"WebPage\",\"@id\":\"https:\/\/pracownieorange.pl\/lancut\/news\/tydzien-czytania-dzieciom-w-pracowni-orange-w-lancucie\/\",\"url\":\"https:\/\/pracownieorange.pl\/lancut\/news\/tydzien-czytania-dzieciom-w-pracowni-orange-w-lancucie\/\",\"name\":\"Tydzie\u0144 Czytania Dzieciom w Pracowni Orange w \u0141a\u0144cucie - Pracownia Orange \u0141a\u0144cut\",\"isPartOf\":{\"@id\":\"https:\/\/pracownieorange.pl\/lancut\/#website\"},\"primaryImageOfPage\":{\"@id\":\"https:\/\/pracownieorange.pl\/lancut\/news\/tydzien-czytania-dzieciom-w-pracowni-orange-w-lancucie\/#primaryimage\"},\"image\":{\"@id\":\"https:\/\/pracownieorange.pl\/lancut\/news\/tydzien-czytania-dzieciom-w-pracowni-orange-w-lancucie\/#primaryimage\"},\"thumbnailUrl\":\"https:\/\/pracownieorange.pl\/app\/uploads\/sites\/10\/2024\/06\/IMG_5990-scaled.jpg\",\"datePublished\":\"2024-06-17T09:38:42+00:00\",\"dateModified\":\"2024-06-17T13:02:10+00:00\",\"breadcrumb\":{\"@id\":\"https:\/\/pracownieorange.pl\/lancut\/news\/tydzien-czytania-dzieciom-w-pracowni-orange-w-lancucie\/#breadcrumb\"},\"inLanguage\":\"pl-PL\",\"potentialAction\":[{\"@type\":\"ReadAction\",\"target\":[\"https:\/\/pracownieorange.pl\/lancut\/news\/tydzien-czytania-dzieciom-w-pracowni-orange-w-lancucie\/\"]}]},{\"@type\":\"ImageObject\",\"inLanguage\":\"pl-PL\",\"@id\":\"https:\/\/pracownieorange.pl\/lancut\/news\/tydzien-czytania-dzieciom-w-pracowni-orange-w-lancucie\/#primaryimage\",\"url\":\"https:\/\/pracownieorange.pl\/app\/uploads\/sites\/10\/2024\/06\/IMG_5990-scaled.jpg\",\"contentUrl\":\"https:\/\/pracownieorange.pl\/app\/uploads\/sites\/10\/2024\/06\/IMG_5990-scaled.jpg\",\"width\":2560,\"height\":1920,\"caption\":\"Pani Bo\u017cena Lauzer podczas czytania ksi\u0105\u017cki.\"},{\"@type\":\"BreadcrumbList\",\"@id\":\"https:\/\/pracownieorange.pl\/lancut\/news\/tydzien-czytania-dzieciom-w-pracowni-orange-w-lancucie\/#breadcrumb\",\"itemListElement\":[{\"@type\":\"ListItem\",\"position\":1,\"name\":\"Home\",\"item\":\"https:\/\/pracownieorange.pl\/lancut\/\"},{\"@type\":\"ListItem\",\"position\":2,\"name\":\"Aktualno\u015bci\",\"item\":\"https:\/\/pracownieorange.pl\/lancut\/news\/\"},{\"@type\":\"ListItem\",\"position\":3,\"name\":\"Tydzie\u0144 Czytania Dzieciom w Pracowni Orange w \u0141a\u0144cucie\"}]},{\"@type\":\"WebSite\",\"@id\":\"https:\/\/pracownieorange.pl\/lancut\/#website\",\"url\":\"https:\/\/pracownieorange.pl\/lancut\/\",\"name\":\"Pracownia Orange \u0141a\u0144cut\",\"description\":\"Kolejna witryna sieci &#8222;Pracownie Orange&#8221;\",\"potentialAction\":[{\"@type\":\"SearchAction\",\"target\":{\"@type\":\"EntryPoint\",\"urlTemplate\":\"https:\/\/pracownieorange.pl\/lancut\/?s={search_term_string}\"},\"query-input\":{\"@type\":\"PropertyValueSpecification\",\"valueRequired\":true,\"valueName\":\"search_term_string\"}}],\"inLanguage\":\"pl-PL\"}]}<\/script>\n<!-- \/ Yoast SEO plugin. -->","yoast_head_json":{"title":"Tydzie\u0144 Czytania Dzieciom w Pracowni Orange w \u0141a\u0144cucie - Pracownia Orange \u0141a\u0144cut","robots":{"index":"index","follow":"follow","max-snippet":"max-snippet:-1","max-image-preview":"max-image-preview:large","max-video-preview":"max-video-preview:-1"},"canonical":"https:\/\/pracownieorange.pl\/lancut\/news\/tydzien-czytania-dzieciom-w-pracowni-orange-w-lancucie\/","og_locale":"pl_PL","og_type":"article","og_title":"Tydzie\u0144 Czytania Dzieciom w Pracowni Orange w \u0141a\u0144cucie - Pracownia Orange \u0141a\u0144cut","og_description":"W ramach obchod\u00f3w XXIII Og\u00f3lnopolskiego Tygodnia Czytania Dzieciom w Pracowni [&hellip;]","og_url":"https:\/\/pracownieorange.pl\/lancut\/news\/tydzien-czytania-dzieciom-w-pracowni-orange-w-lancucie\/","og_site_name":"Pracownia Orange \u0141a\u0144cut","article_modified_time":"2024-06-17T13:02:10+00:00","og_image":[{"width":2560,"height":1920,"url":"https:\/\/pracownieorange.pl\/app\/uploads\/sites\/10\/2024\/06\/IMG_5990-scaled.jpg","type":"image\/jpeg"}],"twitter_card":"summary_large_image","twitter_misc":{"Est. reading time":"2 minuty"},"schema":{"@context":"https:\/\/schema.org","@graph":[{"@type":"WebPage","@id":"https:\/\/pracownieorange.pl\/lancut\/news\/tydzien-czytania-dzieciom-w-pracowni-orange-w-lancucie\/","url":"https:\/\/pracownieorange.pl\/lancut\/news\/tydzien-czytania-dzieciom-w-pracowni-orange-w-lancucie\/","name":"Tydzie\u0144 Czytania Dzieciom w Pracowni Orange w \u0141a\u0144cucie - Pracownia Orange \u0141a\u0144cut","isPartOf":{"@id":"https:\/\/pracownieorange.pl\/lancut\/#website"},"primaryImageOfPage":{"@id":"https:\/\/pracownieorange.pl\/lancut\/news\/tydzien-czytania-dzieciom-w-pracowni-orange-w-lancucie\/#primaryimage"},"image":{"@id":"https:\/\/pracownieorange.pl\/lancut\/news\/tydzien-czytania-dzieciom-w-pracowni-orange-w-lancucie\/#primaryimage"},"thumbnailUrl":"https:\/\/pracownieorange.pl\/app\/uploads\/sites\/10\/2024\/06\/IMG_5990-scaled.jpg","datePublished":"2024-06-17T09:38:42+00:00","dateModified":"2024-06-17T13:02:10+00:00","breadcrumb":{"@id":"https:\/\/pracownieorange.pl\/lancut\/news\/tydzien-czytania-dzieciom-w-pracowni-orange-w-lancucie\/#breadcrumb"},"inLanguage":"pl-PL","potentialAction":[{"@type":"ReadAction","target":["https:\/\/pracownieorange.pl\/lancut\/news\/tydzien-czytania-dzieciom-w-pracowni-orange-w-lancucie\/"]}]},{"@type":"ImageObject","inLanguage":"pl-PL","@id":"https:\/\/pracownieorange.pl\/lancut\/news\/tydzien-czytania-dzieciom-w-pracowni-orange-w-lancucie\/#primaryimage","url":"https:\/\/pracownieorange.pl\/app\/uploads\/sites\/10\/2024\/06\/IMG_5990-scaled.jpg","contentUrl":"https:\/\/pracownieorange.pl\/app\/uploads\/sites\/10\/2024\/06\/IMG_5990-scaled.jpg","width":2560,"height":1920,"caption":"Pani Bo\u017cena Lauzer podczas czytania ksi\u0105\u017cki."},{"@type":"BreadcrumbList","@id":"https:\/\/pracownieorange.pl\/lancut\/news\/tydzien-czytania-dzieciom-w-pracowni-orange-w-lancucie\/#breadcrumb","itemListElement":[{"@type":"ListItem","position":1,"name":"Home","item":"https:\/\/pracownieorange.pl\/lancut\/"},{"@type":"ListItem","position":2,"name":"Aktualno\u015bci","item":"https:\/\/pracownieorange.pl\/lancut\/news\/"},{"@type":"ListItem","position":3,"name":"Tydzie\u0144 Czytania Dzieciom w Pracowni Orange w \u0141a\u0144cucie"}]},{"@type":"WebSite","@id":"https:\/\/pracownieorange.pl\/lancut\/#website","url":"https:\/\/pracownieorange.pl\/lancut\/","name":"Pracownia Orange \u0141a\u0144cut","description":"Kolejna witryna sieci &#8222;Pracownie Orange&#8221;","potentialAction":[{"@type":"SearchAction","target":{"@type":"EntryPoint","urlTemplate":"https:\/\/pracownieorange.pl\/lancut\/?s={search_term_string}"},"query-input":{"@type":"PropertyValueSpecification","valueRequired":true,"valueName":"search_term_string"}}],"inLanguage":"pl-PL"}]}},"_links":{"self":[{"href":"https:\/\/pracownieorange.pl\/lancut\/wp-json\/wp\/v2\/news\/260","targetHints":{"allow":["GET"]}}],"collection":[{"href":"https:\/\/pracownieorange.pl\/lancut\/wp-json\/wp\/v2\/news"}],"about":[{"href":"https:\/\/pracownieorange.pl\/lancut\/wp-json\/wp\/v2\/types\/news"}],"author":[{"embeddable":true,"href":"https:\/\/pracownieorange.pl\/lancut\/wp-json\/wp\/v2\/users\/194"}],"replies":[{"embeddable":true,"href":"https:\/\/pracownieorange.pl\/lancut\/wp-json\/wp\/v2\/comments?post=260"}],"wp:featuredmedia":[{"embeddable":true,"href":"https:\/\/pracownieorange.pl\/lancut\/wp-json\/wp\/v2\/media\/261"}],"wp:attachment":[{"href":"https:\/\/pracownieorange.pl\/lancut\/wp-json\/wp\/v2\/media?parent=260"}],"curies":[{"name":"wp","href":"https:\/\/api.w.org\/{rel}","templated":true}]}}