

{"id":881,"date":"2025-01-28T14:12:43","date_gmt":"2025-01-28T13:12:43","guid":{"rendered":"https:\/\/pracownieorange.pl\/jaraczewo\/?post_type=news&#038;p=881"},"modified":"2025-01-29T12:39:26","modified_gmt":"2025-01-29T11:39:26","slug":"ferie-w-naszej-pracowni","status":"publish","type":"news","link":"https:\/\/pracownieorange.pl\/jaraczewo\/news\/ferie-w-naszej-pracowni\/","title":{"rendered":"Ferie w naszej Pracowni"},"content":{"rendered":"<p>Co tu robi\u0107 w ferie zimowe, gdy za oknem prawie wiosna? Nudzi\u0107 si\u0119? Przebywa\u0107 samemu w domu? Nieeee zapraszamy do naszej Pracowni Orange, kt\u00f3ra w czasie ferii dzia\u0142a jeszcze intensywniej. Pierwszy tydzie\u0144 za nami. By\u0142y planowane zaj\u0119cia mi\u0119dzypokoleniowe, gotowanie, ale i jest te\u017c czas na swobodne zabawy. W takich chwilach idealne okazuj\u0105 si\u0119 klocki i tradycyjne gry planszowe.\u00a0 Kolorowanie czy tworzenie prostych diy te\u017c przyci\u0105gaj\u0105 najm\u0142odszych.<\/p>\n<p>Pracownia sta\u0142a si\u0119 miejscem, do kt\u00f3rego ch\u0119tnie si\u0119 przychodzi by sp\u0119dzi\u0107 czas. Wsp\u00f3lne rozgrywki na PlayStation lub po prostu zwyk\u0142e pogaduchy. Cieszymy si\u0119, i\u017c uda\u0142o nam si\u0119 stworzy\u0107 przestrze\u0144, do kt\u00f3rej tak ch\u0119tnie zagl\u0105daj\u0105 nasi mieszka\u0144cy.<\/p>\n<p>&nbsp;<\/p>\n","protected":false},"excerpt":{"rendered":"<p>Co tu robi\u0107 w ferie zimowe, gdy za oknem prawie [&hellip;]<\/p>\n","protected":false},"author":221,"featured_media":885,"comment_status":"open","ping_status":"closed","template":"","class_list":["post-881","news","type-news","status-publish","has-post-thumbnail","hentry"],"acf":[],"yoast_head":"<!-- This site is optimized with the Yoast SEO plugin v24.5 - https:\/\/yoast.com\/wordpress\/plugins\/seo\/ -->\n<title>Ferie w naszej Pracowni - Pracownia Orange Jaraczewo<\/title>\n<meta name=\"robots\" content=\"index, follow, max-snippet:-1, max-image-preview:large, max-video-preview:-1\" \/>\n<link rel=\"canonical\" href=\"https:\/\/pracownieorange.pl\/jaraczewo\/news\/ferie-w-naszej-pracowni\/\" \/>\n<meta property=\"og:locale\" content=\"pl_PL\" \/>\n<meta property=\"og:type\" content=\"article\" \/>\n<meta property=\"og:title\" content=\"Ferie w naszej Pracowni - Pracownia Orange Jaraczewo\" \/>\n<meta property=\"og:description\" content=\"Co tu robi\u0107 w ferie zimowe, gdy za oknem prawie [&hellip;]\" \/>\n<meta property=\"og:url\" content=\"https:\/\/pracownieorange.pl\/jaraczewo\/news\/ferie-w-naszej-pracowni\/\" \/>\n<meta property=\"og:site_name\" content=\"Pracownia Orange Jaraczewo\" \/>\n<meta property=\"article:modified_time\" content=\"2025-01-29T11:39:26+00:00\" \/>\n<meta property=\"og:image\" content=\"https:\/\/pracownieorange.pl\/app\/uploads\/sites\/103\/2025\/01\/474957704_1011612340998781_4630514969745891837_n.jpg\" \/>\n\t<meta property=\"og:image:width\" content=\"1000\" \/>\n\t<meta property=\"og:image:height\" content=\"750\" \/>\n\t<meta property=\"og:image:type\" content=\"image\/jpeg\" \/>\n<meta name=\"twitter:card\" content=\"summary_large_image\" \/>\n<meta name=\"twitter:label1\" content=\"Est. reading time\" \/>\n\t<meta name=\"twitter:data1\" content=\"1 minuta\" \/>\n<script type=\"application\/ld+json\" class=\"yoast-schema-graph\">{\"@context\":\"https:\/\/schema.org\",\"@graph\":[{\"@type\":\"WebPage\",\"@id\":\"https:\/\/pracownieorange.pl\/jaraczewo\/news\/ferie-w-naszej-pracowni\/\",\"url\":\"https:\/\/pracownieorange.pl\/jaraczewo\/news\/ferie-w-naszej-pracowni\/\",\"name\":\"Ferie w naszej Pracowni - Pracownia Orange Jaraczewo\",\"isPartOf\":{\"@id\":\"https:\/\/pracownieorange.pl\/jaraczewo\/#website\"},\"primaryImageOfPage\":{\"@id\":\"https:\/\/pracownieorange.pl\/jaraczewo\/news\/ferie-w-naszej-pracowni\/#primaryimage\"},\"image\":{\"@id\":\"https:\/\/pracownieorange.pl\/jaraczewo\/news\/ferie-w-naszej-pracowni\/#primaryimage\"},\"thumbnailUrl\":\"https:\/\/pracownieorange.pl\/app\/uploads\/sites\/103\/2025\/01\/474957704_1011612340998781_4630514969745891837_n.jpg\",\"datePublished\":\"2025-01-28T13:12:43+00:00\",\"dateModified\":\"2025-01-29T11:39:26+00:00\",\"breadcrumb\":{\"@id\":\"https:\/\/pracownieorange.pl\/jaraczewo\/news\/ferie-w-naszej-pracowni\/#breadcrumb\"},\"inLanguage\":\"pl-PL\",\"potentialAction\":[{\"@type\":\"ReadAction\",\"target\":[\"https:\/\/pracownieorange.pl\/jaraczewo\/news\/ferie-w-naszej-pracowni\/\"]}]},{\"@type\":\"ImageObject\",\"inLanguage\":\"pl-PL\",\"@id\":\"https:\/\/pracownieorange.pl\/jaraczewo\/news\/ferie-w-naszej-pracowni\/#primaryimage\",\"url\":\"https:\/\/pracownieorange.pl\/app\/uploads\/sites\/103\/2025\/01\/474957704_1011612340998781_4630514969745891837_n.jpg\",\"contentUrl\":\"https:\/\/pracownieorange.pl\/app\/uploads\/sites\/103\/2025\/01\/474957704_1011612340998781_4630514969745891837_n.jpg\",\"width\":1000,\"height\":750,\"caption\":\"ferie 2025\"},{\"@type\":\"BreadcrumbList\",\"@id\":\"https:\/\/pracownieorange.pl\/jaraczewo\/news\/ferie-w-naszej-pracowni\/#breadcrumb\",\"itemListElement\":[{\"@type\":\"ListItem\",\"position\":1,\"name\":\"Home\",\"item\":\"https:\/\/pracownieorange.pl\/jaraczewo\/\"},{\"@type\":\"ListItem\",\"position\":2,\"name\":\"Aktualno\u015bci\",\"item\":\"https:\/\/pracownieorange.pl\/jaraczewo\/news\/\"},{\"@type\":\"ListItem\",\"position\":3,\"name\":\"Ferie w naszej Pracowni\"}]},{\"@type\":\"WebSite\",\"@id\":\"https:\/\/pracownieorange.pl\/jaraczewo\/#website\",\"url\":\"https:\/\/pracownieorange.pl\/jaraczewo\/\",\"name\":\"Pracownia Orange Jaraczewo\",\"description\":\"\",\"potentialAction\":[{\"@type\":\"SearchAction\",\"target\":{\"@type\":\"EntryPoint\",\"urlTemplate\":\"https:\/\/pracownieorange.pl\/jaraczewo\/?s={search_term_string}\"},\"query-input\":{\"@type\":\"PropertyValueSpecification\",\"valueRequired\":true,\"valueName\":\"search_term_string\"}}],\"inLanguage\":\"pl-PL\"}]}<\/script>\n<!-- \/ Yoast SEO plugin. -->","yoast_head_json":{"title":"Ferie w naszej Pracowni - Pracownia Orange Jaraczewo","robots":{"index":"index","follow":"follow","max-snippet":"max-snippet:-1","max-image-preview":"max-image-preview:large","max-video-preview":"max-video-preview:-1"},"canonical":"https:\/\/pracownieorange.pl\/jaraczewo\/news\/ferie-w-naszej-pracowni\/","og_locale":"pl_PL","og_type":"article","og_title":"Ferie w naszej Pracowni - Pracownia Orange Jaraczewo","og_description":"Co tu robi\u0107 w ferie zimowe, gdy za oknem prawie [&hellip;]","og_url":"https:\/\/pracownieorange.pl\/jaraczewo\/news\/ferie-w-naszej-pracowni\/","og_site_name":"Pracownia Orange Jaraczewo","article_modified_time":"2025-01-29T11:39:26+00:00","og_image":[{"width":1000,"height":750,"url":"https:\/\/pracownieorange.pl\/app\/uploads\/sites\/103\/2025\/01\/474957704_1011612340998781_4630514969745891837_n.jpg","type":"image\/jpeg"}],"twitter_card":"summary_large_image","twitter_misc":{"Est. reading time":"1 minuta"},"schema":{"@context":"https:\/\/schema.org","@graph":[{"@type":"WebPage","@id":"https:\/\/pracownieorange.pl\/jaraczewo\/news\/ferie-w-naszej-pracowni\/","url":"https:\/\/pracownieorange.pl\/jaraczewo\/news\/ferie-w-naszej-pracowni\/","name":"Ferie w naszej Pracowni - Pracownia Orange Jaraczewo","isPartOf":{"@id":"https:\/\/pracownieorange.pl\/jaraczewo\/#website"},"primaryImageOfPage":{"@id":"https:\/\/pracownieorange.pl\/jaraczewo\/news\/ferie-w-naszej-pracowni\/#primaryimage"},"image":{"@id":"https:\/\/pracownieorange.pl\/jaraczewo\/news\/ferie-w-naszej-pracowni\/#primaryimage"},"thumbnailUrl":"https:\/\/pracownieorange.pl\/app\/uploads\/sites\/103\/2025\/01\/474957704_1011612340998781_4630514969745891837_n.jpg","datePublished":"2025-01-28T13:12:43+00:00","dateModified":"2025-01-29T11:39:26+00:00","breadcrumb":{"@id":"https:\/\/pracownieorange.pl\/jaraczewo\/news\/ferie-w-naszej-pracowni\/#breadcrumb"},"inLanguage":"pl-PL","potentialAction":[{"@type":"ReadAction","target":["https:\/\/pracownieorange.pl\/jaraczewo\/news\/ferie-w-naszej-pracowni\/"]}]},{"@type":"ImageObject","inLanguage":"pl-PL","@id":"https:\/\/pracownieorange.pl\/jaraczewo\/news\/ferie-w-naszej-pracowni\/#primaryimage","url":"https:\/\/pracownieorange.pl\/app\/uploads\/sites\/103\/2025\/01\/474957704_1011612340998781_4630514969745891837_n.jpg","contentUrl":"https:\/\/pracownieorange.pl\/app\/uploads\/sites\/103\/2025\/01\/474957704_1011612340998781_4630514969745891837_n.jpg","width":1000,"height":750,"caption":"ferie 2025"},{"@type":"BreadcrumbList","@id":"https:\/\/pracownieorange.pl\/jaraczewo\/news\/ferie-w-naszej-pracowni\/#breadcrumb","itemListElement":[{"@type":"ListItem","position":1,"name":"Home","item":"https:\/\/pracownieorange.pl\/jaraczewo\/"},{"@type":"ListItem","position":2,"name":"Aktualno\u015bci","item":"https:\/\/pracownieorange.pl\/jaraczewo\/news\/"},{"@type":"ListItem","position":3,"name":"Ferie w naszej Pracowni"}]},{"@type":"WebSite","@id":"https:\/\/pracownieorange.pl\/jaraczewo\/#website","url":"https:\/\/pracownieorange.pl\/jaraczewo\/","name":"Pracownia Orange Jaraczewo","description":"","potentialAction":[{"@type":"SearchAction","target":{"@type":"EntryPoint","urlTemplate":"https:\/\/pracownieorange.pl\/jaraczewo\/?s={search_term_string}"},"query-input":{"@type":"PropertyValueSpecification","valueRequired":true,"valueName":"search_term_string"}}],"inLanguage":"pl-PL"}]}},"_links":{"self":[{"href":"https:\/\/pracownieorange.pl\/jaraczewo\/wp-json\/wp\/v2\/news\/881","targetHints":{"allow":["GET"]}}],"collection":[{"href":"https:\/\/pracownieorange.pl\/jaraczewo\/wp-json\/wp\/v2\/news"}],"about":[{"href":"https:\/\/pracownieorange.pl\/jaraczewo\/wp-json\/wp\/v2\/types\/news"}],"author":[{"embeddable":true,"href":"https:\/\/pracownieorange.pl\/jaraczewo\/wp-json\/wp\/v2\/users\/221"}],"replies":[{"embeddable":true,"href":"https:\/\/pracownieorange.pl\/jaraczewo\/wp-json\/wp\/v2\/comments?post=881"}],"wp:featuredmedia":[{"embeddable":true,"href":"https:\/\/pracownieorange.pl\/jaraczewo\/wp-json\/wp\/v2\/media\/885"}],"wp:attachment":[{"href":"https:\/\/pracownieorange.pl\/jaraczewo\/wp-json\/wp\/v2\/media?parent=881"}],"curies":[{"name":"wp","href":"https:\/\/api.w.org\/{rel}","templated":true}]}}